{"id":3691,"date":"2021-01-21T07:53:47","date_gmt":"2021-01-21T07:53:47","guid":{"rendered":"https:\/\/tabouleinfos.com\/?p=3691"},"modified":"2021-01-21T07:55:52","modified_gmt":"2021-01-21T07:55:52","slug":"amanda-gorman-la-jeune-poete-qui-a-illumine-linvestiture-de-biden","status":"publish","type":"post","link":"https:\/\/tabouleinfos.com\/index.php\/amanda-gorman-la-jeune-poete-qui-a-illumine-linvestiture-de-biden\/","title":{"rendered":"Amanda Gorman, la jeune po\u00e8te qui a illumin\u00e9 l&rsquo;investiture de Biden"},"content":{"rendered":"<p><span style=\"font-size: 14pt\"><strong>\u00c0 seulement 22 ans, la po\u00e8te afro-am\u00e9ricaine Amanda Gorman a marqu\u00e9 mercredi la c\u00e9r\u00e9monie d\u2019investiture de Joe Biden avec son po\u00e8me\u00a0The Hill We Climb\u00a0(La colline que nous gravissons). Elle est la plus jeune po\u00e8te \u00e0 avoir \u00e9t\u00e9 invit\u00e9e \u00e0 clamer ses vers dans l\u2019histoire de l\u2019investiture \u00e0 la pr\u00e9sidence am\u00e9ricaine.<\/strong><\/span><\/p>\n<p><span style=\"font-size: 14pt\">Avec son vibrant po\u00e8me compos\u00e9 sur le th\u00e8me de l\u2019unit\u00e9 nationale, Amanda Gorman a succ\u00e9d\u00e9 aux po\u00e8tes Maya Angelou, Robert Frost et Miller Williams, qui ont perp\u00e9tu\u00e9 cette tradition inaugur\u00e9e lors de l\u2019investiture de Kennedy en\u00a01961.\u00a0<\/span><\/p>\n<p><em><strong><span style=\"font-size: 14pt\">\u00ab Nous allons transformer ce monde bless\u00e9 en un autre, merveilleux, a-t-elle d\u00e9clar\u00e9 sans nier les d\u00e9fis du pr\u00e9sent. Il y a toujours de la lumi\u00e8re si nous sommes assez courageux pour la voir.\u00bb<\/span><\/strong><\/em><\/p>\n<p><span style=\"font-size: 14pt\">C\u2019est Jill Biden qui a convaincu l\u2019\u00e9quipe organisatrice de la c\u00e9r\u00e9monie de faire appel \u00e0 Amanda Gorman. La nouvelle premi\u00e8re dame a d\u00e9couvert le talent de cette po\u00e8te lors d\u2019une lecture que cette derni\u00e8re a donn\u00e9e en 2017 \u00e0 la biblioth\u00e8que du Congr\u00e8s.\u00a0<\/span><\/p>\n<p><span style=\"font-size: 14pt\"><strong>\u00c0 la d\u00e9fense de la d\u00e9mocratie<\/strong><\/span><\/p>\n<p><span style=\"font-size: 14pt\">Amanda Gorman a \u00e9crit en toute libert\u00e9\u00a0The Hill We Climb, avec pour seule consigne d\u2019\u00e9voquer l\u2019unit\u00e9 et l\u2019espoir.\u00a0<\/span><\/p>\n<p><span style=\"font-size: 14pt\"><strong><em>\u00ab\u00a0L\u2019Am\u00e9rique est en d\u00e9sordre, a-t-elle r\u00e9cemment expliqu\u00e9 au journal\u00a0Los Angeles Times.\u00a0Je dois reconna\u00eetre cela dans le po\u00e8me. Je ne peux pas l\u2019ignorer ou l\u2019effacer. J\u2019ai donc \u00e9crit un po\u00e8me pour l\u2019investiture qui reconna\u00eet ces cicatrices et ces blessures. J\u2019esp\u00e8re qu\u2019il nous am\u00e8nera \u00e0 les gu\u00e9rir.\u00bb<\/em><\/strong><\/span><\/p>\n<p><span style=\"font-size: 14pt\">Elle a eu du mal \u00e0 terminer son po\u00e8me jusqu\u2019\u00e0 l\u2019insurrection du Capitole le 6\u00a0janvier dernier, qui lui a donn\u00e9 l\u2019inspiration finale.\u00a0<\/span><\/p>\n<p><span style=\"font-size: 14pt\"><strong><em>\u00ab\u00a0Cet effort a presque r\u00e9ussi, mais si la d\u00e9mocratie peut-\u00eatre par instant retard\u00e9e, elle ne peut pas \u00eatre d\u00e9finitivement supprim\u00e9e, a-t-elle d\u00e9clar\u00e9 mercredi dans son po\u00e8me.\u00bb<\/em><\/strong><\/span><\/p>\n<p><span style=\"font-size: 14pt\"><span style=\"color: #0000ff\">Lire aussi :<\/span>\u00a0<span style=\"color: #0000ff\"><a style=\"color: #0000ff\" href=\"https:\/\/tabouleinfos.com\/index.php\/investiture-de-joe-biden-jennifer-lopez-et-lady-gaga-etaient-au-rendez-vous\/\">Investiture de Joe Biden\u00a0: Jennifer Lopez et Lady Gaga y \u00e9taient !<\/a><\/span><\/span><\/p>\n<p><span style=\"font-size: 14pt\">Amanda Gorman a \u00e9galement d\u00fb surmonter le d\u00e9faut d\u2019\u00e9locution dont elle souffre; elle a notamment de la difficult\u00e9 \u00e0 prononcer la lettre R.\u00a0Mais je ne vois pas ce handicap comme une faiblesse, a-t-elle pr\u00e9cis\u00e9 au\u00a0Los Angeles Times.\u00a0\u00a0<\/span><\/p>\n<p><span style=\"font-size: 14pt\">Pour l\u2019aider \u00e0 mettre en mots\u00a0<strong>The Hill We Climb<\/strong>, la jeune femme a notamment \u00e9cout\u00e9 les bandes sonores de la s\u00e9rie\u00a0<strong>The Crown<\/strong>, du film\u00a0Lincoln\u00a0ou encore de la com\u00e9die musicale\u00a0Hamilton.\u00a0<\/span><\/p>\n<p><span style=\"font-size: 14pt\"><strong>Une r\u00e9ussite pr\u00e9coce<\/strong><\/span><\/p>\n<p><span style=\"font-size: 14pt\">\u00c9lev\u00e9e \u00e0 Los Angeles par sa m\u00e8re enseignante, Amanda Gorman a remport\u00e9 le concours des jeunes po\u00e8tes de Los Angeles en\u00a02014, puis le concours national des jeunes po\u00e8tes en\u00a02017.<\/span><\/p>\n<p><span style=\"font-size: 14pt\">D\u00e9non\u00e7ant le racisme ou encore la violence sexuelle, sa plume se fait souvent militante. D\u2019ailleurs, en\u00a02017, Nike lui a confi\u00e9 l\u2019\u00e9criture d\u2019un po\u00e8me manifeste pour c\u00e9l\u00e9brer les athl\u00e8tes de la communaut\u00e9 noire.\u00a0<\/span><\/p>\n<p><span style=\"font-size: 14pt\">Dipl\u00f4m\u00e9e de l\u2019Universit\u00e9 Harvard en sociologie, elle ambitionne d\u2019entrer en politique.\u00a0<strong><em>\u00ab\u00a0En 2036, je serai candidate \u00e0 l\u2019\u00e9lection pr\u00e9sidentielle am\u00e9ricaine, alors vous pouvez mettre \u00e7a dans votre calendrier iCloud,\u00bb<\/em><\/strong> avait-elle affirm\u00e9 au\u00a0New York Times\u00a0en\u00a02017.<\/span><\/p>\n<p><span style=\"font-size: 14pt\">En septembre, la jeune femme publiera\u00a0<strong>The Hill We Climb<\/strong>, qui inclura son po\u00e8me, et\u00a0<strong>Change Sings<\/strong>, un livre pour enfants.\u00a0<\/span><\/p>\n<p><span style=\"font-size: 14pt\">A lire sur\u00a0: <a href=\"https:\/\/ici.radio-canada.ca\/nouvelle\/1764647\/amanda-gorman-poete-investiture-biden\"><strong>radio-canada<\/strong><\/a><\/span><\/p>\n<p>&nbsp;<\/p>\n","protected":false},"excerpt":{"rendered":"<p>\u00c0 seulement 22 ans, la po\u00e8te afro-am\u00e9ricaine Amanda Gorman a marqu\u00e9 mercredi la c\u00e9r\u00e9monie d\u2019investiture de Joe Biden avec son po\u00e8me\u00a0The Hill We Climb\u00a0(La colline que nous gravissons). Elle est la plus jeune po\u00e8te \u00e0 avoir \u00e9t\u00e9 invit\u00e9e \u00e0 clamer ses vers dans l\u2019histoire de l\u2019investiture \u00e0 la pr\u00e9sidence am\u00e9ricaine. Avec son vibrant po\u00e8me compos\u00e9 [&hellip;]<\/p>\n","protected":false},"author":2,"featured_media":3692,"comment_status":"open","ping_status":"open","sticky":false,"template":"","format":"standard","meta":{"footnotes":""},"categories":[26,2],"tags":[],"class_list":{"0":"post-3691","1":"post","2":"type-post","3":"status-publish","4":"format-standard","5":"has-post-thumbnail","7":"category-decouverte","8":"category-featured"},"_links":{"self":[{"href":"https:\/\/tabouleinfos.com\/index.php\/wp-json\/wp\/v2\/posts\/3691","targetHints":{"allow":["GET"]}}],"collection":[{"href":"https:\/\/tabouleinfos.com\/index.php\/wp-json\/wp\/v2\/posts"}],"about":[{"href":"https:\/\/tabouleinfos.com\/index.php\/wp-json\/wp\/v2\/types\/post"}],"author":[{"embeddable":true,"href":"https:\/\/tabouleinfos.com\/index.php\/wp-json\/wp\/v2\/users\/2"}],"replies":[{"embeddable":true,"href":"https:\/\/tabouleinfos.com\/index.php\/wp-json\/wp\/v2\/comments?post=3691"}],"version-history":[{"count":0,"href":"https:\/\/tabouleinfos.com\/index.php\/wp-json\/wp\/v2\/posts\/3691\/revisions"}],"wp:featuredmedia":[{"embeddable":true,"href":"https:\/\/tabouleinfos.com\/index.php\/wp-json\/wp\/v2\/media\/3692"}],"wp:attachment":[{"href":"https:\/\/tabouleinfos.com\/index.php\/wp-json\/wp\/v2\/media?parent=3691"}],"wp:term":[{"taxonomy":"category","embeddable":true,"href":"https:\/\/tabouleinfos.com\/index.php\/wp-json\/wp\/v2\/categories?post=3691"},{"taxonomy":"post_tag","embeddable":true,"href":"https:\/\/tabouleinfos.com\/index.php\/wp-json\/wp\/v2\/tags?post=3691"}],"curies":[{"name":"wp","href":"https:\/\/api.w.org\/{rel}","templated":true}]}}