{"id":3807,"date":"2021-01-28T11:16:17","date_gmt":"2021-01-28T11:16:17","guid":{"rendered":"https:\/\/tabouleinfos.com\/?p=3807"},"modified":"2021-01-28T11:16:17","modified_gmt":"2021-01-28T11:16:17","slug":"facebook-veut-moins-de-politique-sur-sa-plateforme","status":"publish","type":"post","link":"https:\/\/tabouleinfos.com\/index.php\/facebook-veut-moins-de-politique-sur-sa-plateforme\/","title":{"rendered":"Facebook veut moins de politique sur sa plateforme"},"content":{"rendered":"<p><span style=\"font-size: 14pt\"><strong>Mark Zuckerberg, le patron de Facebook a indiqu\u00e9 mercredi 27 janvier que la plateforme ne recommanderait plus \u00e0 ses utilisateurs les groupes militants ou politiques. Cette mesure avait d\u00e9j\u00e0 \u00e9t\u00e9 prise aux \u00c9tats-Unis cet automne pour juguler les tensions li\u00e9es \u00e0 l&rsquo;\u00e9lection pr\u00e9sidentielle.<\/strong><\/span><\/p>\n<p><span style=\"font-size: 14pt\">Le r\u00e9seau social, qui a jou\u00e9 un r\u00f4le majeur dans les printemps arabes il y a dix ans, souhaite d\u00e9sormais r\u00e9inventer son image. Facebook veut s&rsquo;\u00e9loigner des controverses et scandales politiques qui rythment son quotidien depuis\u00a0<strong>l&rsquo;\u00e9lection de Donald Trump<\/strong>\u00a0et le <strong>Brexit en 2016<\/strong>. Le site avait aussi \u00e9t\u00e9 mis en cause dans les pers\u00e9cutions de <strong>la\u00a0minorit\u00e9 rohingya en Birmanie<\/strong>.<\/span><\/p>\n<p><span style=\"font-size: 14pt\"><strong><em>\u00ab\u00a0Nous avons arr\u00eat\u00e9 de recommander les groupes militants ou politiques aux \u00c9tats-Unis, \u00e0 l&rsquo;approche des \u00e9lections, et nous avons maintenant l&rsquo;intention d&rsquo;\u00e9tendre cette r\u00e8gle au monde entier\u00a0\u00bb,<\/em><\/strong> a d\u00e9clar\u00e9\u00a0<strong>Mark Zuckerberg<\/strong>\u00a0lors de la pr\u00e9sentation des r\u00e9sultats trimestriels du g\u00e9ant des r\u00e9seaux sociaux. Son objectif est de <strong><em>\u00ab\u00a0calmer le jeu et d\u00e9courager les conversations clivantes\u00a0\u00bb.<\/em><\/strong><\/span><\/p>\n<p><span style=\"font-size: 14pt\">Dans le communiqu\u00e9 publi\u00e9 auparavant, il se disait \u00ab\u00a0enthousiaste\u00a0\u00bb \u00e0 l&rsquo;id\u00e9e de concevoir, en 2021, <strong><em>\u00ab\u00a0des moyens de cr\u00e9er des opportunit\u00e9s \u00e9conomiques, de construire des communaut\u00e9s et d&rsquo;aider les gens \u00e0 simplement s&rsquo;amuser\u00a0\u00bb.<\/em><\/strong><\/span><\/p>\n<p><span style=\"font-size: 14pt\"><strong>Un profit en hausse mais une mod\u00e9ration \u00e0 la peine<\/strong><\/span><\/p>\n<p><span style=\"font-size: 14pt\">Le groupe californien a r\u00e9alis\u00e9 pr\u00e8s de 86\u00a0milliards de dollars de chiffre d&rsquo;affaires sur l&rsquo;ann\u00e9e, et d\u00e9gag\u00e9 plus de 29\u00a0milliards de profit, en hausse de 58\u00a0%, malgr\u00e9 la pand\u00e9mie, un boycott des marques cet \u00e9t\u00e9 et des tensions importantes avec la soci\u00e9t\u00e9 civile, les \u00e9lus et les autorit\u00e9s.<\/span><\/p>\n<p><span style=\"font-size: 14pt\">Facebook a fait face en multipliant les mesures pour mieux mod\u00e9rer les contenus et juguler la d\u00e9sinformation, sans parvenir \u00e0 satisfaire de nombreuses organisations antiracistes ou de d\u00e9fense des droits et libert\u00e9s en g\u00e9n\u00e9ral. \u00ab\u00a0En septembre, nous avons annonc\u00e9 avoir retir\u00e9 plus d&rsquo;un million de groupes en un an\u00a0\u00bb, a rappel\u00e9 Mark Zuckerberg. \u00ab\u00a0Mais il y a aussi de nombreux groupes que nous ne voulons pas encourager les gens \u00e0 rejoindre m\u00eame s&rsquo;ils n&rsquo;enfreignent pas nos r\u00e8glements\u00a0\u00bb.<\/span><\/p>\n<p><span style=\"font-size: 14pt\"><strong>R\u00e9duire la visibilit\u00e9 du contenu politique<\/strong><\/span><\/p>\n<p><span style=\"font-size: 14pt\">Le fondateur du g\u00e9ant des plateformes a ajout\u00e9 que ses \u00e9quipes cherchaient aussi des moyens de r\u00e9duire la visibilit\u00e9 des contenus politiques sur le fil central des utilisateurs. <strong><em>\u00ab\u00a0Bien s\u00fbr, il sera toujours possible de participer \u00e0 des discussions et groupes politiques, pour ceux qui le souhaitent\u00a0\u00bb<\/em><\/strong>, a pr\u00e9cis\u00e9 le milliardaire.<\/span><\/p>\n<p><span style=\"font-size: 14pt\"><strong><em>\u00ab\u00a0L&rsquo;un des principaux retours de notre communaut\u00e9 en ce moment est que les gens ne veulent pas que la politique et les luttes prennent le pas sur le reste quand ils utilisent nos services\u00a0\u00bb<\/em><\/strong>, a-t-il justifi\u00e9.<\/span><\/p>\n<p><span style=\"font-size: 14pt\">(avec AFP)<\/span><\/p>\n<p><span style=\"font-size: 14pt\">A lire sur\u00a0: <a href=\"https:\/\/www.rfi.fr\/fr\/technologies\/20210128-facebook-veut-moins-de-politique-sur-sa-plateforme\"><strong>rfi.fr<\/strong><\/a><\/span><\/p>\n<p>&nbsp;<\/p>\n","protected":false},"excerpt":{"rendered":"<p>Mark Zuckerberg, le patron de Facebook a indiqu\u00e9 mercredi 27 janvier que la plateforme ne recommanderait plus \u00e0 ses utilisateurs les groupes militants ou politiques. Cette mesure avait d\u00e9j\u00e0 \u00e9t\u00e9 prise aux \u00c9tats-Unis cet automne pour juguler les tensions li\u00e9es \u00e0 l&rsquo;\u00e9lection pr\u00e9sidentielle. Le r\u00e9seau social, qui a jou\u00e9 un r\u00f4le majeur dans les printemps [&hellip;]<\/p>\n","protected":false},"author":2,"featured_media":3808,"comment_status":"open","ping_status":"open","sticky":false,"template":"","format":"standard","meta":{"footnotes":""},"categories":[2,25],"tags":[],"class_list":{"0":"post-3807","1":"post","2":"type-post","3":"status-publish","4":"format-standard","5":"has-post-thumbnail","7":"category-featured","8":"category-news"},"_links":{"self":[{"href":"https:\/\/tabouleinfos.com\/index.php\/wp-json\/wp\/v2\/posts\/3807","targetHints":{"allow":["GET"]}}],"collection":[{"href":"https:\/\/tabouleinfos.com\/index.php\/wp-json\/wp\/v2\/posts"}],"about":[{"href":"https:\/\/tabouleinfos.com\/index.php\/wp-json\/wp\/v2\/types\/post"}],"author":[{"embeddable":true,"href":"https:\/\/tabouleinfos.com\/index.php\/wp-json\/wp\/v2\/users\/2"}],"replies":[{"embeddable":true,"href":"https:\/\/tabouleinfos.com\/index.php\/wp-json\/wp\/v2\/comments?post=3807"}],"version-history":[{"count":0,"href":"https:\/\/tabouleinfos.com\/index.php\/wp-json\/wp\/v2\/posts\/3807\/revisions"}],"wp:featuredmedia":[{"embeddable":true,"href":"https:\/\/tabouleinfos.com\/index.php\/wp-json\/wp\/v2\/media\/3808"}],"wp:attachment":[{"href":"https:\/\/tabouleinfos.com\/index.php\/wp-json\/wp\/v2\/media?parent=3807"}],"wp:term":[{"taxonomy":"category","embeddable":true,"href":"https:\/\/tabouleinfos.com\/index.php\/wp-json\/wp\/v2\/categories?post=3807"},{"taxonomy":"post_tag","embeddable":true,"href":"https:\/\/tabouleinfos.com\/index.php\/wp-json\/wp\/v2\/tags?post=3807"}],"curies":[{"name":"wp","href":"https:\/\/api.w.org\/{rel}","templated":true}]}}