{"id":3854,"date":"2021-02-02T17:38:02","date_gmt":"2021-02-02T17:38:02","guid":{"rendered":"https:\/\/tabouleinfos.com\/?p=3854"},"modified":"2021-02-02T17:50:49","modified_gmt":"2021-02-02T17:50:49","slug":"la-nouvelle-ministre-de-la-culture-devoile-ses-priorites","status":"publish","type":"post","link":"https:\/\/tabouleinfos.com\/index.php\/la-nouvelle-ministre-de-la-culture-devoile-ses-priorites\/","title":{"rendered":"La nouvelle Ministre de la Culture\u2026\u00a0d\u00e9voile ses priorit\u00e9s !"},"content":{"rendered":"<p><span style=\"font-size: 14pt\"><strong>La nouvelle ministre de la Culture et du Patrimoine Historique, Sona Konat\u00e9 a pris fonction, ce mardi 2 f\u00e9vrier 2021. La c\u00e9r\u00e9monie de passation de service entre la ministre entrante et sortant a \u00e9t\u00e9 pr\u00e9sid\u00e9e par le ministre d\u2019Etat secr\u00e9taire g\u00e9n\u00e9ral \u00e0 la Pr\u00e9sidence de la R\u00e9publique, Naby Youssouf Kiridi Bangoura.<\/strong><\/span><\/p>\n<p><span style=\"font-size: 14pt\">A cette occasion, Sona Konat\u00e9 a d\u2019abord remerci\u00e9 le ministre sortant :\u00ab mon cher Bantama Sow, vous pouvez \u00eatre fier pour tout ce que vous avez fait pour la culture et le patrimoine historique (\u2026)\u00bb<\/span><\/p>\n<p><span style=\"font-size: 14pt\">Dans son intervention, Sona Konat\u00e9 n\u2019a pas manqu\u00e9 de r\u00e9v\u00e9ler les grands d\u00e9fis qui l\u2019attendent, notamment\u00a0: \u00ab\u00a0comment int\u00e9grer la culture comme une composante essentielle de la croissance \u00e9conomique en tant que secteur participant \u00e0 la cr\u00e9ation d\u2019emplois, d\u2019activit\u00e9s g\u00e9n\u00e9ratrices de revenus et de renforcement du capital humain dans la perspective durable? Comment renforcer la dynamique de valorisation du patrimoine culturel national afin de la rendre efficiente? Comment renforcer la dynamique de valorisation du patrimoine culturel national afin de rendre efficiente l\u2019appropriation de nos valeurs identitaires nationales en particulier pour les jeunes? Comment promouvoir et favoriser la libert\u00e9 cr\u00e9atrice et la diversit\u00e9 des expressions culturelles nationales dans un monde globalis\u00e9?\u00bb<\/span><\/p>\n<p><span style=\"font-size: 14pt\">\u00ab\u00a0la vulgarisation et l\u2019appropriation de la politique culturelle, l\u2019investissement dans les infrastructures culturelles telles que le palais de la culture, le mus\u00e9e national, les sites et monuments historiques, les complexes culturels r\u00e9gionaux, la redynamisation de l\u2019organisation des quinzaines artistiques r\u00e9gionales et du Festival des arts et de la culture, le d\u00e9veloppement de l\u2019industrie culturelle et cr\u00e9ative, l\u2019op\u00e9rationnalisation effective \u00e0 br\u00e8ve \u00e9ch\u00e9ance sur toute l\u2019\u00e9tendue du territoire national du Fonds de d\u00e9veloppement des arts et de la culture mis en place r\u00e9cemment en tant que m\u00e9canisme sp\u00e9cifique de financement de la culture, la mise en application effective de la loi L063 sur la protection, la conservation et la mise en valeur du patrimoine national ainsi que celle sur la propri\u00e9t\u00e9 litt\u00e9raire et artistique\u00a0\u00bb, a-t-elle promis.<\/span><\/p>\n<p><span style=\"font-size: 14pt\">Pour atteindre les diff\u00e9rents objectifs qu\u2019elle s\u2019est fix\u00e9e\u00a0: \u00ab\u00a0je m\u2019engage en comptant sur la comp\u00e9tence, sur l\u2019esprit d\u2019\u00e9quipe et l\u2019engagement de l\u2019ensemble de mes collaborateurs et du monde de la culture, \u00e0 poursuivre les actions de mani\u00e8re \u00e0 traduire dans la r\u00e9alit\u00e9 de tous les jours, la volont\u00e9 maintes fois exprim\u00e9e de M. le pr\u00e9sident de la R\u00e9publique de voir la Guin\u00e9e redevenir le p\u00f4le d\u2019excellence et d\u2019effervescence culturelle qu\u2019elle a \u00e9t\u00e9 jadis.\u00bb<\/span><\/p>\n<p><span style=\"font-size: 14pt\"><strong>Tabouleinfos.com<\/strong><\/span><\/p>\n","protected":false},"excerpt":{"rendered":"<p>La nouvelle ministre de la Culture et du Patrimoine Historique, Sona Konat\u00e9 a pris fonction, ce mardi 2 f\u00e9vrier 2021. La c\u00e9r\u00e9monie de passation de service entre la ministre entrante et sortant a \u00e9t\u00e9 pr\u00e9sid\u00e9e par le ministre d\u2019Etat secr\u00e9taire g\u00e9n\u00e9ral \u00e0 la Pr\u00e9sidence de la R\u00e9publique, Naby Youssouf Kiridi Bangoura. A cette occasion, Sona [&hellip;]<\/p>\n","protected":false},"author":2,"featured_media":3855,"comment_status":"open","ping_status":"open","sticky":false,"template":"","format":"standard","meta":{"footnotes":""},"categories":[2,25],"tags":[],"class_list":{"0":"post-3854","1":"post","2":"type-post","3":"status-publish","4":"format-standard","5":"has-post-thumbnail","7":"category-featured","8":"category-news"},"_links":{"self":[{"href":"https:\/\/tabouleinfos.com\/index.php\/wp-json\/wp\/v2\/posts\/3854","targetHints":{"allow":["GET"]}}],"collection":[{"href":"https:\/\/tabouleinfos.com\/index.php\/wp-json\/wp\/v2\/posts"}],"about":[{"href":"https:\/\/tabouleinfos.com\/index.php\/wp-json\/wp\/v2\/types\/post"}],"author":[{"embeddable":true,"href":"https:\/\/tabouleinfos.com\/index.php\/wp-json\/wp\/v2\/users\/2"}],"replies":[{"embeddable":true,"href":"https:\/\/tabouleinfos.com\/index.php\/wp-json\/wp\/v2\/comments?post=3854"}],"version-history":[{"count":0,"href":"https:\/\/tabouleinfos.com\/index.php\/wp-json\/wp\/v2\/posts\/3854\/revisions"}],"wp:featuredmedia":[{"embeddable":true,"href":"https:\/\/tabouleinfos.com\/index.php\/wp-json\/wp\/v2\/media\/3855"}],"wp:attachment":[{"href":"https:\/\/tabouleinfos.com\/index.php\/wp-json\/wp\/v2\/media?parent=3854"}],"wp:term":[{"taxonomy":"category","embeddable":true,"href":"https:\/\/tabouleinfos.com\/index.php\/wp-json\/wp\/v2\/categories?post=3854"},{"taxonomy":"post_tag","embeddable":true,"href":"https:\/\/tabouleinfos.com\/index.php\/wp-json\/wp\/v2\/tags?post=3854"}],"curies":[{"name":"wp","href":"https:\/\/api.w.org\/{rel}","templated":true}]}}