{"id":393,"date":"2020-05-28T17:38:59","date_gmt":"2020-05-28T16:38:59","guid":{"rendered":"https:\/\/tabouleinfos.com\/sibeth-ndiaye-melange-confinement-et-vacances-scolaires\/"},"modified":"2020-05-28T18:10:54","modified_gmt":"2020-05-28T17:10:54","slug":"sibeth-ndiaye-melange-confinement-et-vacances-scolaires","status":"publish","type":"post","link":"https:\/\/tabouleinfos.com\/index.php\/sibeth-ndiaye-melange-confinement-et-vacances-scolaires\/","title":{"rendered":"Sibeth Ndiaye m\u00e9lange confinement et vacances scolaires"},"content":{"rendered":"<p><\/p>\n<div>\n<p>Aurait-elle mal appris sa le\u00e7on ? Ce mercredi 25 mars, la porte-parole du gouvernement, Sibeth Ndiaye, a maladroitement d\u00e9clar\u00e9 qu\u2019en cette p\u00e9riode d\u2019\u00e9pid\u00e9mie de Covid-19, les enseignants ne \u201c<em>travaill[aient] pas compte tenu de la fermeture des \u00e9coles<\/em>\u201d, confondant manifestement confinement et vacances scolaires. Faut-il le rappeler ? Bien que les \u00e9tablissements scolaires soient ferm\u00e9s depuis le 16 mars, les enseignants remplissent tant bien que mal leur office en t\u00e9l\u00e9travail. Deux heures plus tard, la secr\u00e9taire d&rsquo;Etat aupr\u00e8s du Premier ministre <a href=\"https:\/\/twitter.com\/SibethNdiaye\/status\/1242839067068334080\" target=\"_blank\" rel=\"noopener noreferrer\">s&rsquo;est d&rsquo;ailleurs excus\u00e9e dans un tweet<\/a>, reconnaissant sa maladresse : \u00ab\u00a0<i>Mea culpa. Mon exemple n&rsquo;\u00e9tait vraiment pas le bon. Je suis la premi\u00e8re \u00e0 mesurer combien l&rsquo;engagement quotidien des professeurs est exceptionnel.<\/i>\u00ab\u00a0<\/p>\n<blockquote class=\"twitter-tweet\" data-width=\"550\" data-lang=\"en\" data-related=\"milesplit\">\n<p>Aide aux agriculteurs: \u00ab\u00a0Nous n&rsquo;entendons pas demander \u00e0 un enseignant qui aujourd&rsquo;hui ne travaille pas de traverser toute la France pour aller r\u00e9colter des fraises\u00a0\u00bb, pr\u00e9cise Sibeth Ndiaye, porte-parole du gouvernement <a href=\"https:\/\/t.co\/RYvrdw9z4c\">pic.twitter.com\/RYvrdw9z4c<\/a><br \/>\u2014 BFMTV (@BFMTV) <a href=\"https:\/\/twitter.com\/BFMTV\/status\/1242810900387631106?ref_src=twsrc%5Etfw\">March 25, 2020<\/a><\/p>\n<\/blockquote>\n<p>Interrog\u00e9e en conf\u00e9rence de presse sur l\u2019appel lanc\u00e9 mardi par le ministre de l\u2019Agriculture, Didier Guillaume, \u00e0 \u00ab\u00a0<i>l&rsquo;arm\u00e9e de l&rsquo;ombre des hommes et des femmes<\/i>\u00a0\u00bb qui \u00ab\u00a0<i>n&rsquo;ont plus d&rsquo;activit\u00e9<\/i>\u00a0\u00bb en raison de la crise du coronavirus, afin qu\u2019ils \u00ab\u00a0<i>rejoi[gnent] la grande arm\u00e9e de l&rsquo;agriculture fran\u00e7aise<\/i>\u00ab\u00a0, en qu\u00eate de main-d&rsquo;oeuvre pour les r\u00e9coltes, la porte-parole du gouvernement s\u2019est pris les pieds dans le tapis.<\/p>\n<h2 class=\"wysiwyg__h2\">\u00ab\u00a0aller r\u00e9colter des fraises gariguettes\u00a0\u00bb<\/h2>\n<p>L\u2019appel de son coll\u00e8gue \u201c<em>avait vocation \u00e0 dire que l\u00e0 o\u00f9 c\u2019\u00e9tait possible, sans traverser \u00e9videmment toute la France, &#8211; puisque de toute fa\u00e7on ce n\u2019est pas possible compte tenu de la r\u00e9duction de l\u2019offre de train -, les gens qui pouvaient le faire avaient vocation \u00e0 aller donner un coup de main, \u00e9videmment r\u00e9mun\u00e9r\u00e9, dans les r\u00e9gions o\u00f9 il y a des r\u00e9coltes actuellement<\/em>\u201d, patine Sibeth Niaye. L\u2019ancienne responsable de la communication d\u2019Emmanuel Macron croit alors bon d\u2019ajouter, en guise de pr\u00e9cision : \u201c<em>Il va sans dire que nous n\u2019entendons pas demander \u00e0 un enseignant qui aujourd\u2019hui ne travaille pas compte tenu de la fermeture des \u00e9coles de traverser la France enti\u00e8re pour aller r\u00e9colter des fraises gariguettes.<\/em>\u201d<\/p>\n<p>En d\u00e9pit de grandes difficult\u00e9s techniques, les professeurs du premier comme du second degr\u00e9 sont pourtant bien charg\u00e9s d&rsquo;enseigner \u00e0 distance, via les outils num\u00e9riques mis \u00e0 disposition. Les \u00e9l\u00e8ves doivent ainsi s\u2019installer devant leurs ordinateurs trois \u00e0 quatre heures par jour pour faire les exercices transmis par leurs enseignants via l&rsquo;espace num\u00e9rique de travail (ENT) de son \u00e9tablissement.<\/p>\n<p>Comme l\u2019expliquait <em>Marianne<\/em> lors de la fermeture des classes, les enseignants peuvent \u00e9galement, en compl\u00e9ment de ce \u00ab\u00a0<em>temps d&rsquo;autonomie<\/em>\u00ab\u00a0, se saisir de la plateforme du Cned et de son outil \u00ab\u00a0<em>classe virtuelle<\/em>\u00ab\u00a0, permettant de faire cours \u00e0 des dizaines d&rsquo;\u00e9l\u00e8ves en visioconf\u00e9rence. Ce que le minist\u00e8re de l\u2019\u00c9ducation nationale d\u00e9signe comme la \u00ab\u00a0<em>continuit\u00e9 p\u00e9dagogique en temps de crise sanitaire<\/em>\u00ab\u00a0.<\/p>\n<h2 class=\"wysiwyg__h2\">\u00ab\u00a0Grand service public de l&rsquo;\u00e9ducation\u00a0\u00bb<\/h2>\n<p>\u201c<em>\u2018Ma classe \u00e0 la maison\u2019, aujourd\u2019hui c\u2019est plus de deux millions d\u2019inscriptions, et c\u2019est un professeur sur trois qui l\u2019utilise<\/em>\u201d, se f\u00e9licitait d\u2019ailleurs le ministre de l\u2019Education nationale, Jean-Michel Blanquer, ce mardi \u00e0 l\u2019Assembl\u00e9e.<\/p>\n<blockquote class=\"twitter-tweet\" data-width=\"550\" data-lang=\"en\" data-related=\"milesplit\">\n<p>Hommage \u00e0 tous les professeurs de France et aux personnels de l\u2019\u00c9ducation nationale massivement engag\u00e9s pour le suivi de chacun de nos \u00e9l\u00e8ves. <br \/>L\u2019\u00e9ducation au c\u0153ur des enjeux de r\u00e9silience et de rebond de notre pays: https:\/\/t.co\/X1LYI8Oo9K<br \/>\u2014 Jean-Michel Blanquer (@jmblanquer) <a href=\"https:\/\/twitter.com\/jmblanquer\/status\/1242487472032043010?ref_src=twsrc%5Etfw\">March 24, 2020<\/a><\/p>\n<\/blockquote>\n<p><em>\u201cLa France est regard\u00e9e en ce moment comme \u00e9tant un pays qui a \u00e9t\u00e9 tr\u00e8s r\u00e9actif sur le plan de l&rsquo;enseignement \u00e0 distance, avec beaucoup de professionnalisme, beaucoup de d\u00e9vouement des professeurs<\/em>\u201d, continuait-il. Et de conclure : \u201c<em>Un hommage national doit \u00eatre rendu aux professeurs parce que c\u2019est dans ces moments-l\u00e0 qu\u2019on se rend compte de ce que c\u2019est d\u2019avoir un grand service public de l\u2019\u00e9ducation.<\/em>\u201d Sibeth Ndiaye doit avoir loup\u00e9 la consigne.<\/p>\n<hr\/>\n<p><span class=\"textupdate-wysiwyg__title\">En savoir plus sur le coronavirus avec \u00ab\u00a0Marianne\u00a0\u00bb<\/span><\/p>\n<\/div>\n<p><script async src=\"http:\/\/platform.twitter.com\/widgets.js\" charset=\"utf-8\"><\/script><br \/>\n<br \/><a href=\"https:\/\/www.marianne.net\/politique\/les-profs-ne-travaillent-pas-compte-tenu-de-la-fermeture-des-ecoles-sibeth-ndiaye-melange\">Source ici<\/a><\/p>\n","protected":false},"excerpt":{"rendered":"<p>Aurait-elle mal appris sa le\u00e7on ? Ce mercredi 25 mars, la porte-parole du gouvernement, Sibeth Ndiaye, a maladroitement d\u00e9clar\u00e9 qu\u2019en cette p\u00e9riode d\u2019\u00e9pid\u00e9mie de Covid-19, les enseignants ne \u201ctravaill[aient] pas compte tenu de la fermeture des \u00e9coles\u201d, confondant manifestement confinement et vacances scolaires. Faut-il le rappeler ? Bien que les \u00e9tablissements scolaires soient ferm\u00e9s depuis [&hellip;]<\/p>\n","protected":false},"author":1,"featured_media":394,"comment_status":"open","ping_status":"open","sticky":false,"template":"","format":"standard","meta":{"footnotes":""},"categories":[2,15],"tags":[],"class_list":{"0":"post-393","1":"post","2":"type-post","3":"status-publish","4":"format-standard","5":"has-post-thumbnail","7":"category-featured","8":"category-interview"},"_links":{"self":[{"href":"https:\/\/tabouleinfos.com\/index.php\/wp-json\/wp\/v2\/posts\/393","targetHints":{"allow":["GET"]}}],"collection":[{"href":"https:\/\/tabouleinfos.com\/index.php\/wp-json\/wp\/v2\/posts"}],"about":[{"href":"https:\/\/tabouleinfos.com\/index.php\/wp-json\/wp\/v2\/types\/post"}],"author":[{"embeddable":true,"href":"https:\/\/tabouleinfos.com\/index.php\/wp-json\/wp\/v2\/users\/1"}],"replies":[{"embeddable":true,"href":"https:\/\/tabouleinfos.com\/index.php\/wp-json\/wp\/v2\/comments?post=393"}],"version-history":[{"count":0,"href":"https:\/\/tabouleinfos.com\/index.php\/wp-json\/wp\/v2\/posts\/393\/revisions"}],"wp:featuredmedia":[{"embeddable":true,"href":"https:\/\/tabouleinfos.com\/index.php\/wp-json\/wp\/v2\/media\/394"}],"wp:attachment":[{"href":"https:\/\/tabouleinfos.com\/index.php\/wp-json\/wp\/v2\/media?parent=393"}],"wp:term":[{"taxonomy":"category","embeddable":true,"href":"https:\/\/tabouleinfos.com\/index.php\/wp-json\/wp\/v2\/categories?post=393"},{"taxonomy":"post_tag","embeddable":true,"href":"https:\/\/tabouleinfos.com\/index.php\/wp-json\/wp\/v2\/tags?post=393"}],"curies":[{"name":"wp","href":"https:\/\/api.w.org\/{rel}","templated":true}]}}