{"id":405,"date":"2020-05-28T17:45:00","date_gmt":"2020-05-28T16:45:00","guid":{"rendered":"https:\/\/tabouleinfos.com\/le-gouvernement-exclut-la-privatisation-dadp-dans-limmediat\/"},"modified":"2020-05-31T02:55:40","modified_gmt":"2020-05-31T02:55:40","slug":"le-gouvernement-exclut-la-privatisation-dadp-dans-limmediat","status":"publish","type":"post","link":"https:\/\/tabouleinfos.com\/index.php\/le-gouvernement-exclut-la-privatisation-dadp-dans-limmediat\/","title":{"rendered":"le gouvernement exclut la privatisation d&rsquo;ADP \u00ab\u00a0dans l&rsquo;imm\u00e9diat\u00a0\u00bb"},"content":{"rendered":"<p>&nbsp;<\/p>\n<div>\n<p><noscript><img decoding=\"async\" class=\"img-responsive\" src=\"https:\/\/tabouleinfos.com\/wp-content\/uploads\/2020\/05\/le-gouvernement-exclut-la-privatisation-dADP-dans-limm\u00e9diat.jpg\" alt=\"La question de la privatisation &quot;ne saurait se poser dans l'imm\u00e9diat compte-tenu des conditions&quot;, a affirm\u00e9 Sibeth Ndiaye.\" title=\"IP3 PRESS\/MAXPPP\"\/><\/noscript><\/p>\n<p><span class=\"image-legend\">La question de la privatisation \u00ab\u00a0ne saurait se poser dans l&rsquo;imm\u00e9diat compte-tenu des conditions\u00a0\u00bb, a affirm\u00e9 Sibeth Ndiaye.<\/span><span class=\"image-credits\"> &#8211; IP3 PRESS\/MAXPPP<\/span><\/p>\n<\/div>\n<div>\n<div class=\"article-full__header\">\n<div class=\"article__infos links-anim\">\n<p>Par\u00a0Magazine Marianne<\/p>\n<p><time datetime=\"2020-03-11T15:27:10+01:00\">Publi\u00e9 le 11\/03\/2020 \u00e0 15:27<\/time><\/p>\n<\/div>\n<\/div>\n<div class=\"article-full__wrap-content\">\n<div class=\"chapo_body_wrapper\">\n<div>\n<div class=\"field field-name-field-chapo field-type-text-long field-label-hidden\">\n<div class=\"field-items\">\n<p>La porte-parole du gouvernement, Sibeth Ndiaye, a confirm\u00e9 ce mercredi 11 mars une information de Marianne selon laquelle la privatisation d&rsquo;A\u00e9roports de Paris \u00e9tait exclue \u00ab\u00a0dans l&rsquo;imm\u00e9diat\u00a0\u00bb.<\/p>\n<\/div>\n<\/div>\n<\/div>\n<div class=\"wysiwyg\">\n<div class=\"field field-name-body field-type-text-with-summary field-label-hidden wysiwyg\">\n<div class=\"field-items\">\n<div class=\"field-item even\">\n<p>Un report <i>sine die<\/i>.<i> <\/i>La porte-parole du gouvernement, Sibeth Ndiaye, a confirm\u00e9 ce mercredi 11 mars une information de <i>Marianne <\/i>selon laquelle la privatisation d&rsquo;A\u00e9roports de Paris (ADP) \u00ab\u00a0<i>ne saurait se poser dans l&rsquo;imm\u00e9diat compte-tenu des conditions<\/i>\u00a0\u00bb actuelles du march\u00e9 dues \u00e0 la crise du coronavirus. La secr\u00e9taire d&rsquo;Etat s&rsquo;est exprim\u00e9e lors du compte-rendu du Conseil des ministres, \u00e0 la veille de la cl\u00f4ture de la p\u00e9riode de recueil des signatures exig\u00e9es pour la r\u00e9alisation d&rsquo;un r\u00e9f\u00e9rendum d&rsquo;initiative partag\u00e9es (RIP) sur la privatisation du groupe a\u00e9roportuaire.<\/p>\n<blockquote class=\"twitter-tweet\" data-width=\"550\" data-lang=\"en\" data-related=\"milesplit\"><p>\u00ab\u00a0Les conditions de march\u00e9 ne sont pas favorables \u00e0 une quelconque op\u00e9ration de privatisation, en particulier pour ce qui concerne A\u00e9roports de Paris (ADP)\u00a0\u00bb, a d\u00e9clar\u00e9 Sibeth Ndiaye, porte-parole du gouvernement <a href=\"https:\/\/t.co\/RqYu7bkP5V\">pic.twitter.com\/RqYu7bkP5V<\/a><br \/>\n\u2014 franceinfo (@franceinfo) <a href=\"https:\/\/twitter.com\/franceinfo\/status\/1237735121551319041?ref_src=twsrc%5Etfw\">March 11, 2020<\/a><\/p><\/blockquote>\n<p>\u00ab\u00a0<i>Les conditions de march\u00e9 ne sont pas du tout favorables pour le moment \u00e0 une quelconque op\u00e9ration de privatisation, et en particulier en ce qui concerne ADP<\/i>\u00ab\u00a0, a affirm\u00e9 Sibeth Ndiaye. \u00ab\u00a0<i>Par ailleurs, je vous avoue que le ministre de l&rsquo;Economie et des Finances est particuli\u00e8rement mobilis\u00e9 en ce moment sur la question des mesures \u00e0 prendre pour contrer le ralentissement \u00e9conomique que nous connaissons [\u00e0 cause du coronavirus].<\/i>\u00a0\u00bb<\/p>\n<p>Lors du dernier pointage du Conseil constitutionnel, le projet de r\u00e9f\u00e9rendum pr\u00e9sent\u00e9 par plus de 250 d\u00e9put\u00e9s et s\u00e9nateurs (de LFI \u00e0 LR) avait comptabilis\u00e9 un peu plus de 1,1 million de soutiens, bien loin des 4,7 millions (10% du corps \u00e9lectoral) n\u00e9cessaires pour d\u00e9clencher un RIP.<\/p>\n<\/div>\n<\/div>\n<\/div>\n<\/div>\n<\/div>\n<\/div>\n<div class=\"donation\">\n<h3 class=\"heading-grotesk-bold heading-grotesk-bold--medium donation__title\">Puisque vous \u00eates l\u00e0&#8230;<\/h3>\n<p>\u2026 on aimerait vous dire un dernier mot. Vous \u00eates toujours plus nombreux \u00e0 lire Marianne sur le web, et nous nous en r\u00e9jouissons. Pour nous aider \u00e0 garder notre libert\u00e9 de ton et notre exigence journalistique, votre soutien est pr\u00e9cieux. En vous abonnant par exemple, vous aurez acc\u00e8s \u00e0 l\u2019int\u00e9gralit\u00e9 des contenus mais aussi \u00e0 un espace de d\u00e9bat premium, r\u00e9serv\u00e9 \u00e0 nos abonn\u00e9s, le tout sur un site d\u00e9barrass\u00e9 de toute publicit\u00e9. Vous pouvez aussi nous soutenir par un don d\u00e9fiscalis\u00e9.<br \/>\nToute l\u2019\u00e9quipe Marianne vous remercie !<\/p>\n<p>Je m&rsquo;abonne Nous soutenir<\/p>\n<\/div>\n<\/div>\n<p><script async src=\"http:\/\/platform.twitter.com\/widgets.js\" charset=\"utf-8\"><\/script><\/p>\n<p><a href=\"https:\/\/www.marianne.net\/economie\/c-est-confirme-le-gouvernement-exclut-la-privatisation-d-adp-dans-l-immediat\">Source ici<\/a><\/p>\n","protected":false},"excerpt":{"rendered":"<p>&nbsp; La question de la privatisation \u00ab\u00a0ne saurait se poser dans l&rsquo;imm\u00e9diat compte-tenu des conditions\u00a0\u00bb, a affirm\u00e9 Sibeth Ndiaye. &#8211; IP3 PRESS\/MAXPPP Par\u00a0Magazine Marianne Publi\u00e9 le 11\/03\/2020 \u00e0 15:27 La porte-parole du gouvernement, Sibeth Ndiaye, a confirm\u00e9 ce mercredi 11 mars une information de Marianne selon laquelle la privatisation d&rsquo;A\u00e9roports de Paris \u00e9tait exclue \u00ab\u00a0dans [&hellip;]<\/p>\n","protected":false},"author":1,"featured_media":147,"comment_status":"open","ping_status":"open","sticky":false,"template":"","format":"standard","meta":{"footnotes":""},"categories":[15],"tags":[],"class_list":{"0":"post-405","1":"post","2":"type-post","3":"status-publish","4":"format-standard","5":"has-post-thumbnail","7":"category-interview"},"_links":{"self":[{"href":"https:\/\/tabouleinfos.com\/index.php\/wp-json\/wp\/v2\/posts\/405","targetHints":{"allow":["GET"]}}],"collection":[{"href":"https:\/\/tabouleinfos.com\/index.php\/wp-json\/wp\/v2\/posts"}],"about":[{"href":"https:\/\/tabouleinfos.com\/index.php\/wp-json\/wp\/v2\/types\/post"}],"author":[{"embeddable":true,"href":"https:\/\/tabouleinfos.com\/index.php\/wp-json\/wp\/v2\/users\/1"}],"replies":[{"embeddable":true,"href":"https:\/\/tabouleinfos.com\/index.php\/wp-json\/wp\/v2\/comments?post=405"}],"version-history":[{"count":0,"href":"https:\/\/tabouleinfos.com\/index.php\/wp-json\/wp\/v2\/posts\/405\/revisions"}],"wp:featuredmedia":[{"embeddable":true,"href":"https:\/\/tabouleinfos.com\/index.php\/wp-json\/wp\/v2\/media\/147"}],"wp:attachment":[{"href":"https:\/\/tabouleinfos.com\/index.php\/wp-json\/wp\/v2\/media?parent=405"}],"wp:term":[{"taxonomy":"category","embeddable":true,"href":"https:\/\/tabouleinfos.com\/index.php\/wp-json\/wp\/v2\/categories?post=405"},{"taxonomy":"post_tag","embeddable":true,"href":"https:\/\/tabouleinfos.com\/index.php\/wp-json\/wp\/v2\/tags?post=405"}],"curies":[{"name":"wp","href":"https:\/\/api.w.org\/{rel}","templated":true}]}}