{"id":4122,"date":"2021-03-05T12:52:55","date_gmt":"2021-03-05T12:52:55","guid":{"rendered":"https:\/\/tabouleinfos.com\/?p=4122"},"modified":"2021-03-05T16:01:01","modified_gmt":"2021-03-05T16:01:01","slug":"le-frere-de-mariah-carey-porte-plainte-contre-la-star","status":"publish","type":"post","link":"https:\/\/tabouleinfos.com\/index.php\/le-frere-de-mariah-carey-porte-plainte-contre-la-star\/","title":{"rendered":"Le fr\u00e8re de Mariah Carey porte plainte contre la star\u00a0!"},"content":{"rendered":"<p><span style=\"font-size: 14pt\"><strong>Dans la famille Carey, apr\u00e8s la s\u0153ur, voici le fr\u00e8re\u2026 Il semble\u00a0que la publication de l\u2019autobiographie de\u00a0Mariah Carey,\u00a0The Meaning of Mariah Carey,\u00a0a raviv\u00e9 de vieilles tensions chez les proches de la star.\u00a0Morgan Carey accuse sa petite s\u0153ur d\u2019avoir menti \u00e0 son sujet dans l\u2019ouvrage, sorti en septembre dernier. Dans une plainte d\u00e9pos\u00e9e devant la Cour Supr\u00eame de New York ce mercredi, et relay\u00e9e par\u00a0USA Today, il accuse l\u2019interpr\u00e8te de\u00a0Hero\u00a0d\u2019avoir volontairement fait des commentaires \u00ab\u00a0faux et diffamants\u00a0\u00bb qui auraient, selon lui, \u00ab\u00a0caus\u00e9 des d\u00e9g\u00e2ts s\u00e9rieux \u00e0 sa r\u00e9putation et pour ses affaires personnelles et professionnelles\u00a0\u00bb<\/strong><\/span><\/p>\n<p><span style=\"font-size: 14pt\">S\u2019il nomme dans sa plainte la coautrice de sa s\u0153ur, Michaela Angela Davis, ainsi que Macmillan Publishing Group, qui a \u00e9dit\u00e9 l\u2019ouvrage et Andy Cohen, qui \u00e9tait impliqu\u00e9 dans la publication via Andy Cohen Books, Morgan Carey pr\u00e9cise qu\u2019il ne demande pas de dommages et int\u00e9r\u00eats et qu\u2019il souhaite seulement r\u00e9tablir la v\u00e9rit\u00e9 pour \u00ab\u00a0d\u00e9faire les d\u00e9g\u00e2ts\u00a0\u00bb caus\u00e9s par ce livre.<\/span><\/p>\n<p><span style=\"font-size: 16pt\"><strong>Charge violente<\/strong><\/span><\/p>\n<p><span style=\"font-size: 14pt\">Dans\u00a0The Meaning of Mariah Carey, la diva d\u00e9crit son fr\u00e8re comme manipulateur et violent. Elle\u00a0raconte notamment une bagarre entre le jeune Morgan Carey et leur p\u00e8re, Alfred, alors que la chanteuse \u00e9tait encore tr\u00e8s jeune, lors duquel 12 officiers de police auraient \u00e9t\u00e9 d\u00e9p\u00each\u00e9s pour les s\u00e9parer. \u00ab\u00a0Sa tentative de caract\u00e9riser faussement le plaignant comme \u00e9tant aussi violent que son p\u00e8re, et ses commentaires ult\u00e9rieurs sur les relations de la police avec les Noirs n\u2019\u00e9taient que le d\u00e9but de la tentative d\u00e9sesp\u00e9r\u00e9e de Mariah Carey de diffamer le plaignant, de jouer la carte de la victime et de s\u2019attirer les faveurs du mouvement\u00a0Black Lives Matter\u00a0\u00bb, peut-on lire dans la plainte.<\/span><\/p>\n<p><span style=\"font-size: 14pt\">La\u00a0<strong>s\u0153ur de la star<\/strong>, a, quant \u00e0 elle,\u00a0<strong>d\u00e9pos\u00e9 plainte\u00a0le mois dernier<\/strong>. Contrairement \u00e0 son fr\u00e8re qui ne veut pas d\u2019argent de la star, Alison Carey lui r\u00e9clame\u00a01,25\u00a0million\u00a0de dollars\u00a0pour la \u00ab\u00a0d\u00e9tresse \u00e9motionnelle\u00a0\u00bb caus\u00e9e par certains passages de l\u2019ouvrage.<\/span><\/p>\n<p><span style=\"font-size: 14pt\">A lire sur\u00a0:<span style=\"color: #0000ff\"><a style=\"color: #0000ff\" href=\"https:\/\/www.20minutes.fr\/arts-stars\/people\/2991003-20210304-frere-mariah-carey-porte-plainte-contre-star-apres-publication-autobiographie\"> <strong>20minutes.fr<\/strong><\/a><\/span><\/span><\/p>\n","protected":false},"excerpt":{"rendered":"<p>Dans la famille Carey, apr\u00e8s la s\u0153ur, voici le fr\u00e8re\u2026 Il semble\u00a0que la publication de l\u2019autobiographie de\u00a0Mariah Carey,\u00a0The Meaning of Mariah Carey,\u00a0a raviv\u00e9 de vieilles tensions chez les proches de la star.\u00a0Morgan Carey accuse sa petite s\u0153ur d\u2019avoir menti \u00e0 son sujet dans l\u2019ouvrage, sorti en septembre dernier. Dans une plainte d\u00e9pos\u00e9e devant la Cour [&hellip;]<\/p>\n","protected":false},"author":2,"featured_media":4123,"comment_status":"open","ping_status":"open","sticky":false,"template":"","format":"standard","meta":{"footnotes":""},"categories":[2,24],"tags":[],"class_list":{"0":"post-4122","1":"post","2":"type-post","3":"status-publish","4":"format-standard","5":"has-post-thumbnail","7":"category-featured","8":"category-people"},"_links":{"self":[{"href":"https:\/\/tabouleinfos.com\/index.php\/wp-json\/wp\/v2\/posts\/4122","targetHints":{"allow":["GET"]}}],"collection":[{"href":"https:\/\/tabouleinfos.com\/index.php\/wp-json\/wp\/v2\/posts"}],"about":[{"href":"https:\/\/tabouleinfos.com\/index.php\/wp-json\/wp\/v2\/types\/post"}],"author":[{"embeddable":true,"href":"https:\/\/tabouleinfos.com\/index.php\/wp-json\/wp\/v2\/users\/2"}],"replies":[{"embeddable":true,"href":"https:\/\/tabouleinfos.com\/index.php\/wp-json\/wp\/v2\/comments?post=4122"}],"version-history":[{"count":0,"href":"https:\/\/tabouleinfos.com\/index.php\/wp-json\/wp\/v2\/posts\/4122\/revisions"}],"wp:featuredmedia":[{"embeddable":true,"href":"https:\/\/tabouleinfos.com\/index.php\/wp-json\/wp\/v2\/media\/4123"}],"wp:attachment":[{"href":"https:\/\/tabouleinfos.com\/index.php\/wp-json\/wp\/v2\/media?parent=4122"}],"wp:term":[{"taxonomy":"category","embeddable":true,"href":"https:\/\/tabouleinfos.com\/index.php\/wp-json\/wp\/v2\/categories?post=4122"},{"taxonomy":"post_tag","embeddable":true,"href":"https:\/\/tabouleinfos.com\/index.php\/wp-json\/wp\/v2\/tags?post=4122"}],"curies":[{"name":"wp","href":"https:\/\/api.w.org\/{rel}","templated":true}]}}