{"id":4301,"date":"2021-04-07T19:38:52","date_gmt":"2021-04-07T19:38:52","guid":{"rendered":"https:\/\/tabouleinfos.com\/?p=4301"},"modified":"2021-04-07T19:41:11","modified_gmt":"2021-04-07T19:41:11","slug":"la-reponse-des-operateurs-culturels-guineens-au-pm-kassory-fofana","status":"publish","type":"post","link":"https:\/\/tabouleinfos.com\/index.php\/la-reponse-des-operateurs-culturels-guineens-au-pm-kassory-fofana\/","title":{"rendered":"La r\u00e9ponse des op\u00e9rateurs culturels guin\u00e9ens au PM Kassory Fofana\u00a0!"},"content":{"rendered":"<p><span style=\"font-size: 14pt\"><strong>La F\u00e9d\u00e9ration des Entreprises Culturelles et \u00c9conomiques de Guin\u00e9e (FECEG) n\u2019a pas tard\u00e9 \u00e0 r\u00e9agir apr\u00e8s la c\u00e9r\u00e9monie de pr\u00e9sentation de la politique g\u00e9n\u00e9rale du Gouvernement de la quatri\u00e8me R\u00e9publique. Lors de cet \u00e9v\u00e9nement qui s\u2019est tenu, ce mercredi 7 avril \u00e0 l\u2019Assembl\u00e9e nationale, le premier ministre Dr Ibrahima Kassory Fofana a parl\u00e9 des difficult\u00e9s que traversent les op\u00e9rateurs culturels guin\u00e9ens.<\/strong><\/span><\/p>\n<p><span style=\"font-size: 14pt\">Pour r\u00e9pondre \u00e0 cette sortie du chef du gouvernement, le pr\u00e9sident de la F\u00e9d\u00e9ration des Entreprises Culturelles et \u00c9conomiques de Guin\u00e9e, <strong>Ibrahim C<\/strong> s\u2019est exprim\u00e9 dans un communiqu\u00e9 \u00a0adress\u00e9 \u00e0 la r\u00e9daction de <strong>Tabouleinfos.<\/strong><\/span><\/p>\n<p><span style=\"font-size: 14pt\"><strong>Ci-dessous, lisez la r\u00e9action d\u2019Ibrahim C, pr\u00e9sident de cette association.<\/strong><\/span><\/p>\n<p><span style=\"font-size: 14pt\">\u00ab\u00a0C&rsquo;est avec beaucoup d&rsquo;int\u00e9r\u00eat et d&#8217;empressement que nous avons \u00e9cout\u00e9 le discours de politique g\u00e9n\u00e9rale du gouvernement lu par son excellence le Premier Ministre devant l&rsquo;assembl\u00e9e du peuple.\u00a0<\/span><\/p>\n<p><span style=\"font-size: 14pt\">Nous saluons, le fait que contrairement \u00e0 la fois derni\u00e8re,\u00a0 le Premier Ministre ait pens\u00e9 au secteur culturel. C&rsquo;est une bonne chose. Cela prouve, la prise en compte de la culture de fa\u00e7on g\u00e9n\u00e9rale,\u00a0 dans la politique que va mener le gouvernement en cette ann\u00e9e 2021.<\/span><\/p>\n<p><span style=\"font-size: 14pt\">Par contre, nous nous attendions \u00e0 des mesures plus concr\u00e8tes, m\u00eame si nous saluons l\u2019engagement de l\u2019Etat \u00e0 d\u00e9dommager les entreprises du secteur dont les spectacles ont \u00e9t\u00e9 annul\u00e9s.\u00a0\u00a0<\/span><\/p>\n<p><span style=\"font-size: 14pt\">Nous avons d&rsquo;ailleurs\u00a0 appris que plus de 80% des dossiers concernant ce point pr\u00e9cis a \u00e9t\u00e9 rejet\u00e9. Avec pour les plus chanceux, seulement une infime partie des d\u00e9penses \u00e0 rembourser.\u00a0 Nous y reviendrons ult\u00e9rieurement.\u00a0 Cela est bien insuffisant aux vues de la l\u00e9thargie dans laquelle nos entreprises sont en cette p\u00e9riode de COVID.\u00a0<\/span><\/p>\n<p><span style=\"font-size: 14pt\">Il faudrait qu\u2019ensemble, nous puissions trouver un plan de maintien de nos emplois d\u00e9j\u00e0 dans un premier temps, mais aussi un plan de soutien \u00e0 la relance de notre secteur.<\/span><\/p>\n<p><span style=\"font-size: 14pt\">Il faut rappeler que seul notre secteur a vu ses activit\u00e9s compl\u00e8tement suspendues, des pertes d\u2019emplois, des entreprises qui mettent la cl\u00e9 sous la porte, et cela affecte des milliers de famille et de jeunes guin\u00e9ens. Il est donc urgent et important que le gouvernement accompagne le secteur culturel.<\/span><\/p>\n<p><span style=\"font-size: 14pt\">Nous saluons ce &lsquo;mini&rsquo; d\u00e9dommagement, mais en ces temps fragiles c\u2019est tout le m\u00e9canisme de fonctionnement de la culture qui est \u00e0 repenser: l\u2019accompagnement financier et technique, les impacts, retomb\u00e9es etc.<\/span><\/p>\n<p><span style=\"font-size: 14pt\">Fort heureusement,\u00a0 le Premier Ministre dit qu&rsquo;il reste \u00e0\u00a0 notre \u00e9coute. <\/span><span style=\"font-size: 14pt\">Nous profitons de\u00a0 cette oreille tendue, pour lui dire au Premier Ministre que les dossiers urgents restent:<\/span><\/p>\n<p><span style=\"font-size: 14pt\">1- le d\u00e9dommagement des entreprises culturelles directement impact\u00e9es par l&rsquo;annulation des spectacles programm\u00e9s et dont la publicit\u00e9 et la communication avaient d\u00e9j\u00e0 \u00e9t\u00e9 largement fa\u00eetes.<\/span><\/p>\n<p><span style=\"font-size: 14pt\">2- la mise en place d&rsquo;un fonds d\u2019accompagnement \u00e0 la structuration pour sauver les entreprises et les aider \u00e0 se d\u00e9velopper en cette p\u00e9riode de crise\u00a0<\/span><\/p>\n<p><span style=\"font-size: 14pt\">3- l&rsquo;alimentation du Fodac pour soutenir les cr\u00e9ations.<\/span><\/p>\n<p><span style=\"font-size: 14pt\">Cela urge.<\/span><\/p>\n<p><span style=\"font-size: 14pt\">Pour le reste et comme je viens de le rappeler,\u00a0 nous sommes \u00e0 la disposition du gouvernement pour r\u00e9fl\u00e9chir aux voies et moyens pouvant nous permettre de sauver nos emplois et participer de fa\u00e7on plus efficace \u00e0 l&rsquo;av\u00e8nement d&rsquo;une\u00a0 v\u00e9ritable industrie culturelle dans notre pays.\u00a0<\/span><\/p>\n<p><span style=\"font-size: 14pt\">Et d\u00e9j\u00e0 le d\u00e9cret d&rsquo;application de la loi sur la propri\u00e9t\u00e9 litt\u00e9raire et artistique, donc entre autre du droit d&rsquo;auteur, vot\u00e9e depuis le 07 juin 2019 serait un bon d\u00e9but.\u00a0<\/span><\/p>\n<p><span style=\"font-size: 14pt\">Il faudrait aussi penser \u00e0 la finalisation de la loi sur le statut de l&rsquo;artiste.\u00bb<\/span><\/p>\n<p><span style=\"font-size: 14pt\">A lire aussi:<span style=\"color: #0000ff\"> <a style=\"color: #0000ff\" href=\"https:\/\/tabouleinfos.com\/index.php\/assemblee-nationale-kassory-fofana-evoque-les-difficultes-des-acteurs-culturels\/\"><strong>Assembl\u00e9e nationale : Kassory Fofana \u00e9voque les difficult\u00e9s des acteurs culturels\u00a0!<\/strong><\/a><\/span><\/span><\/p>\n<p><span style=\"font-size: 14pt\"><strong>Tabouleinfos.com<\/strong>\u00a0<\/span><\/p>\n","protected":false},"excerpt":{"rendered":"<p>La F\u00e9d\u00e9ration des Entreprises Culturelles et \u00c9conomiques de Guin\u00e9e (FECEG) n\u2019a pas tard\u00e9 \u00e0 r\u00e9agir apr\u00e8s la c\u00e9r\u00e9monie de pr\u00e9sentation de la politique g\u00e9n\u00e9rale du Gouvernement de la quatri\u00e8me R\u00e9publique. Lors de cet \u00e9v\u00e9nement qui s\u2019est tenu, ce mercredi 7 avril \u00e0 l\u2019Assembl\u00e9e nationale, le premier ministre Dr Ibrahima Kassory Fofana a parl\u00e9 des difficult\u00e9s [&hellip;]<\/p>\n","protected":false},"author":2,"featured_media":4223,"comment_status":"open","ping_status":"open","sticky":false,"template":"","format":"standard","meta":{"footnotes":""},"categories":[2,25],"tags":[],"class_list":{"0":"post-4301","1":"post","2":"type-post","3":"status-publish","4":"format-standard","5":"has-post-thumbnail","7":"category-featured","8":"category-news"},"_links":{"self":[{"href":"https:\/\/tabouleinfos.com\/index.php\/wp-json\/wp\/v2\/posts\/4301","targetHints":{"allow":["GET"]}}],"collection":[{"href":"https:\/\/tabouleinfos.com\/index.php\/wp-json\/wp\/v2\/posts"}],"about":[{"href":"https:\/\/tabouleinfos.com\/index.php\/wp-json\/wp\/v2\/types\/post"}],"author":[{"embeddable":true,"href":"https:\/\/tabouleinfos.com\/index.php\/wp-json\/wp\/v2\/users\/2"}],"replies":[{"embeddable":true,"href":"https:\/\/tabouleinfos.com\/index.php\/wp-json\/wp\/v2\/comments?post=4301"}],"version-history":[{"count":0,"href":"https:\/\/tabouleinfos.com\/index.php\/wp-json\/wp\/v2\/posts\/4301\/revisions"}],"wp:featuredmedia":[{"embeddable":true,"href":"https:\/\/tabouleinfos.com\/index.php\/wp-json\/wp\/v2\/media\/4223"}],"wp:attachment":[{"href":"https:\/\/tabouleinfos.com\/index.php\/wp-json\/wp\/v2\/media?parent=4301"}],"wp:term":[{"taxonomy":"category","embeddable":true,"href":"https:\/\/tabouleinfos.com\/index.php\/wp-json\/wp\/v2\/categories?post=4301"},{"taxonomy":"post_tag","embeddable":true,"href":"https:\/\/tabouleinfos.com\/index.php\/wp-json\/wp\/v2\/tags?post=4301"}],"curies":[{"name":"wp","href":"https:\/\/api.w.org\/{rel}","templated":true}]}}