{"id":4654,"date":"2021-06-13T20:51:15","date_gmt":"2021-06-13T20:51:15","guid":{"rendered":"https:\/\/tabouleinfos.com\/?p=4654"},"modified":"2021-06-13T20:51:15","modified_gmt":"2021-06-13T20:51:15","slug":"13-juin-la-journee-internationale-de-sensibilisation-a-lalbinisme-celebree-en-guinee","status":"publish","type":"post","link":"https:\/\/tabouleinfos.com\/index.php\/13-juin-la-journee-internationale-de-sensibilisation-a-lalbinisme-celebree-en-guinee\/","title":{"rendered":"13 juin\u00a0: la Journ\u00e9e Internationale de Sensibilisation \u00e0 l\u2019Albinisme c\u00e9l\u00e9br\u00e9e en Guin\u00e9e\u00a0!"},"content":{"rendered":"<p><span style=\"font-size: 14pt\"><strong>A l\u2019occasion de la Journ\u00e9e Internationale de Sensibilisation \u00e0 l\u2019Albinisme, c\u00e9l\u00e9br\u00e9e ce dimanche 13 juin 2021, la Conf\u00e9d\u00e9ration Nationale des Albinos de Guin\u00e9e a initi\u00e9 une journ\u00e9e culturelle sous le th\u00e8me \u2018\u2019Forts face \u00e0 tout\u2019\u2019.<\/strong><\/span><\/p>\n<p><a href=\"https:\/\/tabouleinfos.com\/wp-content\/uploads\/2021\/06\/albinisme-scaled.jpg\"><img loading=\"lazy\" decoding=\"async\" width=\"2560\" height=\"1440\" class=\"alignnone size-full wp-image-4655\" src=\"https:\/\/tabouleinfos.com\/wp-content\/uploads\/2021\/06\/albinisme-scaled.jpg\" alt=\"\" srcset=\"https:\/\/tabouleinfos.com\/wp-content\/uploads\/2021\/06\/albinisme-scaled.jpg 2560w, https:\/\/tabouleinfos.com\/wp-content\/uploads\/2021\/06\/albinisme-300x169.jpg 300w, https:\/\/tabouleinfos.com\/wp-content\/uploads\/2021\/06\/albinisme-1024x576.jpg 1024w, https:\/\/tabouleinfos.com\/wp-content\/uploads\/2021\/06\/albinisme-768x432.jpg 768w, https:\/\/tabouleinfos.com\/wp-content\/uploads\/2021\/06\/albinisme-1536x864.jpg 1536w, https:\/\/tabouleinfos.com\/wp-content\/uploads\/2021\/06\/albinisme-2048x1152.jpg 2048w, https:\/\/tabouleinfos.com\/wp-content\/uploads\/2021\/06\/albinisme-696x392.jpg 696w, https:\/\/tabouleinfos.com\/wp-content\/uploads\/2021\/06\/albinisme-1068x601.jpg 1068w, https:\/\/tabouleinfos.com\/wp-content\/uploads\/2021\/06\/albinisme-747x420.jpg 747w, https:\/\/tabouleinfos.com\/wp-content\/uploads\/2021\/06\/albinisme-1920x1080.jpg 1920w, https:\/\/tabouleinfos.com\/wp-content\/uploads\/2021\/06\/albinisme-750x422.jpg 750w, https:\/\/tabouleinfos.com\/wp-content\/uploads\/2021\/06\/albinisme-1140x641.jpg 1140w\" sizes=\"auto, (max-width: 2560px) 100vw, 2560px\" \/><\/a><\/p>\n<p><span style=\"font-size: 14pt\">Au Mus\u00e9e National de Sandarvalia, ces personnes atteintes d\u2019albinisme se sont affirm\u00e9es \u00e0 travers la musique et les pas de danses. Malgr\u00e9 leur albinisme, elles ne manquent pas de potentiels. Au sein de la Conf\u00e9d\u00e9ration Nationale des Albinos de Guin\u00e9e, on retrouve des artistes chanteurs, percussionnistes et d\u2019autres talents.<\/span><\/p>\n<p><span style=\"font-size: 14pt\">Les membres fondateurs de cette ONG et leurs partenaires ont profit\u00e9 de la Journ\u00e9e Internationale de Sensibilisation \u00e0 l\u2019Albinisme pour \u00e9taler les probl\u00e8mes des albinos de Guin\u00e9e et les projets qu\u2019ils ont pu r\u00e9aliser de 2007 \u00e0 nos jours.<\/span><\/p>\n<p><a href=\"https:\/\/tabouleinfos.com\/wp-content\/uploads\/2021\/06\/Sayon-scaled.jpg\"><img loading=\"lazy\" decoding=\"async\" width=\"2560\" height=\"1339\" class=\"alignnone size-full wp-image-4656\" src=\"https:\/\/tabouleinfos.com\/wp-content\/uploads\/2021\/06\/Sayon-scaled.jpg\" alt=\"\" srcset=\"https:\/\/tabouleinfos.com\/wp-content\/uploads\/2021\/06\/Sayon-scaled.jpg 2560w, https:\/\/tabouleinfos.com\/wp-content\/uploads\/2021\/06\/Sayon-300x157.jpg 300w, https:\/\/tabouleinfos.com\/wp-content\/uploads\/2021\/06\/Sayon-1024x536.jpg 1024w, https:\/\/tabouleinfos.com\/wp-content\/uploads\/2021\/06\/Sayon-768x402.jpg 768w, https:\/\/tabouleinfos.com\/wp-content\/uploads\/2021\/06\/Sayon-1536x803.jpg 1536w, https:\/\/tabouleinfos.com\/wp-content\/uploads\/2021\/06\/Sayon-2048x1071.jpg 2048w, https:\/\/tabouleinfos.com\/wp-content\/uploads\/2021\/06\/Sayon-696x364.jpg 696w, https:\/\/tabouleinfos.com\/wp-content\/uploads\/2021\/06\/Sayon-1068x559.jpg 1068w, https:\/\/tabouleinfos.com\/wp-content\/uploads\/2021\/06\/Sayon-803x420.jpg 803w, https:\/\/tabouleinfos.com\/wp-content\/uploads\/2021\/06\/Sayon-1920x1004.jpg 1920w, https:\/\/tabouleinfos.com\/wp-content\/uploads\/2021\/06\/Sayon-750x392.jpg 750w, https:\/\/tabouleinfos.com\/wp-content\/uploads\/2021\/06\/Sayon-1140x596.jpg 1140w\" sizes=\"auto, (max-width: 2560px) 100vw, 2560px\" \/><\/a><\/p>\n<p><span style=\"font-size: 14pt\">Consciente des difficult\u00e9s que traversent ces personnes atteintes d\u2019albinisme, la Directrice G\u00e9n\u00e9rale de l\u2019Agence Guin\u00e9enne de Spectacle, s\u2019est engag\u00e9e aupr\u00e8s des enfants victimes de stigmatisation dans la soci\u00e9t\u00e9. \u00abCes enfants soumis \u00e0 la mendicit\u00e9 qui sont souvent dans les rues de Conakry. C\u2019est un probl\u00e8me qui est tr\u00e8s pr\u00e9occupant dans la mesure o\u00f9 on voit toutes les voitures d\u00e9pass\u00e9es ces enfants sans jamais se questionner sur leur avenir et sans jamais se demander pourquoi ils ne vont pas \u00e0 l\u2019\u00e9cole alors les autres sont \u00e0 l\u2019\u00e9cole.\u00bb, a d\u00e9plor\u00e9 <strong>Sayon Bamba<\/strong>.<\/span><\/p>\n<p><span style=\"font-size: 14pt\">Si dans le pass\u00e9, les enfants de la Conf\u00e9d\u00e9ration Nationale des Albinos de Guin\u00e9e vivaient dans un petit centre de trois chambres, aujourd\u2019hui\u00a0Ils sont all\u00e9s dans un nouveau logement o\u00f9 il y a onze chambres. Et en dehors des difficult\u00e9s. \u00ab\u00a0Nous sommes aussi en train de travailler culturellement. Il y a une chorale qui s\u2019est mis en place. Au-del\u00e0 de \u00e7a, il y a des enfants qui ont \u00a0des dispositions \u00e0 jouer certains instruments de musique. On a rep\u00e9r\u00e9 certains talents au niveau du balafon. Il y en a des pr\u00e9dispositions au niveau des percussions. Il y a des chanteurs dans le groupe. On est en train de voir comment travailler avec les enfants, faire les sections de musique\u2026 On avait commenc\u00e9 le travail avec les Etoiles de Boulbinet\u2026\u00bb, a-t-elle expliqu\u00e9. \u00a0<\/span><\/p>\n<p><span style=\"font-size: 14pt\">Selon elle \u00ab\u00a0L\u2019id\u00e9e ce n\u2019est pas d\u2019aller sur les musiques des autres. C\u2019est de travailler d\u2019abord sur des musiques traditionnelles de chez nous pour que les enfants aient l\u2019assise et l\u2019assurance n\u00e9cessaire par rapport \u00e0 leur culture. Parce que qui n\u2019est pas complex\u00e9\u00a0 de sa culture ne sera pas complex\u00e9 de son \u00eatre et il ne sera pas complex\u00e9 de parler \u00e0 quelqu\u2019un d\u2019autre. Donc valoriser cette culture est extr\u00eamement important pour permettre aux enfants de pouvoir se mettre en avant et dire nous sommes les albinos, mais certes nous sommes guin\u00e9ens comme tout le monde et on a les m\u00eames droits\u2026 Nous envisageons un spectacle unanime de mon prochain disque. Toutes les recettes seront revers\u00e9es aux causes des enfants de la CENAG. Mais aussi un groupe qui est dirig\u00e9 par Mme Nangnouma Faro.\u00bb, souligne Sayon Bamba.<\/span><\/p>\n<p><span style=\"font-size: 14pt\">De son c\u00f4t\u00e9, le fondateur de la Conf\u00e9d\u00e9ration Nationale des Albinos de Guin\u00e9e, <strong>Naby Laye Moussa Bangoura \u2018\u2019Morgane\u2019\u2019<\/strong>, n\u2019a pas manqu\u00e9 de rappeler d\u2019autres projets r\u00e9alis\u00e9s par son ONG. \u00ab\u00a0Cr\u00e9\u00e9e en 2007, c\u2019\u00e9tait pour aider les enfants albinos en collaboration avec le minist\u00e8re de l\u2019Action Sociale. Depuis sa cr\u00e9ation jusqu\u2019\u00e0 nos, la sensibilisation est favorable \u00e0 la Conf\u00e9d\u00e9ration Nationale des Albinos de Guin\u00e9e. La mendicit\u00e9 des enfants albinos a commenc\u00e9 \u00e0 diminuer. Ce n\u2019\u00e9tait pas facile au d\u00e9but. Les parents mettaient toujours les enfants dans les rues. Ils ne partaient pas \u00e0 l\u2019\u00e9cole. La cr\u00e9ation de cette ONG a pu faire quelque chose pour eux. Surtout au niveau des enfants. Aujourd\u2019hui, le bilan est positif en termes de chiffre. Il y a vingt-cinq (25) enfants qui sont enregistr\u00e9 chez nous et qui partent \u00e0 l\u2019\u00e9cole.\u00bb<\/span><\/p>\n<p><span style=\"font-size: 14pt\">Pour rappel, en 2013, l\u2019Assembl\u00e9e g\u00e9n\u00e9rale des Nations Unies a adopt\u00e9 une r\u00e9solution condamnant les agressions et les discriminations des personnes atteintes d\u2019albinisme, tout en demandant aux Etats d\u2019assurer leur protection. Le 18 d\u00e9cembre 2014, le 13 juin a \u00e9t\u00e9 proclam\u00e9e Journ\u00e9e internationale de sensibilisation \u00e0 l\u2019albinisme par l\u2019ONU. En Guin\u00e9e, le 6 avril dernier, les d\u00e9put\u00e9s ont adopt\u00e9 des textes de loi portant protection et promotion des droits des personnes atteintes d\u2019albinisme et promulgu\u00e9e par le pr\u00e9sident Alpha Cond\u00e9, le 18 mai 2021.<\/span><\/p>\n<p><span style=\"font-size: 14pt\"><strong>Aboubacar Fod\u00e9 Bangoura<\/strong><\/span><\/p>\n","protected":false},"excerpt":{"rendered":"<p>A l\u2019occasion de la Journ\u00e9e Internationale de Sensibilisation \u00e0 l\u2019Albinisme, c\u00e9l\u00e9br\u00e9e ce dimanche 13 juin 2021, la Conf\u00e9d\u00e9ration Nationale des Albinos de Guin\u00e9e a initi\u00e9 une journ\u00e9e culturelle sous le th\u00e8me \u2018\u2019Forts face \u00e0 tout\u2019\u2019. Au Mus\u00e9e National de Sandarvalia, ces personnes atteintes d\u2019albinisme se sont affirm\u00e9es \u00e0 travers la musique et les pas de [&hellip;]<\/p>\n","protected":false},"author":2,"featured_media":4657,"comment_status":"open","ping_status":"open","sticky":false,"template":"","format":"standard","meta":{"footnotes":""},"categories":[21,2],"tags":[],"class_list":{"0":"post-4654","1":"post","2":"type-post","3":"status-publish","4":"format-standard","5":"has-post-thumbnail","7":"category-events","8":"category-featured"},"_links":{"self":[{"href":"https:\/\/tabouleinfos.com\/index.php\/wp-json\/wp\/v2\/posts\/4654","targetHints":{"allow":["GET"]}}],"collection":[{"href":"https:\/\/tabouleinfos.com\/index.php\/wp-json\/wp\/v2\/posts"}],"about":[{"href":"https:\/\/tabouleinfos.com\/index.php\/wp-json\/wp\/v2\/types\/post"}],"author":[{"embeddable":true,"href":"https:\/\/tabouleinfos.com\/index.php\/wp-json\/wp\/v2\/users\/2"}],"replies":[{"embeddable":true,"href":"https:\/\/tabouleinfos.com\/index.php\/wp-json\/wp\/v2\/comments?post=4654"}],"version-history":[{"count":0,"href":"https:\/\/tabouleinfos.com\/index.php\/wp-json\/wp\/v2\/posts\/4654\/revisions"}],"wp:featuredmedia":[{"embeddable":true,"href":"https:\/\/tabouleinfos.com\/index.php\/wp-json\/wp\/v2\/media\/4657"}],"wp:attachment":[{"href":"https:\/\/tabouleinfos.com\/index.php\/wp-json\/wp\/v2\/media?parent=4654"}],"wp:term":[{"taxonomy":"category","embeddable":true,"href":"https:\/\/tabouleinfos.com\/index.php\/wp-json\/wp\/v2\/categories?post=4654"},{"taxonomy":"post_tag","embeddable":true,"href":"https:\/\/tabouleinfos.com\/index.php\/wp-json\/wp\/v2\/tags?post=4654"}],"curies":[{"name":"wp","href":"https:\/\/api.w.org\/{rel}","templated":true}]}}