{"id":4733,"date":"2021-06-21T15:24:37","date_gmt":"2021-06-21T15:24:37","guid":{"rendered":"https:\/\/tabouleinfos.com\/?p=4733"},"modified":"2021-06-21T15:25:54","modified_gmt":"2021-06-21T15:25:54","slug":"salif-keita-touche-par-la-mort-mamady-keita","status":"publish","type":"post","link":"https:\/\/tabouleinfos.com\/index.php\/salif-keita-touche-par-la-mort-mamady-keita\/","title":{"rendered":"Salif Keita touch\u00e9 par la mort de Mamady Ke\u00efta"},"content":{"rendered":"<p><span style=\"font-size: 14pt\"><strong>Le chanteur malien, Salif Keita est touch\u00e9 par la mort du \u2018\u2019dj\u00e9mb\u00e9 fola\u2019\u2019 guin\u00e9en, Mamady Ke\u00efta. Sur son compte Twitter, il a exprim\u00e9 sa compassion.<\/strong><\/span><\/p>\n<p><span style=\"font-size: 14pt\">Pour lui rendre hommage, le \u00a0griot blanc a fait un tweet dans lequel, il \u00e9crit. \u00ab\u00a0Une triste nouvelle ce matin. On a perdu un ma\u00eetre de la musique africaine. Repose en paix mon grand Mamady Ke\u00efta TTM Djembe Academy\u00a0\u00bb<\/span><\/p>\n<blockquote class=\"twitter-tweet\" data-width=\"550\" data-dnt=\"true\">\n<p lang=\"fr\" dir=\"ltr\">Une triste nouvelle ce matin. On a perdu un ma\u00eetre de la musique africaine. Repose en paix mon grand Mamady Ke\u00efta TTM Djembe Academy <a href=\"https:\/\/t.co\/bv0vBFwpO7\">pic.twitter.com\/bv0vBFwpO7<\/a><\/p>\n<p>&mdash; Salif Keita (@SalifKeita) <a href=\"https:\/\/twitter.com\/SalifKeita\/status\/1406969128947269632?ref_src=twsrc%5Etfw\">June 21, 2021<\/a><\/p><\/blockquote>\n<p><script async src=\"https:\/\/platform.twitter.com\/widgets.js\" charset=\"utf-8\"><\/script><\/p>\n<p><span style=\"font-size: 14pt\">Pour rappel, Mamady Ke\u00efta \u00e9tait un artiste guin\u00e9en et ma\u00eetre de percussion, d\u00e9c\u00e9d\u00e9 dans la nuit de dimanche \u00e0 lundi 21 juin 2021 \u00e0 l\u2019h\u00f4pital Saint-Luc de Bruxelles.<\/span><\/p>\n<p><span style=\"font-size: 14pt\">A lire aussi\u00a0: <span style=\"color: #0000ff\"><a style=\"color: #0000ff\" href=\"https:\/\/tabouleinfos.com\/index.php\/page-noire-le-djembe-fola-mamadi-keita-nest-plus\/\"><strong>Page noire\u00a0: Le \u2018\u2019Dj\u00e9mb\u00e9 f\u00f6la\u2019\u2019, Mamadi K\u00e9\u00efta n\u2019est plus\u00a0!<\/strong><\/a><\/span><\/span><\/p>\n<p><strong><span style=\"font-size: 14pt\">Tabouleinfos.com<\/span> <\/strong><\/p>\n","protected":false},"excerpt":{"rendered":"<p>Le chanteur malien, Salif Keita est touch\u00e9 par la mort du \u2018\u2019dj\u00e9mb\u00e9 fola\u2019\u2019 guin\u00e9en, Mamady Ke\u00efta. Sur son compte Twitter, il a exprim\u00e9 sa compassion. Pour lui rendre hommage, le \u00a0griot blanc a fait un tweet dans lequel, il \u00e9crit. \u00ab\u00a0Une triste nouvelle ce matin. On a perdu un ma\u00eetre de la musique africaine. Repose [&hellip;]<\/p>\n","protected":false},"author":2,"featured_media":4734,"comment_status":"open","ping_status":"open","sticky":false,"template":"","format":"standard","meta":{"footnotes":""},"categories":[2,25],"tags":[],"class_list":{"0":"post-4733","1":"post","2":"type-post","3":"status-publish","4":"format-standard","5":"has-post-thumbnail","7":"category-featured","8":"category-news"},"_links":{"self":[{"href":"https:\/\/tabouleinfos.com\/index.php\/wp-json\/wp\/v2\/posts\/4733","targetHints":{"allow":["GET"]}}],"collection":[{"href":"https:\/\/tabouleinfos.com\/index.php\/wp-json\/wp\/v2\/posts"}],"about":[{"href":"https:\/\/tabouleinfos.com\/index.php\/wp-json\/wp\/v2\/types\/post"}],"author":[{"embeddable":true,"href":"https:\/\/tabouleinfos.com\/index.php\/wp-json\/wp\/v2\/users\/2"}],"replies":[{"embeddable":true,"href":"https:\/\/tabouleinfos.com\/index.php\/wp-json\/wp\/v2\/comments?post=4733"}],"version-history":[{"count":0,"href":"https:\/\/tabouleinfos.com\/index.php\/wp-json\/wp\/v2\/posts\/4733\/revisions"}],"wp:featuredmedia":[{"embeddable":true,"href":"https:\/\/tabouleinfos.com\/index.php\/wp-json\/wp\/v2\/media\/4734"}],"wp:attachment":[{"href":"https:\/\/tabouleinfos.com\/index.php\/wp-json\/wp\/v2\/media?parent=4733"}],"wp:term":[{"taxonomy":"category","embeddable":true,"href":"https:\/\/tabouleinfos.com\/index.php\/wp-json\/wp\/v2\/categories?post=4733"},{"taxonomy":"post_tag","embeddable":true,"href":"https:\/\/tabouleinfos.com\/index.php\/wp-json\/wp\/v2\/tags?post=4733"}],"curies":[{"name":"wp","href":"https:\/\/api.w.org\/{rel}","templated":true}]}}