{"id":4973,"date":"2021-07-19T10:38:49","date_gmt":"2021-07-19T10:38:49","guid":{"rendered":"https:\/\/tabouleinfos.com\/?p=4973"},"modified":"2021-07-19T10:38:49","modified_gmt":"2021-07-19T10:38:49","slug":"mort-de-kerfala-kante-deux-ans-apres-ses-enfants-toujours-sous-le-choc","status":"publish","type":"post","link":"https:\/\/tabouleinfos.com\/index.php\/mort-de-kerfala-kante-deux-ans-apres-ses-enfants-toujours-sous-le-choc\/","title":{"rendered":"Mort de Kerfala Kant\u00e9 : deux ans apr\u00e8s, ses enfants toujours sous le choc !"},"content":{"rendered":"<p><span style=\"font-size: 14pt\"><strong>Difficile pour la famille de Kerfala Kant\u00e9 de l\u2019oublier. Deux ans apr\u00e8s sa mort, ses enfants M\u2019balou et Kemo Kant\u00e9 parlent de lui et continuent \u00e0 implorer le pardon de Dieu pour leur p\u00e8re. <\/strong><\/span><\/p>\n<p><span style=\"font-size: 14pt\">Le chanteur guin\u00e9en, Kerfala Kant\u00e9 est mort des suites de maladie \u00e0 la clinique Ambroise Par\u00e9, le 19 juillet 2019. Ce lundi 19 juillet 2021, marque le deuxi\u00e8me anniversaire de son d\u00e9c\u00e8s.<\/span><\/p>\n<p><a href=\"https:\/\/tabouleinfos.com\/wp-content\/uploads\/2021\/07\/Mbalou.jpg\"><img loading=\"lazy\" decoding=\"async\" width=\"534\" height=\"361\" class=\"size-full wp-image-4974 aligncenter\" src=\"https:\/\/tabouleinfos.com\/wp-content\/uploads\/2021\/07\/Mbalou.jpg\" alt=\"\" srcset=\"https:\/\/tabouleinfos.com\/wp-content\/uploads\/2021\/07\/Mbalou.jpg 534w, https:\/\/tabouleinfos.com\/wp-content\/uploads\/2021\/07\/Mbalou-300x203.jpg 300w\" sizes=\"auto, (max-width: 534px) 100vw, 534px\" \/><\/a><\/p>\n<p><span style=\"font-size: 14pt\">Deux ans sans voir son p\u00e8re, pour sa fille <strong>M\u2019balou Kant\u00e9 <\/strong>: \u00ab\u00a0\u00c7a fait mal de perdre un proche mais perdre une personne ressource pour toute une famille, toute une communaut\u00e9 voir pour toute une nation reste et demeure inoubliable.\u00bb<\/span><\/p>\n<p><span style=\"font-size: 14pt\">\u00ab\u00a0Papa tu nous as quitt\u00e9, certes mais ton amour et l\u2019\u00e9ducation que tu nous as laiss\u00e9 ne quitteront jamais, repose en paix sankaran k\u00f6n\u00f6 l\u2019oiseau de toute une nation<\/span><\/p>\n<p><span style=\"font-size: 14pt\">Qu\u2019Allah te pardonne papa\u00bb, a \u00e9crit M\u2019balou Kant\u00e9 sur sa page facebook.\u00a0<\/span><\/p>\n<p><span style=\"font-size: 14pt\">Toujours sous le choc, la chanteuse prie pour le repos de l\u2019\u00e2me de son papa. \u00ab\u00a0Il y\u2019 a de cela deux ans que vous nous avez quitt\u00e9, nous n\u2019arrivons pas \u00e0 oublier le vide que cela nous a cr\u00e9\u00e9&#8230;.Dieu te pardonne PAPA. La GUIN\u00c9E VOUS Pleure \ud83d\ude2d\ud83d\ude2d\ud83d\ude2d\ud83d\ude2d\u00a0\u00bb<\/span><\/p>\n<p><a href=\"https:\/\/tabouleinfos.com\/wp-content\/uploads\/2021\/07\/Kemo.jpg\"><img loading=\"lazy\" decoding=\"async\" width=\"534\" height=\"305\" class=\"size-full wp-image-4977 aligncenter\" src=\"https:\/\/tabouleinfos.com\/wp-content\/uploads\/2021\/07\/Kemo.jpg\" alt=\"\" srcset=\"https:\/\/tabouleinfos.com\/wp-content\/uploads\/2021\/07\/Kemo.jpg 534w, https:\/\/tabouleinfos.com\/wp-content\/uploads\/2021\/07\/Kemo-300x171.jpg 300w\" sizes=\"auto, (max-width: 534px) 100vw, 534px\" \/><\/a><span style=\"font-size: 14pt\">De son c\u00f4t\u00e9, <strong>Kemo Kant\u00e9<\/strong> exprime les m\u00eames\u00a0sentiments : \u00ab\u00a0Cela fait deux ans aujourd\u2019hui que Bahba Kerfala Kant\u00e9 n\u2019est plus parmi nous. Nous prions qu\u2019il soit en paix dans le paradis \u00e9ternel. Amen\u00a0!\u00a0\u00bb<\/span><\/p>\n<p><span style=\"font-size: 14pt\">Pour rappel, dans la carri\u00e8re musicale de Kerfala Kant\u00e9, il avait sorti \u00a0plusieurs albums, notamment\u00a0: \u2018\u2019Biyedi\u2019\u2019, \u2018\u2019New System\u2019\u2019, \u2018\u2019Que se passe-t-il?\u2019\u2019, \u2018\u2019Senekela\u2019\u2019, \u2018\u2019FaraFina\u2019\u2019, \u2018\u2019Djely Laye\u2019\u2019 et \u2018\u2019Ka\u00efra\u2019\u2019.<\/span><\/p>\n<p><span style=\"font-size: 14pt\"><strong>Aboubacar Fod\u00e9 Bangoura<\/strong><\/span><\/p>\n","protected":false},"excerpt":{"rendered":"<p>Difficile pour la famille de Kerfala Kant\u00e9 de l\u2019oublier. Deux ans apr\u00e8s sa mort, ses enfants M\u2019balou et Kemo Kant\u00e9 parlent de lui et continuent \u00e0 implorer le pardon de Dieu pour leur p\u00e8re. Le chanteur guin\u00e9en, Kerfala Kant\u00e9 est mort des suites de maladie \u00e0 la clinique Ambroise Par\u00e9, le 19 juillet 2019. Ce [&hellip;]<\/p>\n","protected":false},"author":2,"featured_media":4975,"comment_status":"open","ping_status":"open","sticky":false,"template":"","format":"standard","meta":{"footnotes":""},"categories":[2,25],"tags":[],"class_list":{"0":"post-4973","1":"post","2":"type-post","3":"status-publish","4":"format-standard","5":"has-post-thumbnail","7":"category-featured","8":"category-news"},"_links":{"self":[{"href":"https:\/\/tabouleinfos.com\/index.php\/wp-json\/wp\/v2\/posts\/4973","targetHints":{"allow":["GET"]}}],"collection":[{"href":"https:\/\/tabouleinfos.com\/index.php\/wp-json\/wp\/v2\/posts"}],"about":[{"href":"https:\/\/tabouleinfos.com\/index.php\/wp-json\/wp\/v2\/types\/post"}],"author":[{"embeddable":true,"href":"https:\/\/tabouleinfos.com\/index.php\/wp-json\/wp\/v2\/users\/2"}],"replies":[{"embeddable":true,"href":"https:\/\/tabouleinfos.com\/index.php\/wp-json\/wp\/v2\/comments?post=4973"}],"version-history":[{"count":0,"href":"https:\/\/tabouleinfos.com\/index.php\/wp-json\/wp\/v2\/posts\/4973\/revisions"}],"wp:featuredmedia":[{"embeddable":true,"href":"https:\/\/tabouleinfos.com\/index.php\/wp-json\/wp\/v2\/media\/4975"}],"wp:attachment":[{"href":"https:\/\/tabouleinfos.com\/index.php\/wp-json\/wp\/v2\/media?parent=4973"}],"wp:term":[{"taxonomy":"category","embeddable":true,"href":"https:\/\/tabouleinfos.com\/index.php\/wp-json\/wp\/v2\/categories?post=4973"},{"taxonomy":"post_tag","embeddable":true,"href":"https:\/\/tabouleinfos.com\/index.php\/wp-json\/wp\/v2\/tags?post=4973"}],"curies":[{"name":"wp","href":"https:\/\/api.w.org\/{rel}","templated":true}]}}