{"id":5034,"date":"2021-07-30T22:48:37","date_gmt":"2021-07-30T22:48:37","guid":{"rendered":"https:\/\/tabouleinfos.com\/?p=5034"},"modified":"2021-07-31T10:02:49","modified_gmt":"2021-07-31T10:02:49","slug":"kassav-en-deuil-son-guitariste-jacob-desvarieux-est-decede","status":"publish","type":"post","link":"https:\/\/tabouleinfos.com\/index.php\/kassav-en-deuil-son-guitariste-jacob-desvarieux-est-decede\/","title":{"rendered":"Kassav&rsquo; en deuil, son guitariste Jacob Desvarieux est d\u00e9c\u00e9d\u00e9\u00a0!"},"content":{"rendered":"<p><span style=\"font-size: 14pt\"><strong>Hospitalis\u00e9 depuis plusieurs semaines, le chanteur, guitariste et fondateur du groupe antillais Kassav&rsquo;, Jacob Desvarieux est d\u00e9c\u00e9d\u00e9, ce vendredi 30 juillet 2021. <\/strong><\/span><\/p>\n<p><span style=\"font-size: 14pt\">D\u00e9c\u00e9d\u00e9 \u00e0 l&rsquo;\u00e2ge de 65 ans, Jacob Desvarieux \u00e9tait plac\u00e9 en coma artificiel pour Covid-19, au CHU de Pointe-\u00e0-Pitre en Guadeloupe.<\/span><\/p>\n<p><span style=\"font-size: 14pt\">Il y a de cela quelques jours sur les r\u00e9seaux sociaux, le concepteur du tube <strong>\u00ab\u00a0Mwen anvi\u00a0\u00bb<\/strong> avait a \u00e9t\u00e9 annonc\u00e9 pour mort. Une information qui a \u00e9t\u00e9 finalement d\u00e9mentie par ses proches.<\/span><\/p>\n<p><span style=\"font-size: 14pt\">La r\u00e9daction de<a href=\"https:\/\/tabouleinfos.com\"> <strong><span style=\"color: #0000ff\">tabouleinfos.com<\/span><\/strong><\/a> pr\u00e9sente ses sinc\u00e8res condol\u00e9ances \u00e0 sa famille biologique et au groupe Kassav&rsquo;.<\/span><\/p>\n<p><span style=\"font-size: 14pt\"><strong>Tabouleinfos.com<\/strong><\/span><\/p>\n<p>&nbsp;<\/p>\n","protected":false},"excerpt":{"rendered":"<p>Hospitalis\u00e9 depuis plusieurs semaines, le chanteur, guitariste et fondateur du groupe antillais Kassav&rsquo;, Jacob Desvarieux est d\u00e9c\u00e9d\u00e9, ce vendredi 30 juillet 2021. D\u00e9c\u00e9d\u00e9 \u00e0 l&rsquo;\u00e2ge de 65 ans, Jacob Desvarieux \u00e9tait plac\u00e9 en coma artificiel pour Covid-19, au CHU de Pointe-\u00e0-Pitre en Guadeloupe. Il y a de cela quelques jours sur les r\u00e9seaux sociaux, le [&hellip;]<\/p>\n","protected":false},"author":2,"featured_media":5035,"comment_status":"open","ping_status":"open","sticky":false,"template":"","format":"standard","meta":{"footnotes":""},"categories":[2,25],"tags":[],"class_list":{"0":"post-5034","1":"post","2":"type-post","3":"status-publish","4":"format-standard","5":"has-post-thumbnail","7":"category-featured","8":"category-news"},"_links":{"self":[{"href":"https:\/\/tabouleinfos.com\/index.php\/wp-json\/wp\/v2\/posts\/5034","targetHints":{"allow":["GET"]}}],"collection":[{"href":"https:\/\/tabouleinfos.com\/index.php\/wp-json\/wp\/v2\/posts"}],"about":[{"href":"https:\/\/tabouleinfos.com\/index.php\/wp-json\/wp\/v2\/types\/post"}],"author":[{"embeddable":true,"href":"https:\/\/tabouleinfos.com\/index.php\/wp-json\/wp\/v2\/users\/2"}],"replies":[{"embeddable":true,"href":"https:\/\/tabouleinfos.com\/index.php\/wp-json\/wp\/v2\/comments?post=5034"}],"version-history":[{"count":0,"href":"https:\/\/tabouleinfos.com\/index.php\/wp-json\/wp\/v2\/posts\/5034\/revisions"}],"wp:featuredmedia":[{"embeddable":true,"href":"https:\/\/tabouleinfos.com\/index.php\/wp-json\/wp\/v2\/media\/5035"}],"wp:attachment":[{"href":"https:\/\/tabouleinfos.com\/index.php\/wp-json\/wp\/v2\/media?parent=5034"}],"wp:term":[{"taxonomy":"category","embeddable":true,"href":"https:\/\/tabouleinfos.com\/index.php\/wp-json\/wp\/v2\/categories?post=5034"},{"taxonomy":"post_tag","embeddable":true,"href":"https:\/\/tabouleinfos.com\/index.php\/wp-json\/wp\/v2\/tags?post=5034"}],"curies":[{"name":"wp","href":"https:\/\/api.w.org\/{rel}","templated":true}]}}