{"id":5063,"date":"2021-08-06T09:35:47","date_gmt":"2021-08-06T09:35:47","guid":{"rendered":"https:\/\/tabouleinfos.com\/?p=5063"},"modified":"2021-08-06T09:35:47","modified_gmt":"2021-08-06T09:35:47","slug":"mort-de-jacob-desvarieux-sa-fille-brise-le-silence","status":"publish","type":"post","link":"https:\/\/tabouleinfos.com\/index.php\/mort-de-jacob-desvarieux-sa-fille-brise-le-silence\/","title":{"rendered":"Mort de Jacob Desvarieux\u00a0: sa fille brise le silence"},"content":{"rendered":"<p><span style=\"font-size: 14pt\"><strong>Les obs\u00e8ques de Jacob Desvarieux se sont d\u00e9roul\u00e9es le jeudi 5 ao\u00fbt. Lors de cet \u00e9v\u00e8nement dans la plus stricte intimit\u00e9, la fille du membre du groupe Kassav&rsquo; a bris\u00e9 le silence, pour lui rendre hommage.<\/strong><\/span><\/p>\n<p><span style=\"font-size: 14pt\"><strong>Jacob Desvarieux, guitariste du groupe antillais Kassav&rsquo;<\/strong>,\u00a0<strong>est d\u00e9c\u00e9d\u00e9<\/strong>\u00a0le vendredi 30 juillet dernier des suites du Covid-19. \u00c0 65 ans, l&rsquo;artiste pr\u00e9sentait\u00a0<strong>des comorbidit\u00e9s<\/strong>, devenu tr\u00e8s fragile \u00e0 la suite de sa transplantation r\u00e9nale et de son diab\u00e8te. Plong\u00e9 dans le coma apr\u00e8s avoir \u00e9t\u00e9\u00a0<strong>hospitalis\u00e9 au d\u00e9but du mois de juillet<\/strong>, celui qui avait re\u00e7u ses trois doses de vaccin ne s&rsquo;en est finalement jamais r\u00e9veill\u00e9. Ce jeudi 5 ao\u00fbt avait lieu\u00a0<strong>les obs\u00e8ques<\/strong>\u00a0de l&rsquo;artiste, mort au CHU de Guadeloupe, \u00e0 Pointe-\u00e0-Pitre. Un \u00e9v\u00e8nement\u00a0<strong>\u00ab\u00a0dans la plus stricte intimit\u00e9, \u00e0 la demande de la famille\u00a0\u00bb\u00a0<\/strong>durant lequel\u00a0<strong>sa fille a bris\u00e9 le silence.<\/strong><\/span><\/p>\n<p><span style=\"font-size: 14pt\">Car sa mort a touch\u00e9 un grand nombre de fans du groupe Kassav&rsquo;, les obs\u00e8ques de Jacob Desvarieux ont \u00e9t\u00e9 retransmises en live sur Facebook. Ils ont ainsi pu d\u00e9couvrir le dernier hommage de la fille du guitariste<strong>. \u00ab\u00a0Mes fr\u00e8res et moi on n&rsquo;a pas \u00e9norm\u00e9ment connu notre p\u00e8re personnellement, mais on a d\u00e9velopp\u00e9 \u00e9norm\u00e9ment d&rsquo;amour pour lui\u00a0malgr\u00e9 tout\u00a0\u00bb<\/strong>, s&rsquo;est-elle exprim\u00e9e. Elle a reconnu avoir \u00e9t\u00e9 touch\u00e9e par les hommages du public. \u00ab\u00a0Des personnes qui ne l&rsquo;ont jamais c\u00f4toy\u00e9 ont \u00e9norm\u00e9ment d&rsquo;amour pour lui, nous sommes en train de le voir ces jours.\u00a0<strong>M\u00eame si la mort apporte \u00e9norm\u00e9ment de tristesse, elle apporte aussi de bonnes choses.\u00a0La\u00a0premi\u00e8re de ces choses, c&rsquo;est qu&rsquo;elle nous aide \u00e0 nous rapprocher ce qui compte r\u00e9ellement\u00a0\u00bb<\/strong>,\u00a0a-t-elle d\u00e9clar\u00e9.<\/span><\/p>\n<p><span style=\"font-size: 14pt\"><strong>Continuer sans Jacob, cela ne va pas \u00eatre possible\u00a0\u00bb<\/strong><\/span><\/p>\n<p><span style=\"font-size: 14pt\">Jocelyne B\u00e9roard s&rsquo;est elle aussi exprim\u00e9e il y a quelques jours, dans les colonnes du\u00a0Parisien, sur cette triste disparition. Elle a \u00e9t\u00e9 claire,\u00a0<strong>l\u2019avenir de la troupe musicale est plus qu&rsquo;incertain<\/strong>.\u00a0<strong>\u00ab\u00a0Continuer sans Jacob, cela ne va pas \u00eatre possible<\/strong>, a t-elle fait savoir.\u00a0Sans Jacob, est-ce qu\u2019on a le droit d\u2019appeler encore le groupe Kassav\u2019 ? Je ne sais pas, on va y r\u00e9fl\u00e9chir.\u00a0<strong>Je crois qu\u2019il est peut-\u00eatre bon de penser autrement aujourd\u2019hui.\u00a0\u00bb<\/strong><\/span><\/p>\n<p><span style=\"font-size: 14pt\">A lire sur\u00a0: <span style=\"color: #0000ff\"><a style=\"color: #0000ff\" href=\"https:\/\/www.gala.fr\/l_actu\/news_de_stars\/mort-de-jacob-desvarieux-sa-fille-brise-le-silence_474040?utm_source=edito&amp;utm_medium=push-web&amp;utm_campaign=mort-de-jacob-desvarieux-sa-fille-brise-le-silence\"><strong>gala.fr<\/strong><\/a><\/span><\/span><\/p>\n","protected":false},"excerpt":{"rendered":"<p>Les obs\u00e8ques de Jacob Desvarieux se sont d\u00e9roul\u00e9es le jeudi 5 ao\u00fbt. Lors de cet \u00e9v\u00e8nement dans la plus stricte intimit\u00e9, la fille du membre du groupe Kassav&rsquo; a bris\u00e9 le silence, pour lui rendre hommage. Jacob Desvarieux, guitariste du groupe antillais Kassav&rsquo;,\u00a0est d\u00e9c\u00e9d\u00e9\u00a0le vendredi 30 juillet dernier des suites du Covid-19. \u00c0 65 ans, [&hellip;]<\/p>\n","protected":false},"author":2,"featured_media":5064,"comment_status":"open","ping_status":"open","sticky":false,"template":"","format":"standard","meta":{"footnotes":""},"categories":[2,25],"tags":[],"class_list":{"0":"post-5063","1":"post","2":"type-post","3":"status-publish","4":"format-standard","5":"has-post-thumbnail","7":"category-featured","8":"category-news"},"_links":{"self":[{"href":"https:\/\/tabouleinfos.com\/index.php\/wp-json\/wp\/v2\/posts\/5063","targetHints":{"allow":["GET"]}}],"collection":[{"href":"https:\/\/tabouleinfos.com\/index.php\/wp-json\/wp\/v2\/posts"}],"about":[{"href":"https:\/\/tabouleinfos.com\/index.php\/wp-json\/wp\/v2\/types\/post"}],"author":[{"embeddable":true,"href":"https:\/\/tabouleinfos.com\/index.php\/wp-json\/wp\/v2\/users\/2"}],"replies":[{"embeddable":true,"href":"https:\/\/tabouleinfos.com\/index.php\/wp-json\/wp\/v2\/comments?post=5063"}],"version-history":[{"count":0,"href":"https:\/\/tabouleinfos.com\/index.php\/wp-json\/wp\/v2\/posts\/5063\/revisions"}],"wp:featuredmedia":[{"embeddable":true,"href":"https:\/\/tabouleinfos.com\/index.php\/wp-json\/wp\/v2\/media\/5064"}],"wp:attachment":[{"href":"https:\/\/tabouleinfos.com\/index.php\/wp-json\/wp\/v2\/media?parent=5063"}],"wp:term":[{"taxonomy":"category","embeddable":true,"href":"https:\/\/tabouleinfos.com\/index.php\/wp-json\/wp\/v2\/categories?post=5063"},{"taxonomy":"post_tag","embeddable":true,"href":"https:\/\/tabouleinfos.com\/index.php\/wp-json\/wp\/v2\/tags?post=5063"}],"curies":[{"name":"wp","href":"https:\/\/api.w.org\/{rel}","templated":true}]}}