{"id":5264,"date":"2021-09-06T12:26:26","date_gmt":"2021-09-06T12:26:26","guid":{"rendered":"https:\/\/tabouleinfos.com\/?p=5264"},"modified":"2021-09-06T12:32:34","modified_gmt":"2021-09-06T12:32:34","slug":"urgent-mort-dun-joueur-de-lequipe-de-france-de-football","status":"publish","type":"post","link":"https:\/\/tabouleinfos.com\/index.php\/urgent-mort-dun-joueur-de-lequipe-de-france-de-football\/","title":{"rendered":"URGENT &#8211; Mort d&rsquo;un joueur de l&rsquo;\u00e9quipe de France de football&#8230;"},"content":{"rendered":"<p><span style=\"font-size: 14pt\"><strong>Dans le coma depuis 1982, l&rsquo;ancien d\u00e9fenseur international fran\u00e7ais Jean-Pierre Adams (73 ans) est mort ce lundi 6 septembre 2021, a-t-on appris.<\/strong><\/span><\/p>\n<p><span style=\"font-size: 14pt\">Le football fran\u00e7ais est en deuil. Un ancien pensionnaire des Bleus est mort lundi 6\u00a0septembre 2021 apr\u00e8s une longue p\u00e9riode de coma. Jean-Pierre Adams, \u00e2g\u00e9 de 73 ans, a port\u00e9 \u00e0 22 reprises le maillot de la s\u00e9lection tricolore dans les ann\u00e9es 70. Le footballeur, originaire du S\u00e9n\u00e9gal, a marqu\u00e9 l\u2019histoire de l\u2019\u00e9quipe de France par son association avec Marius Tr\u00e9sor, formant une charni\u00e8re centrale d\u00e9fensive redoutable surnomm\u00e9e \u00e0 l\u2019\u00e9poque \u00ab\u00a0la garde noire\u00a0\u00bb.<\/span><\/p>\n<p><span style=\"font-size: 14pt\">N\u00e9 \u00e0\u00a0Dakar en 1948, Jean-Pierre Adams est \u00e9lev\u00e9 dans\u00a0l\u2019amour de la\u00a0religion catholique. Sa grand-m\u00e8re\u00a0l\u2019emm\u00e8ne en p\u00e8lerinage \u00e0\u00a0Montargis, dans le\u00a0Loiret, pour y d\u00e9poser le jeune gar\u00e7on, \u00e2g\u00e9 de huit ans, dans une \u00e9cole religieuse. Des parents vont alors adopter le jeune gar\u00e7on et\u00a0lui permettront d\u2019\u00e9chapper \u00e0 l\u2019Assistance publique.<\/span><\/p>\n<p><span style=\"font-size: 14pt\">Ses d\u00e9buts en tant que footballeurs se font avec la formation de l\u2019Entente Fontainebleau avec laquelle il est double\u00a0vice-champion de France Amateurs\u00a0en\u00a01968 et\u00a01969. Jean-Pierre Adams, d\u00e9fenseur, signe ensuite \u00e0\u00a0N\u00eemes\u00a0d\u00e9but 1970. Il explose rapidement \u00e0 mesure que le club gravit les \u00e9chelons du plus haut niveau professionnel. 1972 sera l\u2019ann\u00e9e de sa r\u00e9v\u00e9lation totale puisqu\u2019il finit vice-champion avec son club. Il\u00a0gagne ensuite la\u00a0Coupe des Alpes\u00a0et int\u00e8gre l\u2019\u00c9quipe de France lors d\u2019un France &#8211; Afrique.\u00a0En fin de carri\u00e8re, il signe fin juillet\u00a01980\u00a0au\u00a0FC Chalon.<\/span><\/p>\n<p><span style=\"font-size: 14pt\">Jean-Pierre Adams tombe dans le coma apr\u00e8s une erreur lors d\u2019une banale op\u00e9ration du genou<\/span><\/p>\n<p><span style=\"font-size: 14pt\">\u00c0\u00a0Chalon-sur-Sa\u00f4ne\u00a0\u00e0 partir d\u2019ao\u00fbt\u00a01980, il trouve un emploi \u00e0 l\u2019\u00e9tablissement\u00a0Moreau Sports. Le 17\u00a0mars 1982, un drame se produit alors qu\u2019il doit \u00eatre op\u00e9r\u00e9 d\u2019une rupture du tendon au genou. L\u2019anesth\u00e9siste se trompe dans les dosages et plonge l\u2019international fran\u00e7ais dans un profond coma. Apr\u00e8s 39 ans sans donner de signe de r\u00e9veil, Jean-Pierre Adams est donc mort le 6\u00a0septembre 2021. L\u2019ancien joueur des Bleus laisse derri\u00e8re lui deux fils, Laurent et Fr\u00e9d\u00e9ric et son \u00e9pouse Bernadette.\u00a0<\/span><\/p>\n<p><span style=\"font-size: 14pt\">A lire sur\u00a0: <span style=\"color: #0000ff\"><a style=\"color: #0000ff\" href=\"https:\/\/www.public.fr\/News\/URGENT-Mort-d-un-joueur-de-l-equipe-de-France-de-football-1684142\"><strong>public.fr<\/strong><\/a><\/span><\/span><\/p>\n<p>&nbsp;<\/p>\n","protected":false},"excerpt":{"rendered":"<p>Dans le coma depuis 1982, l&rsquo;ancien d\u00e9fenseur international fran\u00e7ais Jean-Pierre Adams (73 ans) est mort ce lundi 6 septembre 2021, a-t-on appris. Le football fran\u00e7ais est en deuil. Un ancien pensionnaire des Bleus est mort lundi 6\u00a0septembre 2021 apr\u00e8s une longue p\u00e9riode de coma. Jean-Pierre Adams, \u00e2g\u00e9 de 73 ans, a port\u00e9 \u00e0 22 reprises [&hellip;]<\/p>\n","protected":false},"author":2,"featured_media":5267,"comment_status":"closed","ping_status":"closed","sticky":false,"template":"","format":"standard","meta":{"footnotes":""},"categories":[2,23],"tags":[],"class_list":{"0":"post-5264","1":"post","2":"type-post","3":"status-publish","4":"format-standard","5":"has-post-thumbnail","7":"category-featured","8":"category-sport"},"_links":{"self":[{"href":"https:\/\/tabouleinfos.com\/index.php\/wp-json\/wp\/v2\/posts\/5264","targetHints":{"allow":["GET"]}}],"collection":[{"href":"https:\/\/tabouleinfos.com\/index.php\/wp-json\/wp\/v2\/posts"}],"about":[{"href":"https:\/\/tabouleinfos.com\/index.php\/wp-json\/wp\/v2\/types\/post"}],"author":[{"embeddable":true,"href":"https:\/\/tabouleinfos.com\/index.php\/wp-json\/wp\/v2\/users\/2"}],"replies":[{"embeddable":true,"href":"https:\/\/tabouleinfos.com\/index.php\/wp-json\/wp\/v2\/comments?post=5264"}],"version-history":[{"count":0,"href":"https:\/\/tabouleinfos.com\/index.php\/wp-json\/wp\/v2\/posts\/5264\/revisions"}],"wp:featuredmedia":[{"embeddable":true,"href":"https:\/\/tabouleinfos.com\/index.php\/wp-json\/wp\/v2\/media\/5267"}],"wp:attachment":[{"href":"https:\/\/tabouleinfos.com\/index.php\/wp-json\/wp\/v2\/media?parent=5264"}],"wp:term":[{"taxonomy":"category","embeddable":true,"href":"https:\/\/tabouleinfos.com\/index.php\/wp-json\/wp\/v2\/categories?post=5264"},{"taxonomy":"post_tag","embeddable":true,"href":"https:\/\/tabouleinfos.com\/index.php\/wp-json\/wp\/v2\/tags?post=5264"}],"curies":[{"name":"wp","href":"https:\/\/api.w.org\/{rel}","templated":true}]}}