{"id":5550,"date":"2021-10-13T15:56:31","date_gmt":"2021-10-13T15:56:31","guid":{"rendered":"https:\/\/tabouleinfos.com\/?p=5550"},"modified":"2021-10-13T16:08:13","modified_gmt":"2021-10-13T16:08:13","slug":"ministre-de-la-culture-ibro-diabate-propose-mohamed","status":"publish","type":"post","link":"https:\/\/tabouleinfos.com\/index.php\/ministre-de-la-culture-ibro-diabate-propose-mohamed\/","title":{"rendered":"Ministre de la Culture\u2026\u00a0: Ibro Diabat\u00e9\u00a0propose Mohamed\u2026"},"content":{"rendered":"<p><span style=\"font-size: 14pt\"><strong>Mohamed Lamine Fofana \u2018\u2019Globisine\u2019\u2019 est le choix d\u2019Ibro Diabat\u00e9. Quelques jours apr\u00e8s la pr\u00e9sentation de la structure du prochain gouvernement de transition Guin\u00e9enne, l\u2019enfant de Diakank\u00e9 Kounda \u00a0a exprim\u00e9 sa volont\u00e9 de voir cet op\u00e9rateur culturel \u00e0 la t\u00eate du Minist\u00e8re de la Culture, du Tourisme et de l\u2019artisanat.<\/strong><\/span><\/p>\n<p><a href=\"https:\/\/tabouleinfos.com\/wp-content\/uploads\/2021\/10\/globisine-1.jpg\"><img loading=\"lazy\" decoding=\"async\" width=\"1568\" height=\"1126\" class=\"alignnone size-full wp-image-5553\" src=\"https:\/\/tabouleinfos.com\/wp-content\/uploads\/2021\/10\/globisine-1.jpg\" alt=\"\" srcset=\"https:\/\/tabouleinfos.com\/wp-content\/uploads\/2021\/10\/globisine-1.jpg 1568w, https:\/\/tabouleinfos.com\/wp-content\/uploads\/2021\/10\/globisine-1-300x215.jpg 300w, https:\/\/tabouleinfos.com\/wp-content\/uploads\/2021\/10\/globisine-1-1024x735.jpg 1024w, https:\/\/tabouleinfos.com\/wp-content\/uploads\/2021\/10\/globisine-1-768x552.jpg 768w, https:\/\/tabouleinfos.com\/wp-content\/uploads\/2021\/10\/globisine-1-1536x1103.jpg 1536w, https:\/\/tabouleinfos.com\/wp-content\/uploads\/2021\/10\/globisine-1-696x500.jpg 696w, https:\/\/tabouleinfos.com\/wp-content\/uploads\/2021\/10\/globisine-1-1068x767.jpg 1068w, https:\/\/tabouleinfos.com\/wp-content\/uploads\/2021\/10\/globisine-1-585x420.jpg 585w, https:\/\/tabouleinfos.com\/wp-content\/uploads\/2021\/10\/globisine-1-120x86.jpg 120w, https:\/\/tabouleinfos.com\/wp-content\/uploads\/2021\/10\/globisine-1-350x250.jpg 350w, https:\/\/tabouleinfos.com\/wp-content\/uploads\/2021\/10\/globisine-1-750x539.jpg 750w, https:\/\/tabouleinfos.com\/wp-content\/uploads\/2021\/10\/globisine-1-1140x819.jpg 1140w\" sizes=\"auto, (max-width: 1568px) 100vw, 1568px\" \/><\/a><\/p>\n<p><span style=\"font-size: 14pt\">Le vendredi 8 octobre dernier, Ibro Diabat\u00e9 \u00e9tait l\u2019invit\u00e9 de l\u2019\u00e9mission <strong>\u2019\u2019WON KHA YAFEN\u00a0\u00bb<\/strong> de Djoma M\u00e9dias. A cette occasion, il a propos\u00e9 le patron de \u2018\u2019Globisine International Productions\u2019\u2019 au d\u00e9partement de la Culture, du Tourisme et de l\u2019artisanat. \u00a0<\/span><\/p>\n<p><span style=\"font-size: 14pt\">Selon lui, ce dernier a beaucoup fait pour la culture Guin\u00e9enne. Donc \u00ab\u00a0Toute personne qui supportera Globisine, \u00e7a sera la victoire. Il ne peut rien me donner ce que je ne peux pas avoir\u2026 Qui peut exclure ce genre de personne dans la culture, Jean Baptiste Williams, Isto Keira, Globisine.\u00bb, dit-il.<\/span><\/p>\n<p><span style=\"font-size: 14pt\">Puis d\u2019ajouter : \u00ab Le jour que Globisine sera nomm\u00e9 le ministre de la Culture, Takana Zion sera \u00e0 ses c\u00f4t\u00e9s. Il a cette connaissance\u2026\u00bb, a affirm\u00e9 Ibro Diabat\u00e9.<\/span><\/p>\n<p><span style=\"font-size: 14pt\">L\u2019enfant de Diakank\u00e9 Kounda appelle les artistes de soutenir Mohamed Lamine Fofana, pour le rayonnement de la culture Guin\u00e9enne.<\/span><\/p>\n<p><span style=\"font-size: 14pt\"><strong>Aboubacar Fod\u00e9 Bangoura<\/strong><\/span><\/p>\n","protected":false},"excerpt":{"rendered":"<p>Mohamed Lamine Fofana \u2018\u2019Globisine\u2019\u2019 est le choix d\u2019Ibro Diabat\u00e9. Quelques jours apr\u00e8s la pr\u00e9sentation de la structure du prochain gouvernement de transition Guin\u00e9enne, l\u2019enfant de Diakank\u00e9 Kounda \u00a0a exprim\u00e9 sa volont\u00e9 de voir cet op\u00e9rateur culturel \u00e0 la t\u00eate du Minist\u00e8re de la Culture, du Tourisme et de l\u2019artisanat. Le vendredi 8 octobre dernier, Ibro [&hellip;]<\/p>\n","protected":false},"author":2,"featured_media":5551,"comment_status":"closed","ping_status":"closed","sticky":false,"template":"","format":"standard","meta":{"footnotes":""},"categories":[2,25],"tags":[],"class_list":{"0":"post-5550","1":"post","2":"type-post","3":"status-publish","4":"format-standard","5":"has-post-thumbnail","7":"category-featured","8":"category-news"},"_links":{"self":[{"href":"https:\/\/tabouleinfos.com\/index.php\/wp-json\/wp\/v2\/posts\/5550","targetHints":{"allow":["GET"]}}],"collection":[{"href":"https:\/\/tabouleinfos.com\/index.php\/wp-json\/wp\/v2\/posts"}],"about":[{"href":"https:\/\/tabouleinfos.com\/index.php\/wp-json\/wp\/v2\/types\/post"}],"author":[{"embeddable":true,"href":"https:\/\/tabouleinfos.com\/index.php\/wp-json\/wp\/v2\/users\/2"}],"replies":[{"embeddable":true,"href":"https:\/\/tabouleinfos.com\/index.php\/wp-json\/wp\/v2\/comments?post=5550"}],"version-history":[{"count":0,"href":"https:\/\/tabouleinfos.com\/index.php\/wp-json\/wp\/v2\/posts\/5550\/revisions"}],"wp:featuredmedia":[{"embeddable":true,"href":"https:\/\/tabouleinfos.com\/index.php\/wp-json\/wp\/v2\/media\/5551"}],"wp:attachment":[{"href":"https:\/\/tabouleinfos.com\/index.php\/wp-json\/wp\/v2\/media?parent=5550"}],"wp:term":[{"taxonomy":"category","embeddable":true,"href":"https:\/\/tabouleinfos.com\/index.php\/wp-json\/wp\/v2\/categories?post=5550"},{"taxonomy":"post_tag","embeddable":true,"href":"https:\/\/tabouleinfos.com\/index.php\/wp-json\/wp\/v2\/tags?post=5550"}],"curies":[{"name":"wp","href":"https:\/\/api.w.org\/{rel}","templated":true}]}}