{"id":5871,"date":"2021-11-26T11:29:12","date_gmt":"2021-11-26T11:29:12","guid":{"rendered":"https:\/\/tabouleinfos.com\/?p=5871"},"modified":"2021-11-26T11:36:55","modified_gmt":"2021-11-26T11:36:55","slug":"festival-des-arts-de-la-foret-les-organisateurs-prets-pour-la-2e-edition","status":"publish","type":"post","link":"https:\/\/tabouleinfos.com\/index.php\/festival-des-arts-de-la-foret-les-organisateurs-prets-pour-la-2e-edition\/","title":{"rendered":"Festival des Arts de la For\u00eat\u00a0: les organisateurs sont pr\u00eats pour la 2e \u00e9dition\u00a0!"},"content":{"rendered":"<p><span style=\"font-size: 14pt\"><strong>Apr\u00e8s la tenue de la premi\u00e8re \u00e9dition du Festival des Arts de la For\u00eat (FAF) en 2021, la ville de N\u2019z\u00e9r\u00e9kor\u00e9 s\u2019appr\u00eate \u00e0 accueillir la deuxi\u00e8me \u00e9dition de cet \u00e9v\u00e9nement pr\u00e9vue, du 27 au 30 janvier 2022. <\/strong><\/span><\/p>\n<p><span style=\"font-size: 14pt\"><strong>\u2018\u2019La culture facteur de paix, de d\u00e9veloppement et d\u2019int\u00e9gration\u2019\u2019<\/strong> est le th\u00e8me choisi pour cette deuxi\u00e8me \u00e9dition. Pour le lancement officiel, les organisateurs ont anim\u00e9 une conf\u00e9rence de presse \u00e0 Conakry, le jeudi 25 novembre 2021. Au cours cette rencontre avec les hommes de m\u00e9dias, le commissaire G\u00e9n\u00e9ral du FAF n\u2019a pas manqu\u00e9 de rappeler les motifs du choix porter sur la ville de N\u2019z\u00e9r\u00e9kor\u00e9.<\/span><\/p>\n<p><a href=\"https:\/\/tabouleinfos.com\/wp-content\/uploads\/2021\/11\/alice.jpg\"><img loading=\"lazy\" decoding=\"async\" width=\"540\" height=\"322\" class=\"alignnone size-full wp-image-5874\" src=\"https:\/\/tabouleinfos.com\/wp-content\/uploads\/2021\/11\/alice.jpg\" alt=\"\" srcset=\"https:\/\/tabouleinfos.com\/wp-content\/uploads\/2021\/11\/alice.jpg 540w, https:\/\/tabouleinfos.com\/wp-content\/uploads\/2021\/11\/alice-300x179.jpg 300w\" sizes=\"auto, (max-width: 540px) 100vw, 540px\" \/><\/a><\/p>\n<p><span style=\"font-size: 14pt\"><em>\u00ab\u00a0Nous sommes dans l\u2019optique de la d\u00e9centralisation culturelle, parce que pour nous, la Guin\u00e9e ne se limite pas seulement qu\u2019\u00e0 Conakry. Mais la Guin\u00e9e est au del\u00e0 l\u2019ensemble des reliefs de ce pays. Dans cette optique, on s\u2019est dit que nous allons faire en sorte que les jeunes qui vivent de l\u2019autre c\u00f4t\u00e9 puissent vivre r\u00e9ellement les m\u00eames concepts que ceux de la capitale.\u00bb<\/em>, a expliqu\u00e9 Alice Dore.<\/span><\/p>\n<p><span style=\"font-size: 14pt\">Pour cette deuxi\u00e8me \u00e9dition, il y aura au rendez-vous <strong>des panels, des expositions, la gastronomie, des ateliers de formation, le carnaval, le sport, des spectacles et le tourisme.<\/strong><\/span><\/p>\n<p><span style=\"font-size: 14pt\">Concernant les spectacles, il y aura trois plateaux d\u00e9di\u00e9s aux artistes, notamment\u00a0: le <strong><u>Podium folklorique<\/u><\/strong> o\u00f9 se produiront les artistes de la musique traditionnelle foresti\u00e8re. Le <strong><u>Podium moderne<\/u><\/strong>, d\u00e9di\u00e9 aux artistes de la musique urbaine<strong><u>. -Podium international<\/u><\/strong>, r\u00e9serv\u00e9 pour les t\u00eates d\u2019affiche\u00a0: <strong>Azaya, Aubin Thea et Korozen<\/strong>.<\/span><\/p>\n<p><span style=\"font-size: 14pt\">A souligner que, les organisateurs comptent offrir huit latrines \u00e0 la commune urbaine. Mais aussi faire un appel \u00e0 projet d&rsquo;une valeur de 200 millions de franc Guin\u00e9en pour 50 entreprises de la ville de N\u2019z\u00e9r\u00e9kor\u00e9 \u00e0 l\u2019issu duquel 10 jeunes seront retenus.\u00a0<\/span><\/p>\n<p><strong><span style=\"font-size: 14pt\">Aboubacar Fod\u00e9 Bangoura<\/span> <\/strong><\/p>\n","protected":false},"excerpt":{"rendered":"<p>Apr\u00e8s la tenue de la premi\u00e8re \u00e9dition du Festival des Arts de la For\u00eat (FAF) en 2021, la ville de N\u2019z\u00e9r\u00e9kor\u00e9 s\u2019appr\u00eate \u00e0 accueillir la deuxi\u00e8me \u00e9dition de cet \u00e9v\u00e9nement pr\u00e9vue, du 27 au 30 janvier 2022. \u2018\u2019La culture facteur de paix, de d\u00e9veloppement et d\u2019int\u00e9gration\u2019\u2019 est le th\u00e8me choisi pour cette deuxi\u00e8me \u00e9dition. Pour [&hellip;]<\/p>\n","protected":false},"author":2,"featured_media":5873,"comment_status":"closed","ping_status":"closed","sticky":false,"template":"","format":"standard","meta":{"footnotes":""},"categories":[21,2],"tags":[],"class_list":{"0":"post-5871","1":"post","2":"type-post","3":"status-publish","4":"format-standard","5":"has-post-thumbnail","7":"category-events","8":"category-featured"},"_links":{"self":[{"href":"https:\/\/tabouleinfos.com\/index.php\/wp-json\/wp\/v2\/posts\/5871","targetHints":{"allow":["GET"]}}],"collection":[{"href":"https:\/\/tabouleinfos.com\/index.php\/wp-json\/wp\/v2\/posts"}],"about":[{"href":"https:\/\/tabouleinfos.com\/index.php\/wp-json\/wp\/v2\/types\/post"}],"author":[{"embeddable":true,"href":"https:\/\/tabouleinfos.com\/index.php\/wp-json\/wp\/v2\/users\/2"}],"replies":[{"embeddable":true,"href":"https:\/\/tabouleinfos.com\/index.php\/wp-json\/wp\/v2\/comments?post=5871"}],"version-history":[{"count":0,"href":"https:\/\/tabouleinfos.com\/index.php\/wp-json\/wp\/v2\/posts\/5871\/revisions"}],"wp:featuredmedia":[{"embeddable":true,"href":"https:\/\/tabouleinfos.com\/index.php\/wp-json\/wp\/v2\/media\/5873"}],"wp:attachment":[{"href":"https:\/\/tabouleinfos.com\/index.php\/wp-json\/wp\/v2\/media?parent=5871"}],"wp:term":[{"taxonomy":"category","embeddable":true,"href":"https:\/\/tabouleinfos.com\/index.php\/wp-json\/wp\/v2\/categories?post=5871"},{"taxonomy":"post_tag","embeddable":true,"href":"https:\/\/tabouleinfos.com\/index.php\/wp-json\/wp\/v2\/tags?post=5871"}],"curies":[{"name":"wp","href":"https:\/\/api.w.org\/{rel}","templated":true}]}}