{"id":6238,"date":"2022-01-10T11:41:27","date_gmt":"2022-01-10T11:41:27","guid":{"rendered":"https:\/\/tabouleinfos.com\/?p=6238"},"modified":"2022-01-10T11:42:49","modified_gmt":"2022-01-10T11:42:49","slug":"fatouma-zahra-traore-nous-parle-de-la-1ere-edition-du-salon-de-levenementiel-guineen-interview","status":"publish","type":"post","link":"https:\/\/tabouleinfos.com\/index.php\/fatouma-zahra-traore-nous-parle-de-la-1ere-edition-du-salon-de-levenementiel-guineen-interview\/","title":{"rendered":"Fatouma Zahra Traore nous parle du 1er Salon de l\u2019Ev\u00e9nementiel Guin\u00e9en (Interview)"},"content":{"rendered":"<p><strong><span style=\"font-size: 14pt\">La premi\u00e8re \u00e9dition du Salon de l\u2019Ev\u00e9nementiel Guin\u00e9en (SADEG) se tiendra \u00e0 Conakry, du 25 au 26 mars 2022. Cet \u00e9v\u00e9nement est initi\u00e9 par la structure Zahraf Com \u00e9voluant dans l\u2019\u00e9v\u00e9nementiel, la d\u00e9coration et la sc\u00e9nographie. Pour avoir plus de d\u00e9tails sur cet \u00e9v\u00e9nement d\u00e9di\u00e9 au secteur de l\u2019\u00e9v\u00e9nementiel, Tabouleinfos.com a interrog\u00e9 Fatouma Zahra Traore, PDG de Zaraf Com.<\/span><\/strong><\/p>\n<p><span style=\"font-size: 14pt\">Ci-dessous, d\u00e9couvrez cet entretien\u00a0!<\/span><\/p>\n<p><span style=\"font-size: 14pt\"><strong>Tabouleinfos\u00a0: Parlez-nous de l\u2019\u00e9v\u00e9nement Salon de l\u2019Ev\u00e9nementiel Guin\u00e9en\u00a0!<\/strong><\/span><\/p>\n<p><a href=\"https:\/\/tabouleinfos.com\/wp-content\/uploads\/2022\/01\/sadeg.jpg\"><img loading=\"lazy\" decoding=\"async\" width=\"955\" height=\"430\" class=\"alignnone size-full wp-image-6240\" src=\"https:\/\/tabouleinfos.com\/wp-content\/uploads\/2022\/01\/sadeg.jpg\" alt=\"\" srcset=\"https:\/\/tabouleinfos.com\/wp-content\/uploads\/2022\/01\/sadeg.jpg 955w, https:\/\/tabouleinfos.com\/wp-content\/uploads\/2022\/01\/sadeg-300x135.jpg 300w, https:\/\/tabouleinfos.com\/wp-content\/uploads\/2022\/01\/sadeg-768x346.jpg 768w, https:\/\/tabouleinfos.com\/wp-content\/uploads\/2022\/01\/sadeg-696x313.jpg 696w, https:\/\/tabouleinfos.com\/wp-content\/uploads\/2022\/01\/sadeg-933x420.jpg 933w, https:\/\/tabouleinfos.com\/wp-content\/uploads\/2022\/01\/sadeg-750x338.jpg 750w\" sizes=\"auto, (max-width: 955px) 100vw, 955px\" \/><\/a><\/p>\n<p><span style=\"font-size: 14pt\"><strong>Fatouma Zahra Traore :<\/strong> Le Salon de l\u2019Ev\u00e9nementiel Guin\u00e9en (SADEG) est un cadre de travail, d\u2019\u00e9change, d\u2019opportunit\u00e9, de partage d\u2019id\u00e9e et d\u2019exp\u00e9rience cr\u00e9\u00e9 pour les acteurs de l\u2019\u00e9v\u00e9nementiel. L\u2019\u00e9v\u00e9nementiel est un secteur tr\u00e8s vaste et tr\u00e8s pris\u00e9 en Guin\u00e9e qui regroupe en grande partie la jeunesse. Il est temps de s\u2019y int\u00e9resser et mettre en avant les m\u00e9tiers qui constituent ce secteur.<\/span><\/p>\n<p><span style=\"font-size: 14pt\"><strong>Tabouleinfos\u00a0:<\/strong> <strong>Qu\u2019est-ce qui vous a pouss\u00e9 \u00e0 organiser cet \u00e9v\u00e9nement\u00a0et quel est l\u2019objectif vis\u00e9\u00a0?<\/strong><\/span><\/p>\n<p><span style=\"font-size: 14pt\"><strong>Fatouma Zahra Traore :<\/strong> L\u2019objectif au d\u00e9part c\u2019\u00e9tait de valoriser et mettre en avant les m\u00e9tiers et les acteurs de l\u2019\u00e9v\u00e9nementiel en Guin\u00e9e. Apr\u00e8s mainte r\u00e9flexion et partage, nous avons compris que c\u2019est un secteur qui a en son sein, beaucoup de probl\u00e8mes non r\u00e9solus et qu\u2019il fallait regrouper les acteurs concern\u00e9s pour en parler afin de trouver des solutions. Parmi ces probl\u00e8mes, il y a la non r\u00e9glementation du secteur. En Guin\u00e9e, tout le monde fait ce qu\u2019il veut dans ce secteur et tout le monde fait tout \u00e0 la fois. C\u2019est anormal\u2026 Est-ce qu\u2019il des lois concernant l\u2019\u00e9v\u00e9nementiel dans notre pays\u00a0? Il y a l\u2019absence de la fili\u00e8re dans nos programmes d\u2019\u00e9tudes sup\u00e9rieures et professionnelles. Hors, c\u2019est un secteur qui regroupe une grande majorit\u00e9 de la jeunesse. Pour ce fait, la fili\u00e8re doit \u00eatre int\u00e9gr\u00e9e dans nos programmes d\u2019\u00e9tudes pour permettre \u00e0 cette jeunesse d\u2019apprendre et comprendre dans quoi ils se lancent. \u00a0<\/span><\/p>\n<p><span style=\"font-size: 14pt\"><strong>Tabouleinfos\u00a0:<\/strong> <strong>Quelles sont les diff\u00e9rentes activit\u00e9s qui sont pr\u00e9vues pour cette premi\u00e8re \u00e9dition\u00a0?<\/strong><\/span><\/p>\n<p><span style=\"font-size: 14pt\"><strong>Fatouma Zahra Traore :<\/strong> Au compte de cette premi\u00e8re \u00e9dition, nous avons pr\u00e9vu des sessions de formation, des panels autour des th\u00e9matiques pertinentes, une exposition des acteurs de ce secteur et une c\u00e9r\u00e9monie de distinction qui mettra en avant les meilleurs acteurs de l\u2019\u00e9v\u00e9nementiel de l\u2019ann\u00e9e 2021.<\/span><\/p>\n<p><span style=\"font-size: 14pt\"><strong>Tabouleinfos\u00a0:<\/strong> <strong>Vous \u00eates \u00e0 quel niveau des pr\u00e9paratifs\u00a0?<\/strong><\/span><\/p>\n<p><span style=\"font-size: 14pt\"><strong>Fatouma Zahra Traore :<\/strong> Nous avons mis en place des sessions de formation qui sont organis\u00e9es en pr\u00e9lude de l\u2019\u00e9v\u00e9nement, pr\u00e9vues le 10 janvier. Mais elles se tiendront finalement, le 25 janvier 2022. Cette ann\u00e9e, le th\u00e8me de la formation porte sur <strong>\u2018\u2019la D\u00e9coration \u00e9v\u00e9nementielle\u2019\u2019<\/strong>. Nous allons former les jeunes dans cette fili\u00e8re, avec des outils ad\u00e9quats pour se lancer dans l\u2019entreprenariat. Nous allons lancer dans les prochains jours, les campagnes de communication sur nos canaux digitaux avant d\u2019attaquer la derni\u00e8re phase qui l\u2019organisation de l\u2019\u00e9v\u00e9nement.<\/span><\/p>\n<p><span style=\"font-size: 14pt\"><strong>Tabouleinfos\u00a0: Quel message aviez-vous \u00e0 lancer aux autorit\u00e9s du minist\u00e8re de la Culture, du Tourisme et de l\u2019Artisanat, avec le d\u00e9partement des Sports et de la Jeunesse\u00a0?<\/strong><\/span><\/p>\n<p><span style=\"font-size: 14pt\"><strong>Fatouma Zahra Traore :<\/strong> Je leur demande de s\u2019int\u00e9resser \u00e0 ce projet, car il est pertinent et il est temps d\u2019en parler. Il y a assez de choses \u00e0 faire, des probl\u00e8mes internes. Donc leur participation est plus que n\u00e9cessaire pour palier \u00e0 ces probl\u00e8mes. On les invite de nous accompagner et \u00e0 nous \u00e9couter pour prendre des bonnes d\u00e9cisions concernant <strong>l\u2019entreprenariat jeune. <\/strong><\/span><\/p>\n<p><span style=\"font-size: 14pt\"><strong>Aboubacar Fod\u00e9 Bangoura<\/strong><\/span><\/p>\n","protected":false},"excerpt":{"rendered":"<p>La premi\u00e8re \u00e9dition du Salon de l\u2019Ev\u00e9nementiel Guin\u00e9en (SADEG) se tiendra \u00e0 Conakry, du 25 au 26 mars 2022. Cet \u00e9v\u00e9nement est initi\u00e9 par la structure Zahraf Com \u00e9voluant dans l\u2019\u00e9v\u00e9nementiel, la d\u00e9coration et la sc\u00e9nographie. Pour avoir plus de d\u00e9tails sur cet \u00e9v\u00e9nement d\u00e9di\u00e9 au secteur de l\u2019\u00e9v\u00e9nementiel, Tabouleinfos.com a interrog\u00e9 Fatouma Zahra Traore, [&hellip;]<\/p>\n","protected":false},"author":2,"featured_media":6242,"comment_status":"closed","ping_status":"closed","sticky":false,"template":"","format":"standard","meta":{"footnotes":""},"categories":[2,15],"tags":[],"class_list":{"0":"post-6238","1":"post","2":"type-post","3":"status-publish","4":"format-standard","5":"has-post-thumbnail","7":"category-featured","8":"category-interview"},"_links":{"self":[{"href":"https:\/\/tabouleinfos.com\/index.php\/wp-json\/wp\/v2\/posts\/6238","targetHints":{"allow":["GET"]}}],"collection":[{"href":"https:\/\/tabouleinfos.com\/index.php\/wp-json\/wp\/v2\/posts"}],"about":[{"href":"https:\/\/tabouleinfos.com\/index.php\/wp-json\/wp\/v2\/types\/post"}],"author":[{"embeddable":true,"href":"https:\/\/tabouleinfos.com\/index.php\/wp-json\/wp\/v2\/users\/2"}],"replies":[{"embeddable":true,"href":"https:\/\/tabouleinfos.com\/index.php\/wp-json\/wp\/v2\/comments?post=6238"}],"version-history":[{"count":0,"href":"https:\/\/tabouleinfos.com\/index.php\/wp-json\/wp\/v2\/posts\/6238\/revisions"}],"wp:featuredmedia":[{"embeddable":true,"href":"https:\/\/tabouleinfos.com\/index.php\/wp-json\/wp\/v2\/media\/6242"}],"wp:attachment":[{"href":"https:\/\/tabouleinfos.com\/index.php\/wp-json\/wp\/v2\/media?parent=6238"}],"wp:term":[{"taxonomy":"category","embeddable":true,"href":"https:\/\/tabouleinfos.com\/index.php\/wp-json\/wp\/v2\/categories?post=6238"},{"taxonomy":"post_tag","embeddable":true,"href":"https:\/\/tabouleinfos.com\/index.php\/wp-json\/wp\/v2\/tags?post=6238"}],"curies":[{"name":"wp","href":"https:\/\/api.w.org\/{rel}","templated":true}]}}