{"id":6256,"date":"2022-01-12T14:26:24","date_gmt":"2022-01-12T14:26:24","guid":{"rendered":"https:\/\/tabouleinfos.com\/?p=6256"},"modified":"2022-01-12T14:42:14","modified_gmt":"2022-01-12T14:42:14","slug":"le-mali-sous-embargo-mokobe-reagit-les-maliens-ne-meritent-vraiment-pas-ca","status":"publish","type":"post","link":"https:\/\/tabouleinfos.com\/index.php\/le-mali-sous-embargo-mokobe-reagit-les-maliens-ne-meritent-vraiment-pas-ca\/","title":{"rendered":"Le Mali sous embargo, Mokobe r\u00e9agit\u00a0: \u00ab\u00a0les maliens ne m\u00e9ritent vraiment pas \u00e7a\u00a0\u00bb"},"content":{"rendered":"<p><span style=\"font-size: 14pt\"><strong>Le dimanche 9 janvier dernier \u00e0 Accra, la CEDEAO a plac\u00e9 le Mali sous embargo en guise de sanction contre la junte au pouvoir depuis ao\u00fbt 2020. Suite \u00e0 cela, le rappeur franco-malien Mokobe est intervenu sur facebook en plaidant pour que \u00ab ces d\u00e9cisions soient revues et de donner du temps a la transition pour s\u2019organiser afin que les \u00e9lections puissent avoir lieu \u00bb. A la m\u00eame occasion, il a appel\u00e9 le peuple malien d\u2019\u00eatre fort et patient.<\/strong><\/span><\/p>\n<p><span style=\"font-size: 14pt\">Lors de la rencontre \u00e0 huis-clos des dirigeants de la CEDEAO, ils ont d\u00e9cid\u00e9 de fermer les fronti\u00e8res avec le Mali au sein de l\u2019espace sous-r\u00e9gional. Mais aussi suspendre les \u00e9changes commerciaux, excepter les produits de premi\u00e8re n\u00e9cessit\u00e9. La CEDEAO n\u2019h\u00e9sitera pas \u00e0 couper ses aides financi\u00e8res et de geler les avoirs du Mali \u00e0 la Banque centrale des Etats de l\u2019Afrique de l\u2019Ouest (BCEAO). Ces diff\u00e9rentes sanctions contre le pays natal de Mokobe, ne le laissent pas indiff\u00e9rent.<\/span><\/p>\n<p><span style=\"font-size: 14pt\">Sur facebook, le rappeur s\u2019est adress\u00e9 \u00e0 la Communaut\u00e9 \u00e9conomique des \u00c9tats de l&rsquo;Afrique de l&rsquo;Ouest et \u00e0 ses compatriotes.<\/span><\/p>\n<p><span style=\"font-size: 14pt\">\u00ab\u00a0Ch\u00e8res africaines, chers africains<\/span><\/p>\n<p><span style=\"font-size: 14pt\">J\u2019ai appris avec stup\u00e9faction la d\u00e9cision de la CEDEAO d\u2019imposer un embargo au peuple malien avec la fermeture des fronti\u00e8res terrestres et a\u00e9riennes, ainsi que la suspension de transactions commerciales.<\/span><\/p>\n<p><span style=\"font-size: 14pt\">Les maliennes et les maliens ne m\u00e9ritent vraiment pas \u00e7a. Nous savons que ces d\u00e9cisions politiques n\u2019entachera en rien la fraternit\u00e9 que les maliens ont avec les peuples des pays de la CEDEAO.<\/span><\/p>\n<p><span style=\"font-size: 14pt\">Mais ces d\u00e9cisions vont impacter la population malienne qui travaille dur chaque jour dignement pour subvenir \u00e0 ses besoins.<\/span><\/p>\n<p><span style=\"font-size: 14pt\">Je demande solennellement \u00e0 ce que ces d\u00e9cisions soient revues et de donner du temps a la transition pour s\u2019organiser afin que les \u00e9lections puissent avoir lieu.<\/span><\/p>\n<p><span style=\"font-size: 14pt\">Il faut \u00eatre logique et poser des bases solides pour que le Mali puisse avancer.<\/span><\/p>\n<p><span style=\"font-size: 14pt\">\u00c0 tous les fr\u00e8res et s\u0153urs maliens, soyons forts et patients. Nous sommes un peuple solidaire et si Dieu veut nous sortirons la t\u00eate haute de cette \u00e9preuve.<\/span><\/p>\n<p><span style=\"font-size: 14pt\">Nous savons que nous pouvons compter sur le soutien des peuples voisins et de toutes les personnes qui n\u2019acceptent pas l\u2019injustice, et la plupart sont indign\u00e9s tout comme nous\u2026\u00bb, a \u00e9crit Mokobe.<\/span><\/p>\n<p><span style=\"font-size: 14pt\"><strong>Tabouleinfos.com<\/strong><\/span><\/p>\n","protected":false},"excerpt":{"rendered":"<p>Le dimanche 9 janvier dernier \u00e0 Accra, la CEDEAO a plac\u00e9 le Mali sous embargo en guise de sanction contre la junte au pouvoir depuis ao\u00fbt 2020. Suite \u00e0 cela, le rappeur franco-malien Mokobe est intervenu sur facebook en plaidant pour que \u00ab ces d\u00e9cisions soient revues et de donner du temps a la transition [&hellip;]<\/p>\n","protected":false},"author":2,"featured_media":6258,"comment_status":"closed","ping_status":"closed","sticky":false,"template":"","format":"standard","meta":{"footnotes":""},"categories":[2,25],"tags":[],"class_list":{"0":"post-6256","1":"post","2":"type-post","3":"status-publish","4":"format-standard","5":"has-post-thumbnail","7":"category-featured","8":"category-news"},"_links":{"self":[{"href":"https:\/\/tabouleinfos.com\/index.php\/wp-json\/wp\/v2\/posts\/6256","targetHints":{"allow":["GET"]}}],"collection":[{"href":"https:\/\/tabouleinfos.com\/index.php\/wp-json\/wp\/v2\/posts"}],"about":[{"href":"https:\/\/tabouleinfos.com\/index.php\/wp-json\/wp\/v2\/types\/post"}],"author":[{"embeddable":true,"href":"https:\/\/tabouleinfos.com\/index.php\/wp-json\/wp\/v2\/users\/2"}],"replies":[{"embeddable":true,"href":"https:\/\/tabouleinfos.com\/index.php\/wp-json\/wp\/v2\/comments?post=6256"}],"version-history":[{"count":0,"href":"https:\/\/tabouleinfos.com\/index.php\/wp-json\/wp\/v2\/posts\/6256\/revisions"}],"wp:featuredmedia":[{"embeddable":true,"href":"https:\/\/tabouleinfos.com\/index.php\/wp-json\/wp\/v2\/media\/6258"}],"wp:attachment":[{"href":"https:\/\/tabouleinfos.com\/index.php\/wp-json\/wp\/v2\/media?parent=6256"}],"wp:term":[{"taxonomy":"category","embeddable":true,"href":"https:\/\/tabouleinfos.com\/index.php\/wp-json\/wp\/v2\/categories?post=6256"},{"taxonomy":"post_tag","embeddable":true,"href":"https:\/\/tabouleinfos.com\/index.php\/wp-json\/wp\/v2\/tags?post=6256"}],"curies":[{"name":"wp","href":"https:\/\/api.w.org\/{rel}","templated":true}]}}