{"id":6269,"date":"2022-01-13T15:56:54","date_gmt":"2022-01-13T15:56:54","guid":{"rendered":"https:\/\/tabouleinfos.com\/?p=6269"},"modified":"2022-01-13T15:56:54","modified_gmt":"2022-01-13T15:56:54","slug":"youssoupha-la-situation-au-mali-je-la-deplore","status":"publish","type":"post","link":"https:\/\/tabouleinfos.com\/index.php\/youssoupha-la-situation-au-mali-je-la-deplore\/","title":{"rendered":"Youssoupha\u00a0: \u00ab\u00a0La situation au Mali, je la d\u00e9plore\u00a0\u00bb"},"content":{"rendered":"<p><span style=\"font-size: 14pt\"><strong>A Conakry pour le double concert de l\u2019an 15 de la radio Espace FM, le rappeur fran\u00e7ais Youssoupha s\u2019est exprim\u00e9 sur les sanctions de la CEDEAO contre le Mali. <\/strong><\/span><\/p>\n<p><span style=\"font-size: 14pt\">Sur les ondes de la radio Espace FM et TV, le \u00a0<strong>\u2018\u2019Lyriciste Bantou\u2019\u2019<\/strong> a \u00e9t\u00e9 interrog\u00e9 par nos conf\u00e8res dans l\u2019\u00e9mission <strong>\u2018\u2019les Grandes Gueules\u2019\u2019<\/strong>. Concernant les sanctions contre le Mali, Youssoupha a laiss\u00e9 entendre que\u00a0: \u00ab\u00a0La situation au Mali, je la d\u00e9plore. J\u2019ai une pens\u00e9e forcement \u00e9mue par rapport \u00e0 ce peuple qui demande son droit de souverainet\u00e9. Il n\u2019y a rien d\u2019exceptionnel. Tous les peuples ont droit \u00e0 la souverainet\u00e9. C\u2019est aussi vieux que l\u2019ind\u00e9pendance. Le peuple malien est un peuple digne. Le fait qu\u2019il soit en ce moment isol\u00e9, l\u00e2ch\u00e9 par certains, n\u00e9glig\u00e9 et certains ne lui reconnaissent pas la possibilit\u00e9 de son destin. C\u2019est quelque chose qui me g\u00eane.\u00bb, a regrett\u00e9 le papa de Malick.<\/span><\/p>\n<p><span style=\"font-size: 14pt\">Pour terminer, dira-t-il\u00a0: \u00ab\u00a0Les peuples africains comme tous les peuples du monde ont droit d\u2019\u00eatre des peuples souverains et de d\u00e9cider de leur destin. Les maliens ont ce droit le plus supr\u00eame. Donc je pense \u00e0 eux fort. Je pense aux artistes maliens qui essaient de porter leurs voix. Il ne devrait pas se passer au Mali ce qui s\u2019y passe actuellement.\u00bb, a-t-il soulign\u00e9.<\/span><\/p>\n<p><span style=\"font-size: 14pt\"><strong>Aboubacar Fod\u00e9 Bangoura<\/strong><\/span><\/p>\n","protected":false},"excerpt":{"rendered":"<p>A Conakry pour le double concert de l\u2019an 15 de la radio Espace FM, le rappeur fran\u00e7ais Youssoupha s\u2019est exprim\u00e9 sur les sanctions de la CEDEAO contre le Mali. Sur les ondes de la radio Espace FM et TV, le \u00a0\u2018\u2019Lyriciste Bantou\u2019\u2019 a \u00e9t\u00e9 interrog\u00e9 par nos conf\u00e8res dans l\u2019\u00e9mission \u2018\u2019les Grandes Gueules\u2019\u2019. Concernant les [&hellip;]<\/p>\n","protected":false},"author":2,"featured_media":6270,"comment_status":"closed","ping_status":"closed","sticky":false,"template":"","format":"standard","meta":{"footnotes":""},"categories":[2,25],"tags":[],"class_list":{"0":"post-6269","1":"post","2":"type-post","3":"status-publish","4":"format-standard","5":"has-post-thumbnail","7":"category-featured","8":"category-news"},"_links":{"self":[{"href":"https:\/\/tabouleinfos.com\/index.php\/wp-json\/wp\/v2\/posts\/6269","targetHints":{"allow":["GET"]}}],"collection":[{"href":"https:\/\/tabouleinfos.com\/index.php\/wp-json\/wp\/v2\/posts"}],"about":[{"href":"https:\/\/tabouleinfos.com\/index.php\/wp-json\/wp\/v2\/types\/post"}],"author":[{"embeddable":true,"href":"https:\/\/tabouleinfos.com\/index.php\/wp-json\/wp\/v2\/users\/2"}],"replies":[{"embeddable":true,"href":"https:\/\/tabouleinfos.com\/index.php\/wp-json\/wp\/v2\/comments?post=6269"}],"version-history":[{"count":0,"href":"https:\/\/tabouleinfos.com\/index.php\/wp-json\/wp\/v2\/posts\/6269\/revisions"}],"wp:featuredmedia":[{"embeddable":true,"href":"https:\/\/tabouleinfos.com\/index.php\/wp-json\/wp\/v2\/media\/6270"}],"wp:attachment":[{"href":"https:\/\/tabouleinfos.com\/index.php\/wp-json\/wp\/v2\/media?parent=6269"}],"wp:term":[{"taxonomy":"category","embeddable":true,"href":"https:\/\/tabouleinfos.com\/index.php\/wp-json\/wp\/v2\/categories?post=6269"},{"taxonomy":"post_tag","embeddable":true,"href":"https:\/\/tabouleinfos.com\/index.php\/wp-json\/wp\/v2\/tags?post=6269"}],"curies":[{"name":"wp","href":"https:\/\/api.w.org\/{rel}","templated":true}]}}