{"id":6306,"date":"2022-01-22T10:42:57","date_gmt":"2022-01-22T10:42:57","guid":{"rendered":"https:\/\/tabouleinfos.com\/?p=6306"},"modified":"2022-01-22T10:42:57","modified_gmt":"2022-01-22T10:42:57","slug":"expo-agrimines-2022-la-ville-de-boke-abritera-cette-1ere-edition","status":"publish","type":"post","link":"https:\/\/tabouleinfos.com\/index.php\/expo-agrimines-2022-la-ville-de-boke-abritera-cette-1ere-edition\/","title":{"rendered":"EXPO-AGRIMINES 2022 : la ville de Bok\u00e9 abritera cette 1\u00e8re \u00a0\u00e9dition"},"content":{"rendered":"<p><span style=\"font-size: 14pt\"><strong>Le vendredi 21 janvier, l&rsquo;\u00e9quipe de pilotage du projet \u00ab EXPO-AGRIMINES 2022 \u00bb a tenu un point de presse au Chapiteau de palais du peuple. Objectif, lancer les activit\u00e9s de la 1<sup>\u00e8re<\/sup> \u00e9dition de cet \u00e9v\u00e9nement qui se tiendra dans la ville de Bok\u00e9. <\/strong><\/span><\/p>\n<p><span style=\"font-size: 14pt\">Ce projet dont le th\u00e8me est <strong><em>\u00ab\u00a0MINES et AGRICULTURE, MOTEUR de la CROISSANCE et de la PROSP\u00c9RIT\u00c9\u00a0\u00bb<\/em><\/strong>, se veut contribuer \u00e0 la r\u00e9alisation de la synergie des secteurs miniers et agricoles, comme les deux principaux p\u00f4les du d\u00e9veloppement socio-\u00e9conomique de la Guin\u00e9e.<\/span><\/p>\n<p><span style=\"font-size: 14pt\">Dans son intervention, la Pr\u00e9sidente du projet \u00abEXPO-AGRIMINES 2022 \u00bb, Saran <strong>Angel FOFANA<\/strong> a, dans un premier temps, fait remarquer l&rsquo;\u00e9norme impact \u00e9conomique du secteur agricole qui est consid\u00e9r\u00e9 comme l&rsquo;un des piliers incontournables dans le d\u00e9veloppement socio-\u00e9conomique de notre pays, mais toutefois ignor\u00e9 \u00e0 cause de la richesse du sous-sol, sur lequel un accent particulier est mis.<\/span><\/p>\n<p><span style=\"font-size: 14pt\">\u00ab Lorsque l\u2019on \u00e9voque le d\u00e9veloppement guin\u00e9en, ce qui est g\u00e9n\u00e9ralement reconnu et mis en avant, c\u2019est la richesse du sous-sol, en ignorant l\u2019importance de son potentiel agricole. Pourtant, le Secteur agricole dispose d\u2019importants atouts qui offrent de nombreuses possibilit\u00e9s d\u2019acc\u00e9l\u00e9ration de la croissance et de cr\u00e9ation d\u2019emplois durables \u00bb.<\/span><\/p>\n<p><span style=\"font-size: 14pt\">Puis affirme sans perplexit\u00e9 que : \u00ab Le potentiel agricole guin\u00e9en peut assurer la capacit\u00e9 \u00e0 la fois d\u2019assurer l\u2019autosuffisance alimentaire des populations, de d\u00e9gager d\u2019importants revenus d\u2019exportation, notamment par le biais des cultures de rente, et surtout, d\u2019ouvrir la voie \u00e0 des investissements rentables \u00e0 forte valeur ajout\u00e9e \u00bb.<\/span><\/p>\n<p><span style=\"font-size: 14pt\">Poursuivant son allocution, elle a point\u00e9 du doigt la pr\u00e9carit\u00e9, la pauvret\u00e9 et les cons\u00e9quences n\u00e9fastes laiss\u00e9es par l&rsquo;exploitation mini\u00e8re dont font face les riverains dans les villes mini\u00e8res.<\/span><\/p>\n<p><span style=\"font-size: 14pt\">\u00ab L\u2019analyse du tableau de bord de l\u2019\u00e9conomie nationale conclut que les mines et l\u2019agriculture sont deux domaines du Secteur primaire de l\u2019\u00e9conomie guin\u00e9enne qui pr\u00e9sentent un grand contraste en terme d\u2019impact socio-\u00e9conomique, tout en d\u00e9montrant la faiblesse de cette \u00e9conomie qui reste encore largement tributaire des perspectives mini\u00e8res. Ce contraste s\u2019observe dans les zones mini\u00e8res o\u00f9 les populations vivent dans une grande pr\u00e9carit\u00e9, malgr\u00e9 la croissance des statistiques de production de la bauxite. En cons\u00e9quence, les populations riveraines sont pauvres \u00e0 cause de l\u2019abandon de l\u2019agriculture au profit des d\u00e9parts massifs dans les champs d\u2019orpaillages et autres zones mini\u00e8res \u00bb.<\/span><\/p>\n<p><span style=\"font-size: 14pt\">\u00ab C\u2019est pourquoi, la premi\u00e8re \u00e9dition de cette exposition sera surtout ax\u00e9e sur la mise en valeur de cette diversification \u00e9conomique, en montrant que des investissements substantiels et \u00e0 petite \u00e9chelle dans l\u2019agro-business peuvent am\u00e9liorer le quotidien des populations rurales impact\u00e9es par l\u2019exploitation mini\u00e8re. En outre, elle mettra un accent particulier sur la valeur ajout\u00e9e des mines dans l\u2019\u00e9conomie locale et sur l\u2019impact des activit\u00e9s du monde rural, notamment : l\u2019agriculture, l\u2019\u00e9levage, la sylviculture, etc. Sur la r\u00e9silience des communaut\u00e9s riveraines des zones mini\u00e8res, \u00e0 la pauvret\u00e9 \u00bb, a-t-elle indiqu\u00e9.<\/span><\/p>\n<p><span style=\"font-size: 14pt\"><strong>Madic<\/strong> au nom des jeunes de la ville de Bok\u00e9, a jug\u00e9 n\u00e9cessaire de r\u00e9mun\u00e9rer un certain nombre de points qu&rsquo;ils attendent d&rsquo;assouvir \u00e0 travers le projet EXPO-AGRIMINES 2022.<\/span><\/p>\n<p><span style=\"font-size: 14pt\">\u00ab Nous attendons la r\u00e9habilitation de toutes les zones impact\u00e9es par l&rsquo;exploitation mini\u00e8re. &#8211; la r\u00e9couverture et le reboisement de ces endroits &#8211; L&rsquo;addiction en eau potable des communaut\u00e9s &#8211; Financement des projets agricoles, piscicoles et \u00e9levages &#8211; La protection des sources d&rsquo;eau &#8211; La construction des \u00e9coles, des march\u00e9s et des centres de sant\u00e9 &#8211; Et le respect scrupuleux du contenu local \u00bb<\/span><\/p>\n<p><span style=\"font-size: 14pt\">Selon la pr\u00e9sidente du projet, le choix port\u00e9 sur la ville de Bok\u00e9 pour abritera cette 1<sup>\u00e8re<\/sup> \u00a0\u00e9dition, r\u00e9sulte des atouts de cette localit\u00e9 notamment, historique de la ville portant des vestiges de la colonisation, et devenue depuis plusieurs d\u00e9cennies, une r\u00e9gion mini\u00e8re incontournable.<\/span><\/p>\n<p><span style=\"font-size: 14pt\"><strong>Isma\u00ebl Kon\u00e9<\/strong><\/span><\/p>\n","protected":false},"excerpt":{"rendered":"<p>Le vendredi 21 janvier, l&rsquo;\u00e9quipe de pilotage du projet \u00ab EXPO-AGRIMINES 2022 \u00bb a tenu un point de presse au Chapiteau de palais du peuple. Objectif, lancer les activit\u00e9s de la 1\u00e8re \u00e9dition de cet \u00e9v\u00e9nement qui se tiendra dans la ville de Bok\u00e9. Ce projet dont le th\u00e8me est \u00ab\u00a0MINES et AGRICULTURE, MOTEUR de [&hellip;]<\/p>\n","protected":false},"author":2,"featured_media":6310,"comment_status":"closed","ping_status":"closed","sticky":false,"template":"","format":"standard","meta":{"footnotes":""},"categories":[21,2],"tags":[],"class_list":{"0":"post-6306","1":"post","2":"type-post","3":"status-publish","4":"format-standard","5":"has-post-thumbnail","7":"category-events","8":"category-featured"},"_links":{"self":[{"href":"https:\/\/tabouleinfos.com\/index.php\/wp-json\/wp\/v2\/posts\/6306","targetHints":{"allow":["GET"]}}],"collection":[{"href":"https:\/\/tabouleinfos.com\/index.php\/wp-json\/wp\/v2\/posts"}],"about":[{"href":"https:\/\/tabouleinfos.com\/index.php\/wp-json\/wp\/v2\/types\/post"}],"author":[{"embeddable":true,"href":"https:\/\/tabouleinfos.com\/index.php\/wp-json\/wp\/v2\/users\/2"}],"replies":[{"embeddable":true,"href":"https:\/\/tabouleinfos.com\/index.php\/wp-json\/wp\/v2\/comments?post=6306"}],"version-history":[{"count":0,"href":"https:\/\/tabouleinfos.com\/index.php\/wp-json\/wp\/v2\/posts\/6306\/revisions"}],"wp:featuredmedia":[{"embeddable":true,"href":"https:\/\/tabouleinfos.com\/index.php\/wp-json\/wp\/v2\/media\/6310"}],"wp:attachment":[{"href":"https:\/\/tabouleinfos.com\/index.php\/wp-json\/wp\/v2\/media?parent=6306"}],"wp:term":[{"taxonomy":"category","embeddable":true,"href":"https:\/\/tabouleinfos.com\/index.php\/wp-json\/wp\/v2\/categories?post=6306"},{"taxonomy":"post_tag","embeddable":true,"href":"https:\/\/tabouleinfos.com\/index.php\/wp-json\/wp\/v2\/tags?post=6306"}],"curies":[{"name":"wp","href":"https:\/\/api.w.org\/{rel}","templated":true}]}}