{"id":636,"date":"2020-06-16T12:39:52","date_gmt":"2020-06-16T12:39:52","guid":{"rendered":"https:\/\/tabouleinfos.com\/?p=636"},"modified":"2020-06-16T12:42:27","modified_gmt":"2020-06-16T12:42:27","slug":"tiken-jah-presente-ses-condoleances-a-la-famille-de-petit-conde","status":"publish","type":"post","link":"https:\/\/tabouleinfos.com\/index.php\/tiken-jah-presente-ses-condoleances-a-la-famille-de-petit-conde\/","title":{"rendered":"Tiken Jah pr\u00e9sente ses condol\u00e9ances \u00e0 la famille de Petit Cond\u00e9"},"content":{"rendered":"<p><strong>La mort de Petit Cond\u00e9 n&rsquo;a pas affect\u00e9 seulement que le monde culturel guin\u00e9en, par les notes de sa guitare, il a rendu service au reggae man ivoirien Tiken Jah Fakoly. Loin de la Guin\u00e9e, cet artiste panafricain pr\u00e9sente ses sinc\u00e8res condol\u00e9ances \u00e0 la famille d&rsquo;Ansoumane Camara.<\/strong><\/p>\n<p>Sur sa page facebook dans la matin\u00e9e de ce mardi 16 juin, Tiken Jah Fakoly a trouv\u00e9 quelques mots pour parler du c\u00e9l\u00e8bre guitariste guin\u00e9en d\u00e9c\u00e9d\u00e9 le lundi 15 juin 2020.<\/p>\n<p><strong><em>\u00ab\u00a0Il \u00e9tait celui qui a contribu\u00e9 \u00e0 trouver la couleur mandingue de mon reggae .PETIT CONDE nous a quitt\u00e9 ce lundi, je pr\u00e9sente mes condol\u00e9ances \u00e0 toute sa famille et son pays la Guin\u00e9e.<\/em> \u2764\ufe0f\u00a0\u00bb<\/strong><\/p>\n<p>A souligner que, Petit Cond\u00e9 sera inhum\u00e9 demain mercredi 17 juin 2020 au cimeti\u00e8re de Cameroun (Conakry) apr\u00e8s la lev\u00e9e du corps \u00e0 la morgue de l&rsquo;h\u00f4pital Ignace Deen.<\/p>\n<p><strong>Aboubacar Fod\u00e9 Bangoura<\/strong><\/p>\n","protected":false},"excerpt":{"rendered":"<p>La mort de Petit Cond\u00e9 n&rsquo;a pas affect\u00e9 seulement que le monde culturel guin\u00e9en, par les notes de sa guitare, il a rendu service au reggae man ivoirien Tiken Jah Fakoly. Loin de la Guin\u00e9e, cet artiste panafricain pr\u00e9sente ses sinc\u00e8res condol\u00e9ances \u00e0 la famille d&rsquo;Ansoumane Camara. Sur sa page facebook dans la matin\u00e9e de [&hellip;]<\/p>\n","protected":false},"author":2,"featured_media":637,"comment_status":"open","ping_status":"open","sticky":false,"template":"","format":"standard","meta":{"footnotes":""},"categories":[2,25],"tags":[],"class_list":{"0":"post-636","1":"post","2":"type-post","3":"status-publish","4":"format-standard","5":"has-post-thumbnail","7":"category-featured","8":"category-news"},"_links":{"self":[{"href":"https:\/\/tabouleinfos.com\/index.php\/wp-json\/wp\/v2\/posts\/636","targetHints":{"allow":["GET"]}}],"collection":[{"href":"https:\/\/tabouleinfos.com\/index.php\/wp-json\/wp\/v2\/posts"}],"about":[{"href":"https:\/\/tabouleinfos.com\/index.php\/wp-json\/wp\/v2\/types\/post"}],"author":[{"embeddable":true,"href":"https:\/\/tabouleinfos.com\/index.php\/wp-json\/wp\/v2\/users\/2"}],"replies":[{"embeddable":true,"href":"https:\/\/tabouleinfos.com\/index.php\/wp-json\/wp\/v2\/comments?post=636"}],"version-history":[{"count":0,"href":"https:\/\/tabouleinfos.com\/index.php\/wp-json\/wp\/v2\/posts\/636\/revisions"}],"wp:featuredmedia":[{"embeddable":true,"href":"https:\/\/tabouleinfos.com\/index.php\/wp-json\/wp\/v2\/media\/637"}],"wp:attachment":[{"href":"https:\/\/tabouleinfos.com\/index.php\/wp-json\/wp\/v2\/media?parent=636"}],"wp:term":[{"taxonomy":"category","embeddable":true,"href":"https:\/\/tabouleinfos.com\/index.php\/wp-json\/wp\/v2\/categories?post=636"},{"taxonomy":"post_tag","embeddable":true,"href":"https:\/\/tabouleinfos.com\/index.php\/wp-json\/wp\/v2\/tags?post=636"}],"curies":[{"name":"wp","href":"https:\/\/api.w.org\/{rel}","templated":true}]}}