{"id":6533,"date":"2022-02-15T09:01:10","date_gmt":"2022-02-15T09:01:10","guid":{"rendered":"https:\/\/tabouleinfos.com\/?p=6533"},"modified":"2022-02-15T09:01:10","modified_gmt":"2022-02-15T09:01:10","slug":"interview-on-parle-du-rastafari-avec-ras-niemjah-cote-divoire","status":"publish","type":"post","link":"https:\/\/tabouleinfos.com\/index.php\/interview-on-parle-du-rastafari-avec-ras-niemjah-cote-divoire\/","title":{"rendered":"Interview : On parle du rastafari avec Ras NiemJah (C\u00f4te d\u2019Ivoire)"},"content":{"rendered":"<p><span style=\"font-size: 14pt\"><strong>Ras NiemJah, \u00e0 l&rsquo;\u00e9tat civil Aboubacar Sidiki Camara, est le pr\u00e9sident de la Communaut\u00e9 Rasta de C\u00f4te d\u2019Ivoire et le p\u00e8re-fondateur du village Rasta de Vridi (Abidjan). Il est \u00e9galement chanteur reggae, auteur, compositeur, arrangeur et producteur. Originaire de la Guin\u00e9e, il a pass\u00e9 tout son temps en dehors de son pays natal. Pr\u00e9sentement en s\u00e9jour \u00e0 Conakry, il nous accord\u00e9 une interview dans laquelle il nous a parl\u00e9 de sa visite au bercail, l\u2019existence de la Communaut\u00e9 Rasta de C\u00f4te d\u2019Ivoire, la destruction du village rasta de Vridi. Mais aussi de sa carri\u00e8re musicale, sans oublier son nouvel album \u2018\u2019Higher\u2019\u2019 en hommage \u00e0 sa m\u00e8re \u2018\u2019Ma Djene\u2019\u2019. <\/strong><\/span><\/p>\n<p><span style=\"font-size: 14pt\">Ci-dessous, d\u00e9couvrez cette interview\u00a0!<\/span><\/p>\n<p><span style=\"font-size: 14pt\"><strong>Tabouleinfos\u00a0: Qu\u2019est-ce qu\u2019on peut retenir de votre s\u00e9jour en Guin\u00e9e\u00a0?<\/strong><\/span><\/p>\n<p><span style=\"font-size: 14pt\"><strong>Ras NiemJah\u00a0:<\/strong> Mon s\u00e9jour ne fait que commencer. Je d\u00e9couvre mon pays d\u2019origine, le pays de mon p\u00e8re et de ma m\u00e8re en compagnie de mes fr\u00e8res qui me permettent de me ressourcer.<\/span><\/p>\n<p><span style=\"font-size: 14pt\"><strong>Tabouleinfos\u00a0: Parlez-nous de la Communaut\u00e9 Rasta de C\u00f4te d\u2019Ivoire\u00a0?<\/strong><\/span><\/p>\n<p><span style=\"font-size: 14pt\"><strong>Ras NiemJah\u00a0:<\/strong> Comme toutes les communaut\u00e9s en g\u00e9n\u00e9ral, c\u2019est une communaut\u00e9 de fr\u00e8res et de s\u0153urs qui essaie de vivre en harmonie pour le bien-\u00eatre de l\u2019Afrique. Nous \u0153uvrons toujours pour l\u2019amour de l\u2019Afrique. Donc c\u2019est le one love qu\u2019on est en train de cultiver. La Communaut\u00e9 Rasta de C\u00f4te d\u2019Ivoire comme toutes les autres, essaie de se mettre en place et faire du mieux qu\u2019elle peut pour le progr\u00e8s des membres de la communaut\u00e9, aussi particip\u00e9 au programme culturel du pays.<\/span><\/p>\n<p><span style=\"font-size: 14pt\"><strong>Tabouleinfos : Comment les rasta sont-ils vus en C\u00f4te d\u2019Ivoire ?<\/strong><\/span><\/p>\n<p><span style=\"font-size: 14pt\"><strong>Ras NiemJah\u00a0:<\/strong> Pr\u00e9sentement, les rastas sont bien vus. Ce n\u2019a pas \u00e9t\u00e9 le cas au d\u00e9but. Dans d\u2019autres pays aussi \u00e7a n\u2019a pas \u00e9t\u00e9 facile, m\u00eame la Jama\u00efque. Les rastas faisant de leurs talents, leurs \u0153uvres, leur mani\u00e8re de penser, les gens finissent par d\u00e9couvrir le rasta comme un homme positif, un \u00eatre africain qui a l\u2019amour de son prochain. Mais qui aime son continent\u2026 D\u2019o\u00f9 le \u2018\u2019one love\u2019\u2019.<\/span><\/p>\n<p><span style=\"font-size: 14pt\"><strong>Tabouleinfos\u00a0: Vous \u00eates le leader la Communaut\u00e9 Rasta de \u00a0C\u00f4te d\u2019Ivoire. Dites-nous ce que vous aviez pu apporter \u00e0 ce mouvement\u00a0?<\/strong><\/span><\/p>\n<p><span style=\"font-size: 14pt\"><strong>Ras NiemJah\u00a0:<\/strong> En tant que membre avant de parler du r\u00f4le de pr\u00e9sident, je suis \u00e0 l\u2019origine de la cr\u00e9ation du label Conquering Lion Production qui a produit plus d\u2019une dizaine d\u2019artistes en C\u00f4te d\u2019Ivoire. Mais aussi des artistes de la sous-r\u00e9gion. C\u2019est un label que nous avons cr\u00e9\u00e9 pour les rastas et faire connaitre les messages des rastas. Cela a vachement contribu\u00e9 \u00e0 la connaissance et l\u2019\u00e9tablissement des rastas en C\u00f4te d\u2019Ivoire. Nous n\u2019avons pas fait que cela. Nous avons mont\u00e9 des groupes de musiciens qui font aujourd\u2019hui la fiert\u00e9 de la C\u00f4te d\u2019Ivoire. Nous n\u2019avons fait que le travail de rasta. Positive vibration\u2026<\/span><\/p>\n<p><span style=\"font-size: 14pt\"><strong>Tabouleinfos\u00a0: Quel a \u00e9t\u00e9 votre \u00e9tat d\u2019\u00e2me suite \u00e0 la destruction du village rasta de Vridi \u00e0 Abidjan par la police en 2012\u00a0? \u00a0<\/strong><\/span><\/p>\n<p><span style=\"font-size: 14pt\"><strong>Ras NiemJah\u00a0:<\/strong> J\u2019ai \u00e9t\u00e9 choqu\u00e9. J\u2019ai m\u00eame eu \u00e0 faire une conf\u00e9rence de presse. Nous avions port\u00e9 plainte \u00e0 la justice. Jusqu\u2019\u00e0 pr\u00e9sent, le pourquoi du comment, nous les rastas, nous ne pouvons pas le dire. Nous savons que des gens sont venus en uniforme (des gendarmes, loubards\u2026). Tous ceux-l\u00e0 r\u00e9unis en un, on ne peut pas dire si c\u2019\u00e9tait la loi ou les gangsters qui \u00e9taient l\u00e0. La r\u00e9action du ministre de la Culture de ce moment a \u00e9t\u00e9 positive. Car le ministre \u00e9tait venu sur les lieux et il a fait une petite d\u00e9claration. Parce que c\u2019\u00e9tait anticonstitutionnel. Mais il n\u2019y a pas eu de suite et m\u00eame devant la justice, ils ont dit que la personne qui a \u00e9t\u00e9 responsable de la destruction qui porte le nom de Zayer et que ce monsieur \u00e9tait coupable, mais \u00e9tait couverte par la diplomatie. C\u2019est \u00e7a qui a \u00e9t\u00e9 notre grande surprise. Comment des diplomates peuvent se permettre de faire des choses dans d\u2019autres pays\u00a0? Nous n\u2019avons pas compris grand-chose, mais toujours est-il que c\u2019est rest\u00e9 comme \u00e7a. Le gouvernement n\u2019a pas eu de r\u00e9action plus que \u00e7a.<\/span><\/p>\n<p><span style=\"font-size: 14pt\"><strong>Tabouleinfos\u00a0: Selon vous, quel rapport existe entre le rastafari, les dreadlocks, \u00a0et la Gandja\u00a0?<\/strong><\/span><\/p>\n<p><span style=\"font-size: 14pt\"><strong>Ras NiemJah\u00a0:<\/strong> Vraiment, je ne saurai donner le rapport entre le dreadlocks et le rasta. Bob Marley l\u2019a d\u00e9j\u00e0 chant\u00e9. Rien qu\u2019\u00e0 partir de cette chanson, on peut savoir qu\u2019est-ce que c\u2019est que dreadlocks et rasta. La Gandja, c\u2019est une herbe qui est fum\u00e9e par tout le monde, des Indous, des bayfall. En ma connaissance, ce n\u2019est pas li\u00e9 \u00e0 rasta. Peut-\u00eatre que le rasta utilise la gandja, mais il n\u2019a pas \u00e9t\u00e9 le premier et il ne sera pas le dernier. Donc je ne peux pas dire le rapport existant entre le rasta et la gandja, sinon \u00e0 mon niveau, je dirai qu\u2019il n\u2019y a pas un grand rapport. Parce qu\u2019on peut \u00eatre rasta sans fumer la gandja, comme on peut fumer la gandja sans \u00eatre rasta.<\/span><\/p>\n<p><span style=\"font-size: 14pt\"><strong>Tabouleinfos\u00a0: Vous aviez rencontr\u00e9 le Mouvement Rasta de Guin\u00e9e (MOURAG) pour une prise de contact. Peut-on s\u2019attendre \u00e0 une coop\u00e9ration entre votre communaut\u00e9 et celle de la Guin\u00e9e\u00a0?<\/strong><\/span><\/p>\n<p><span style=\"font-size: 14pt\"><strong>Ras NiemJah\u00a0: <\/strong>C\u2019est le but du rastafari de r\u00e9unir tous les enfants positifs qui veulent le bien de l\u2019Afrique. Les rastas en Guin\u00e9e, si vous voyez comment ils sont organis\u00e9s d\u00e9j\u00e0 et ce qu\u2019ils essaient de faire, vous allez comprendre la positivit\u00e9 qui y existe. C\u2019est la m\u00eame chose chez les autres fr\u00e8res, l\u2019envie de croiser les uns, les autres. Il faut savoir qu\u2019il y a beaucoup de contacts entre nous m\u00eame si \u00e7a ne parait pas intercommunautaire, il y a des membres de nos diff\u00e9rentes communaut\u00e9s qui se fr\u00e9quentent. Il y a des rastas de la Guin\u00e9e qui ont \u00e9t\u00e9 en C\u00f4te d\u2019Ivoire. Ils ont des fr\u00e8res et amis l\u00e0-bas. Il y a des rastas ivoiriens qui sont venus en Guin\u00e9e. Il y en a qui ont eu l\u2019opportunit\u00e9 de venir avec Lyricson et ils chantent les merveilles de la Guin\u00e9e en C\u00f4te d\u2019Ivoire. Les rastas, tout ce qu\u2019ils demandent, c\u2019est d\u2019unir l\u2019Afrique. Quant \u00e0 eux, ils sont d\u00e9j\u00e0 unis dans l\u2019esprit, la mani\u00e8re de comprendre les choses\u2026 Les fronti\u00e8res, ce n\u2019est pas nous qui les tenons. Sinon s\u2019ils tenaient qu\u2019\u00e0 nous, l\u2019Afrique serait un seul pays.<\/span><\/p>\n<p><span style=\"font-size: 14pt\"><strong>Tabouleinfos\u00a0: En dehors de votre foi rasta, vous \u00eates artiste chanteur reggae. Rappelez-nous de votre carri\u00e8re musicale\u00a0?<\/strong><\/span><\/p>\n<p><span style=\"font-size: 14pt\"><strong>Ras NiemJah\u00a0:<\/strong> J\u2019ai plus d\u2019une vingtaine d\u2019ann\u00e9es de carri\u00e8re musicale. Personnellement, la notion de date n\u2019est pas trop mon histoire. Mais je vous dirai que j\u2019ai fait quelques \u0153uvres. J\u2019ai eu \u00e0 sortir quelques albums en Occident. En Europe, j\u2019ai fait quelques collaborations avec les artistes de les Cara\u00efbes. C\u2019est maintenant, j\u2019essaie de me faire connaitre par ici. La dur\u00e9e de ma carri\u00e8re artistique a \u00e9t\u00e9 faite en dehors de l\u2019Afrique. Sauf la production. J\u2019ai cr\u00e9\u00e9 le label Conquering Lion Production. J\u2019ai \u00e9crit pour bon nombre d\u2019artistes. J\u2019ai r\u00e9alis\u00e9 des albums\u2026 Ce n\u2019est pas facile de parler de soi. J\u2019ai pass\u00e9 plus de temps \u00e0 m\u2019occuper des gens que ma carri\u00e8re personnelle.<\/span><\/p>\n<p><span style=\"font-size: 14pt\">Mon dernier album s\u2019appelle <strong>\u2018\u2019Higher\u2019\u2019<\/strong>. Il est compos\u00e9 de 10 titres. Il a \u00e9t\u00e9 fait entre les Cara\u00efbes, la France, en C\u00f4te d\u2019Ivoire. J\u2019ai mix\u00e9 une partie en Jama\u00efque, \u00e0 Londres et en France.<\/span><\/p>\n<p><span style=\"font-size: 14pt\"><strong>Tabouleinfos\u00a0: Le mot de la fin\u00a0!<\/strong><\/span><\/p>\n<p><span style=\"font-size: 14pt\"><strong>Ras NiemJah\u00a0:<\/strong> Je dis merci \u00e0 Tabouleinfos de m\u2019accorder cette interview. Je remercie la Guin\u00e9e et les guin\u00e9ens. Je n\u2019oublie pas de remercier le couple par lequel j\u2019ai pu vraiment d\u00e9couvrir mon pays et rencontrer tout ce beau monde. Lyricson et Mme, vraiment big up\u00a0!<\/span><\/p>\n<p><a href=\"https:\/\/tabouleinfos.com\/wp-content\/uploads\/2022\/02\/ras-niemjah-interview-scaled.jpg\"><img loading=\"lazy\" decoding=\"async\" width=\"2560\" height=\"1981\" class=\"alignnone size-full wp-image-6535\" src=\"https:\/\/tabouleinfos.com\/wp-content\/uploads\/2022\/02\/ras-niemjah-interview-scaled.jpg\" alt=\"\" srcset=\"https:\/\/tabouleinfos.com\/wp-content\/uploads\/2022\/02\/ras-niemjah-interview-scaled.jpg 2560w, https:\/\/tabouleinfos.com\/wp-content\/uploads\/2022\/02\/ras-niemjah-interview-300x232.jpg 300w, https:\/\/tabouleinfos.com\/wp-content\/uploads\/2022\/02\/ras-niemjah-interview-1024x792.jpg 1024w, https:\/\/tabouleinfos.com\/wp-content\/uploads\/2022\/02\/ras-niemjah-interview-768x594.jpg 768w, https:\/\/tabouleinfos.com\/wp-content\/uploads\/2022\/02\/ras-niemjah-interview-1536x1188.jpg 1536w, https:\/\/tabouleinfos.com\/wp-content\/uploads\/2022\/02\/ras-niemjah-interview-2048x1585.jpg 2048w, https:\/\/tabouleinfos.com\/wp-content\/uploads\/2022\/02\/ras-niemjah-interview-696x539.jpg 696w\" sizes=\"auto, (max-width: 2560px) 100vw, 2560px\" \/><\/a><\/p>\n<p><span style=\"font-size: 14pt\"><strong>Aboubacar Fod\u00e9 Bangoura<\/strong><\/span><\/p>\n","protected":false},"excerpt":{"rendered":"<p>Ras NiemJah, \u00e0 l&rsquo;\u00e9tat civil Aboubacar Sidiki Camara, est le pr\u00e9sident de la Communaut\u00e9 Rasta de C\u00f4te d\u2019Ivoire et le p\u00e8re-fondateur du village Rasta de Vridi (Abidjan). Il est \u00e9galement chanteur reggae, auteur, compositeur, arrangeur et producteur. Originaire de la Guin\u00e9e, il a pass\u00e9 tout son temps en dehors de son pays natal. Pr\u00e9sentement en [&hellip;]<\/p>\n","protected":false},"author":2,"featured_media":6534,"comment_status":"closed","ping_status":"closed","sticky":false,"template":"","format":"standard","meta":{"footnotes":""},"categories":[2,15],"tags":[],"class_list":{"0":"post-6533","1":"post","2":"type-post","3":"status-publish","4":"format-standard","5":"has-post-thumbnail","7":"category-featured","8":"category-interview"},"_links":{"self":[{"href":"https:\/\/tabouleinfos.com\/index.php\/wp-json\/wp\/v2\/posts\/6533","targetHints":{"allow":["GET"]}}],"collection":[{"href":"https:\/\/tabouleinfos.com\/index.php\/wp-json\/wp\/v2\/posts"}],"about":[{"href":"https:\/\/tabouleinfos.com\/index.php\/wp-json\/wp\/v2\/types\/post"}],"author":[{"embeddable":true,"href":"https:\/\/tabouleinfos.com\/index.php\/wp-json\/wp\/v2\/users\/2"}],"replies":[{"embeddable":true,"href":"https:\/\/tabouleinfos.com\/index.php\/wp-json\/wp\/v2\/comments?post=6533"}],"version-history":[{"count":0,"href":"https:\/\/tabouleinfos.com\/index.php\/wp-json\/wp\/v2\/posts\/6533\/revisions"}],"wp:featuredmedia":[{"embeddable":true,"href":"https:\/\/tabouleinfos.com\/index.php\/wp-json\/wp\/v2\/media\/6534"}],"wp:attachment":[{"href":"https:\/\/tabouleinfos.com\/index.php\/wp-json\/wp\/v2\/media?parent=6533"}],"wp:term":[{"taxonomy":"category","embeddable":true,"href":"https:\/\/tabouleinfos.com\/index.php\/wp-json\/wp\/v2\/categories?post=6533"},{"taxonomy":"post_tag","embeddable":true,"href":"https:\/\/tabouleinfos.com\/index.php\/wp-json\/wp\/v2\/tags?post=6533"}],"curies":[{"name":"wp","href":"https:\/\/api.w.org\/{rel}","templated":true}]}}