{"id":6617,"date":"2022-03-03T10:03:28","date_gmt":"2022-03-03T10:03:28","guid":{"rendered":"https:\/\/tabouleinfos.com\/?p=6617"},"modified":"2022-03-03T10:03:28","modified_gmt":"2022-03-03T10:03:28","slug":"lhumoriste-malien-att-junior-en-interview-chez-tabouleinfos","status":"publish","type":"post","link":"https:\/\/tabouleinfos.com\/index.php\/lhumoriste-malien-att-junior-en-interview-chez-tabouleinfos\/","title":{"rendered":"L\u2019humoriste malien, ATT Junior\u00a0en interview chez Tabouleinfos\u00a0"},"content":{"rendered":"<p><span style=\"font-size: 14pt\"><strong>Au compte de la rubrique Interview de cette semaine, Tabouleinfos.com d\u00e9barque au Mali pour rencontrer l\u2019artiste com\u00e9dien, humoriste et acteur, ATT Junior. Djeli Moussa Kouyat\u00e9 \u00e0 l\u2019\u00e9tat civil, est l\u2019initiateur du festival Mali du Rire (MDR). En dehors de ces diff\u00e9rentes activit\u00e9s, Il est d\u00e9tenteur d\u2019une Ma\u00eetrise en Philosophie et d\u2019un Master 2 en Communication. Il est \u00e9galement dipl\u00f4m\u00e9 de l\u2019Ecole Nation de l\u2019Humour du Canada. <\/strong><\/span><\/p>\n<p><span style=\"font-size: 14pt\">Dans cet entretien, l\u2019artiste malien nous renvoie sur les traces de sa carri\u00e8re dans l\u2019humour et la com\u00e9die. Il a aussi profit\u00e9 pour nous parler de l\u2019attaque \u00e0 balle r\u00e9elle dont il a \u00e9t\u00e9 victime en 2020. De passage, ATT Junior, nous a livre ses impressions sur le niveau des humoristes guin\u00e9ens. En tant que malien, il a eu quelques mots \u00e0 dire concernant les sanctions de la CEDEAO contre son Mali natal.<\/span><\/p>\n<p><span style=\"font-size: 14pt\">Ci-dessous, on vous laisse d\u00e9couvrir cette interview.<\/span><\/p>\n<p><span style=\"font-size: 14pt\"><strong>Tabouleinfos\u00a0: Pourquoi le nom ATT Junior ?<\/strong><\/span><\/p>\n<p><span style=\"font-size: 14pt\"><strong>ATT Junior\u00a0:<\/strong> Au d\u00e9but, je voulais me faire appeler le Prince de la Com\u00e9die. Mais c\u2019est dans l\u2019imitation de l\u2019ancien pr\u00e9sident Amadou Toumany Tour\u00e9 que les gens m\u2019ont surnomm\u00e9 ATT Junior. Voil\u00e0 comment le nom est venu.<\/span><\/p>\n<p><span style=\"font-size: 14pt\"><strong>Tabouleinfos\u00a0: Parlez-vous de votre parcours dans l\u2019humour\u00a0!<\/strong><\/span><\/p>\n<p><span style=\"font-size: 14pt\"><strong>ATT Junior\u00a0:<\/strong> Mon parcours a commenc\u00e9 en 5\u00e8me ann\u00e9e. J\u2019avais un professeur Aly J\u00e9r\u00e9mi qui nous pr\u00e9parait pour le th\u00e9\u00e2tre \u00e0 l\u2019\u00e9cole, parce que c\u2019\u00e9tait inclut dans le programme. A l\u2019\u00e9poque, il avait instaur\u00e9 les activit\u00e9s culturelles qui \u00e9taient not\u00e9es lors des compositions. C\u2019\u00e9tait inclut dans le programme de l\u2019\u00e9cole. Mais avant cela, il y avait mon papa qui est tellement dr\u00f4le, il me racontait des blagues et des anecdotes que je reprenais avec mes amis. J\u2019ai pris go\u00fbt du th\u00e9\u00e2tre \u00e0 partir du lyc\u00e9e. En 2003, on m\u2019a envoy\u00e9 en Afrique du Sud pour repr\u00e9senter le Mali. Mais j\u2019ai pris go\u00fbt du stand-up en 2003 quand j\u2019ai regard\u00e9 Jamel Debbouze \u00e7a m\u2019a donn\u00e9 envie d\u2019\u00eatre un stand-upper. Voil\u00e0 pourquoi j\u2019ai d\u00e9velopp\u00e9 le stand-up en moi pour pouvoir \u00eatre un ma\u00eetre de la sc\u00e8ne et cela m\u2019a donn\u00e9 le style de \u2018\u2019one man show\u2019\u2019. J\u2019ai eu la chance de repr\u00e9senter le Mali dans beaucoup de pays d\u2019Afrique de l\u2019Ouest. En Europe, je me suis produit dans un spectacle intitul\u00e9 \u2018\u2019Aller-Retour\u2019\u2019. A Bamako, j\u2019ai produit plus de quatre \u2018\u2019one man show\u2019\u2019 \u00e0 Badomba. J\u2019ai la chance de me produire \u00e0 l\u2019Institut Fran\u00e7ais de Bamako avec mon tout dernier \u2018\u2019one man show\u2019\u2019. J\u2019ai tourn\u00e9 avec le m\u00eame spectacle au Burkina-Faso r\u00e9cemment. J\u2019ai aussi repr\u00e9sent\u00e9 mon pays aux Etats Unis deux fois. En C\u00f4te d\u2019Ivoire, plusieurs fois. Je suis le seul com\u00e9dien malien qui joue dans la s\u00e9rie \u2018\u2019Ma grande famille\u2019\u2019 d\u2019Akissi Delta. Je suis sollicit\u00e9 par les ivoiriens dans beaucoup d\u2019\u00e9missions et de spectacles. Mon festival MDR qui est \u00e0 sa 2<sup>\u00e8me<\/sup> \u00e9dition me permet aussi de former les jeunes com\u00e9diens et humoristes maliens. \u00a0\u00a0\u00a0\u00a0<\/span><\/p>\n<p><span style=\"font-size: 14pt\"><strong>Tabouleinfos\u00a0: Vous \u00eates le porte flambeau du stand-up au Mali. Qu\u2019est-ce qui vous a permis d\u2019atteindre ce niveau dans un pays o\u00f9\u00a0 la com\u00e9die est souvent faite en bambara ? <\/strong><\/span><\/p>\n<p><span style=\"font-size: 14pt\"><strong>ATT Junior\u00a0:<\/strong> Pouvoir \u00eatre au niveau \u00e9lev\u00e9 du stand-up alors que nous sommes dans un pays o\u00f9 les gens parlent plus bambara, c\u2019est que je me suis d\u00e9marqu\u00e9 des autres pour pouvoir exporter l\u2019humour du Mali. Parce que j\u2019aime bien le dire. Au Mali, il y a beaucoup de com\u00e9diens qui sont tr\u00e8s dr\u00f4les, mais ils ne font que dans la langue locale. Ce n\u2019est pas mal, c\u2019est normal. Puisque, la charit\u00e9 bien ordonn\u00e9e commence par soi-m\u00eame. C\u2019est bien de parler le Bambara, c\u2019est notre langue, ce n\u2019est pas mal. Personnellement, j\u2019ai voulu aller au-del\u00e0 de la langue locale, le faire en fran\u00e7ais pour pouvoir exporter l\u2019humour pour dire qu\u2019au Mali, on est dr\u00f4le, on est cultiv\u00e9, on a de l\u2019humour aussi pour que les autres pays puissent profiter de ce qu\u2019on a au Mali. C\u2019est pourquoi je me suis d\u00e9marqu\u00e9 des autres pour pouvoir aller tr\u00e8s loin. C\u2019est pour cela, je le fais souvent en fran\u00e7ais, mais peu consomm\u00e9 dans mon propre pays. Mais ce n\u2019est pas m\u00e9chant, peut-\u00eatre c\u2019est prendre de l\u2019avance par rapport aux autres. \u00c7a vient petit \u00e0 petit, les jeunes commencent \u00e0 le faire en fran\u00e7ais afin de se mettre au m\u00eame niveau qu\u2019ATT Junior. En dehors de cela, le bambara n\u2019est pas mal. Parce que j\u2019arrive \u00e0 faire des sketchs en bambara que les gens aiment comme dans mon concept \u2018\u2019Sorobal\u00e9\u2019\u2019. L\u2019apprenti de \u2018\u2019Sotrama\u2019\u2019 qui d\u00e9cide de cr\u00e9er son kiosque et qui a la visite des jeunes du quartier tout au long de la journ\u00e9e\u2026 J\u2019arrive \u00e0 faire un mixe de temps en temps pour \u00eatre consomm\u00e9 dans mon propre pays. Au Mali, je joue en bambara. A l\u2019international, c\u2019est plus en fran\u00e7ais.<\/span><\/p>\n<p><span style=\"font-size: 14pt\"><strong>Tabouleinfos\u00a0: Vous \u00eates l\u2019initiateur du Festival International Mali du Rire (MDR). Parlez-nous de cet \u00e9v\u00e9nement !<\/strong><\/span><\/p>\n<p><span style=\"font-size: 14pt\"><strong>ATT Junior\u00a0:<\/strong> Le Mali du Rire est inspir\u00e9 du MDR. C\u2019est-\u00e0-dire Mort de Rire. Au lieu de dire Mort de Rire, j\u2019ai dit Mali du Rire. C\u2019est un festival que j\u2019ai cr\u00e9\u00e9 pour pouvoir exporter l\u2019humour malien \u00e0 l\u2019international. Cet \u00e9v\u00e9nement s\u2019\u00e9tend sur quatre jours. Il y a des com\u00e9diens de la sous-r\u00e9gion qui y participent. L\u2019ann\u00e9e derni\u00e8re, il y avait Abass, Papitou de la C\u00f4te d\u2019Ivoire, Oumar Manet de la Guin\u00e9e et plus de seize (16) com\u00e9diens maliens. La premi\u00e8re \u00e9dition, le gala s\u2019\u00e9tait tenu \u00e0 l\u2019Institut Fran\u00e7ais avec les internationaux et quelques locaux du pays. Le lendemain, c\u2019est ATT Junior qui se produisait seul sur sc\u00e8ne pendant une heure quinze minutes (1h15mn) avec le nouveau \u2018\u2019one man show\u2019\u2019 intitul\u00e9 \u2018\u2019Donnes \u00e7a au parrain\u2019\u2019. Apr\u00e8s, il y avait la nuit du Mali qui \u00e9tait au Blonba o\u00f9 il y avait seize (16) com\u00e9diens maliens se sont produits. Il y a eu la formation des jeunes et on a donn\u00e9 une moto au meilleur com\u00e9dien de l\u2019ann\u00e9e. Pour l\u2019\u00e9dition 2022, il y a eu un d\u00e9calage. Parce que l\u2019an pass\u00e9 c\u2019\u00e9tait en avril, mais pour cette ann\u00e9e se tiendra au mois de mars. Plusieurs candidats se sont inscrits pour la formation. Je n\u2019ai pas encore fait le choix des com\u00e9diens qui viendront. Je pr\u00e9f\u00e8re faire une surprise. Au moment opportun, je vais d\u00e9voiler les lieux. Parce que je n\u2019ai pas envie de me faire copier par d\u2019autres qui font le m\u00eame concept que moi. Vue la situation de mon pays aussi avec l\u2019embargo, j\u2019attends que les choses se calment et que la paix revienne au Mali pour pouvoir me prononcer.<\/span><\/p>\n<p><span style=\"font-size: 14pt\"><strong>Tabouleinfos\u00a0: Vous aviez \u00e9t\u00e9 victime d\u2019une attaque arm\u00e9e en d\u00e9cembre 2020 et vous aviez port\u00e9 plainte contre X. Quelle a \u00e9t\u00e9 la suite des enqu\u00eates ?<\/strong><\/span><\/p>\n<p><span style=\"font-size: 14pt\"><strong>ATT Junior\u00a0:<\/strong> Oui\u00a0! En 2020, j\u2019ai \u00e9t\u00e9 tir\u00e9 par une balle r\u00e9elle devant l\u2019h\u00f4pital Gabriel Tour\u00e9 de Bamabo. C\u2019\u00e9tait \u00e0 la veille de mon voyage sur Conakry pour le Match du Rire. Malgr\u00e9 \u00e9tant bless\u00e9, j\u2019ai effectu\u00e9 le d\u00e9placement en Guin\u00e9e o\u00f9 j\u2019ai pass\u00e9 un bon s\u00e9jour avec Al Souare, un gars formidable que je respecte beaucoup. Etant malade, je m\u2019\u00e9tais produit le premier jour. Ce n\u2019\u00e9tait pas facile, parce que je souffrais un peu. Je me suis rattrap\u00e9 le lendemain au palais du peuple. \u00c7a a \u00e9t\u00e9 un spectacle extraordinaire \u00e0 Conakry. J\u2019avais port\u00e9 plainte, mais jusqu\u2019\u00e0 pr\u00e9sent je n\u2019ai pas assez de nouvelles. On m\u2019a rassur\u00e9 que l\u2019accident serait une balle perdue et que je m\u2019\u00e9tais s\u00fbrement retrouv\u00e9 dans un endroit o\u00f9 je ne devrais pas \u00eatre. L\u2019enqu\u00eate a d\u00e9voil\u00e9 que ce n\u2019\u00e9tait pas des bandits. Pour le moment, l\u2019enqu\u00eate est \u00e0 ce niveau. \u00a0\u00a0\u00a0\u00a0<\/span><\/p>\n<p><span style=\"font-size: 14pt\"><strong>Tabouleinfos\u00a0: Vous aviez partag\u00e9 la sc\u00e8ne avec quelques humoristes guin\u00e9ens lors de la 3<sup>\u00e8me<\/sup> \u00e9dition du Match du Rire, dites-nous ce que vous pensez de leurs talents ?<\/strong><\/span><\/p>\n<p><span style=\"font-size: 14pt\"><strong>ATT Junior\u00a0:<\/strong> Je me suis produit sur sc\u00e8ne lors de la troisi\u00e8me \u00e9dition du Match du Rire \u00e0 Conakry avec des humoristes guin\u00e9ens, c\u2019\u00e9tait formidable. Ils sont excellents. C\u2019\u00e9tait vraiment g\u00e9nial de partager la m\u00eame sc\u00e8ne. Le niveau chez eux, je l\u2019ai beaucoup aim\u00e9. Je sais qu\u2019il y a du boulot \u00e0 faire c\u00f4t\u00e9 guin\u00e9en et malien. Je sais que t\u00f4t ou tard, nous irons loin si on continu \u00e0 se former et \u00e0 travailler plus. Je parle des deux pays, parce qu\u2019ils sont reconnus dans leurs langues locales quand ils sont dans l\u2019humour. A travers le Match du Rire, \u00e7a commence \u00e0 aller et \u00e0 pousser les jeunes \u00e0 l\u2019international. C\u2019est une tr\u00e8s bonne id\u00e9e. Je ne regrette pas d\u2019avoir partag\u00e9 la m\u00eame sc\u00e8ne que beaucoup d\u2019entre eux.<\/span><\/p>\n<p><span style=\"font-size: 14pt\"><strong>Tabouleinfos\u00a0: Que pensez-vous des sanctions de la CEDEAO contre le Mali ?<\/strong><\/span><\/p>\n<p><span style=\"font-size: 14pt\"><strong>ATT Junior\u00a0:<\/strong> En tant que com\u00e9dien et humoriste, je demande juste la paix et le dialogue. Mais aussi qu\u2019ils arrivent \u00e0 se comprendre, se donner la main pour l\u2019\u00e9volution du Mali. Je ne suis pas politique, je suis apolitique. Parce que je ne ma\u00eetrise pas la politique. En tant que malien, je demande la paix et le dialogue pour un Mali meilleur.<\/span><\/p>\n<p><span style=\"font-size: 14pt\"><strong>Aboubacar Fod\u00e9 Bangoura<\/strong><\/span><\/p>\n<p>&nbsp;<\/p>\n","protected":false},"excerpt":{"rendered":"<p>Au compte de la rubrique Interview de cette semaine, Tabouleinfos.com d\u00e9barque au Mali pour rencontrer l\u2019artiste com\u00e9dien, humoriste et acteur, ATT Junior. Djeli Moussa Kouyat\u00e9 \u00e0 l\u2019\u00e9tat civil, est l\u2019initiateur du festival Mali du Rire (MDR). En dehors de ces diff\u00e9rentes activit\u00e9s, Il est d\u00e9tenteur d\u2019une Ma\u00eetrise en Philosophie et d\u2019un Master 2 en Communication. [&hellip;]<\/p>\n","protected":false},"author":2,"featured_media":6619,"comment_status":"closed","ping_status":"closed","sticky":false,"template":"","format":"standard","meta":{"footnotes":""},"categories":[2,15],"tags":[],"class_list":{"0":"post-6617","1":"post","2":"type-post","3":"status-publish","4":"format-standard","5":"has-post-thumbnail","7":"category-featured","8":"category-interview"},"_links":{"self":[{"href":"https:\/\/tabouleinfos.com\/index.php\/wp-json\/wp\/v2\/posts\/6617","targetHints":{"allow":["GET"]}}],"collection":[{"href":"https:\/\/tabouleinfos.com\/index.php\/wp-json\/wp\/v2\/posts"}],"about":[{"href":"https:\/\/tabouleinfos.com\/index.php\/wp-json\/wp\/v2\/types\/post"}],"author":[{"embeddable":true,"href":"https:\/\/tabouleinfos.com\/index.php\/wp-json\/wp\/v2\/users\/2"}],"replies":[{"embeddable":true,"href":"https:\/\/tabouleinfos.com\/index.php\/wp-json\/wp\/v2\/comments?post=6617"}],"version-history":[{"count":0,"href":"https:\/\/tabouleinfos.com\/index.php\/wp-json\/wp\/v2\/posts\/6617\/revisions"}],"wp:featuredmedia":[{"embeddable":true,"href":"https:\/\/tabouleinfos.com\/index.php\/wp-json\/wp\/v2\/media\/6619"}],"wp:attachment":[{"href":"https:\/\/tabouleinfos.com\/index.php\/wp-json\/wp\/v2\/media?parent=6617"}],"wp:term":[{"taxonomy":"category","embeddable":true,"href":"https:\/\/tabouleinfos.com\/index.php\/wp-json\/wp\/v2\/categories?post=6617"},{"taxonomy":"post_tag","embeddable":true,"href":"https:\/\/tabouleinfos.com\/index.php\/wp-json\/wp\/v2\/tags?post=6617"}],"curies":[{"name":"wp","href":"https:\/\/api.w.org\/{rel}","templated":true}]}}