{"id":6620,"date":"2022-03-03T16:39:07","date_gmt":"2022-03-03T16:39:07","guid":{"rendered":"https:\/\/tabouleinfos.com\/?p=6620"},"modified":"2022-03-03T16:40:11","modified_gmt":"2022-03-03T16:40:11","slug":"lartiste-aicha-kindia-en-concert-ce-samedi","status":"publish","type":"post","link":"https:\/\/tabouleinfos.com\/index.php\/lartiste-aicha-kindia-en-concert-ce-samedi\/","title":{"rendered":"L&rsquo;artiste Aicha Kindia en concert, ce samedi\u00a0!"},"content":{"rendered":"<p><span style=\"font-size: 14pt\"><strong>Le samedi 5 mars prochain, A\u00efcha Kindia livrera un concert live au Belv\u00e9d\u00e8re. A 72 heures de la tenue de cet \u00e9v\u00e9nement, l\u2019artiste chanteuse et son \u00e9quipe ont anim\u00e9 une conf\u00e9rence de presse \u00e0 Conakry pour rassurer les fans.<\/strong><\/span><\/p>\n<p><a href=\"https:\/\/tabouleinfos.com\/wp-content\/uploads\/2022\/03\/aicha-kindia-conf.jpg\"><img loading=\"lazy\" decoding=\"async\" width=\"1024\" height=\"473\" class=\"alignnone size-full wp-image-6624\" src=\"https:\/\/tabouleinfos.com\/wp-content\/uploads\/2022\/03\/aicha-kindia-conf.jpg\" alt=\"\" srcset=\"https:\/\/tabouleinfos.com\/wp-content\/uploads\/2022\/03\/aicha-kindia-conf.jpg 1024w, https:\/\/tabouleinfos.com\/wp-content\/uploads\/2022\/03\/aicha-kindia-conf-300x139.jpg 300w, https:\/\/tabouleinfos.com\/wp-content\/uploads\/2022\/03\/aicha-kindia-conf-768x355.jpg 768w, https:\/\/tabouleinfos.com\/wp-content\/uploads\/2022\/03\/aicha-kindia-conf-696x321.jpg 696w, https:\/\/tabouleinfos.com\/wp-content\/uploads\/2022\/03\/aicha-kindia-conf-909x420.jpg 909w, https:\/\/tabouleinfos.com\/wp-content\/uploads\/2022\/03\/aicha-kindia-conf-750x346.jpg 750w\" sizes=\"auto, (max-width: 1024px) 100vw, 1024px\" \/><\/a><\/p>\n<p><span style=\"font-size: 14pt\">Au cours de cette rencontre avec les hommes de m\u00e9dias, Aissata Fofana aka Aicha Kindia est revenue sur la port\u00e9e de ce concert d&rsquo;avant-go\u00fbt de son nouvel album. En attendant la date officielle de la sortie de ce disque dont le contenu est m\u00e9connu du grand public\u00a0: \u00ab\u00a0C&rsquo;est vraiment un plaisir de faire un concert \u00e0 Conakry, parce que depuis que j\u2019ai commenc\u00e9 ma carri\u00e8re musicale, ce sera la premi\u00e8re fois d\u2019organiser un concert \u00e0 Conakry. Je serai ravie\u00a0quand mes fans vont r\u00e9pondre \u00e0 l&rsquo;appel. \u00c7a me fera plaisir avec mon \u00e9quipe\u00bb, a-t-elle d\u00e9clar\u00e9.<\/span><\/p>\n<p><span style=\"font-size: 14pt\">Plus loin, son manager a rappel\u00e9 que les pr\u00e9paratifs vont \u00e0 bon train pour offrir un album\u00a0 bien cuisin\u00e9 pour les m\u00e9lomanes.\u00a0Dans ce m\u00eame registre, il a fait mention\u00a0 de plusieurs\u00a0 singles d\u00e9j\u00e0 disponible dont\u00a0: <strong>\u2018\u2019Ma vie, Jalousie, Imowelami,\u00a0Soudhotako, Mi Soussata en feat avec Levi Bobo\u2026\u2019\u2019<\/strong><\/span><\/p>\n<p><span style=\"font-size: 14pt\">\u00ab\u00a0On a fait beaucoup de projets et plusieurs tourn\u00e9es \u00e0 l\u2019int\u00e9rieur du pays. On n\u2019avait pas encore eu la chance de livrer un concert \u00e0 Conakry avec Aicha Kindia, qui fait \u00e9norm\u00e9ment de buzz et qui figure d\u2019ailleurs parmi les trois artistes f\u00e9minines de la Guin\u00e9e les plus suivies sur facebook.<\/span><\/p>\n<p><span style=\"font-size: 14pt\">\u00c7a fait plaisir de faire un concert \u00e0 Conakry, histoire d\u2019\u00eatre en contact direct avec ses fans d\u2019ici. Et cet \u00e9v\u00e9nement, c\u2019est un concert d\u2019avant-go\u00fbt de l\u2019album qui arrive. On est en train de pr\u00e9parer le projet avec plein de featurings qu\u2019on on a d\u00e9j\u00e0 r\u00e9ussi \u00e0 boucler.\u00a0\u00bb, a affirm\u00e9 son Raya Ly.<\/span><\/p>\n<p><span style=\"font-size: 14pt\">Le samedi prochain au Belv\u00e9d\u00e8re, cet \u00e9v\u00e9nement connaitra la participation de plusieurs artistes chanteurs qui partageront la sc\u00e8ne avec A\u00efcha Kindia, notamment\u00a0: King Alasko, Saadu, Maxim BK, et autres. \u00a0<\/span><\/p>\n<p><span style=\"font-size: 14pt\"><strong>Facely Diawara<\/strong><\/span><\/p>\n<p>&nbsp;<\/p>\n","protected":false},"excerpt":{"rendered":"<p>Le samedi 5 mars prochain, A\u00efcha Kindia livrera un concert live au Belv\u00e9d\u00e8re. A 72 heures de la tenue de cet \u00e9v\u00e9nement, l\u2019artiste chanteuse et son \u00e9quipe ont anim\u00e9 une conf\u00e9rence de presse \u00e0 Conakry pour rassurer les fans. Au cours de cette rencontre avec les hommes de m\u00e9dias, Aissata Fofana aka Aicha Kindia est [&hellip;]<\/p>\n","protected":false},"author":2,"featured_media":6622,"comment_status":"closed","ping_status":"closed","sticky":false,"template":"","format":"standard","meta":{"footnotes":""},"categories":[21,2],"tags":[],"class_list":{"0":"post-6620","1":"post","2":"type-post","3":"status-publish","4":"format-standard","5":"has-post-thumbnail","7":"category-events","8":"category-featured"},"_links":{"self":[{"href":"https:\/\/tabouleinfos.com\/index.php\/wp-json\/wp\/v2\/posts\/6620","targetHints":{"allow":["GET"]}}],"collection":[{"href":"https:\/\/tabouleinfos.com\/index.php\/wp-json\/wp\/v2\/posts"}],"about":[{"href":"https:\/\/tabouleinfos.com\/index.php\/wp-json\/wp\/v2\/types\/post"}],"author":[{"embeddable":true,"href":"https:\/\/tabouleinfos.com\/index.php\/wp-json\/wp\/v2\/users\/2"}],"replies":[{"embeddable":true,"href":"https:\/\/tabouleinfos.com\/index.php\/wp-json\/wp\/v2\/comments?post=6620"}],"version-history":[{"count":0,"href":"https:\/\/tabouleinfos.com\/index.php\/wp-json\/wp\/v2\/posts\/6620\/revisions"}],"wp:featuredmedia":[{"embeddable":true,"href":"https:\/\/tabouleinfos.com\/index.php\/wp-json\/wp\/v2\/media\/6622"}],"wp:attachment":[{"href":"https:\/\/tabouleinfos.com\/index.php\/wp-json\/wp\/v2\/media?parent=6620"}],"wp:term":[{"taxonomy":"category","embeddable":true,"href":"https:\/\/tabouleinfos.com\/index.php\/wp-json\/wp\/v2\/categories?post=6620"},{"taxonomy":"post_tag","embeddable":true,"href":"https:\/\/tabouleinfos.com\/index.php\/wp-json\/wp\/v2\/tags?post=6620"}],"curies":[{"name":"wp","href":"https:\/\/api.w.org\/{rel}","templated":true}]}}