{"id":6718,"date":"2022-03-23T20:44:59","date_gmt":"2022-03-23T20:44:59","guid":{"rendered":"https:\/\/tabouleinfos.com\/?p=6718"},"modified":"2022-03-23T20:44:59","modified_gmt":"2022-03-23T20:44:59","slug":"la-2e-edition-du-salec-lancee-a-conakry","status":"publish","type":"post","link":"https:\/\/tabouleinfos.com\/index.php\/la-2e-edition-du-salec-lancee-a-conakry\/","title":{"rendered":"La 2e \u00e9dition du SALEC lanc\u00e9e \u00e0 Conakry\u00a0!"},"content":{"rendered":"<p><span style=\"font-size: 14pt\"><strong>Conakry abrite la deuxi\u00e8me \u00e9dition du Salon de la Lecture (SALEC) depuis la matin\u00e9e de ce mercredi 23 mars 2022. Cet \u00e9v\u00e9nement litt\u00e9raire se poursuivra dans la capitale guin\u00e9enne jusqu\u2019au 1er\u00a0avril prochain.<\/strong><\/span><\/p>\n<p><span style=\"font-size: 14pt\"><strong>\u2018\u2019Le livre au service du D\u00e9veloppement durable\u2019\u2019<\/strong> est le th\u00e8me choisi pour cette 2\u00e8me \u00e9dition. A la Blue Zone\u00a0de Kaloum : \u00ab\u00a0C\u2019est avec joie et satisfaction que nous accueillons cette premi\u00e8re journ\u00e9e de la c\u00e9r\u00e9monie d\u2019ouverture du Salon de la Lecture (SALEC). Franchement, la mobilisation est extraordinaire.\u00bb, a affirm\u00e9 Kadiatou Kaba, coordinatrice du SALEC et PDG de la structure Kadiak Communication.<\/span><\/p>\n<p><span style=\"font-size: 14pt\">Selon elle\u00a0: \u00ab\u00a0Cette deuxi\u00e8me \u00e9dition surtout \u00e0 l\u2019occasion de cette premi\u00e8re journ\u00e9e nous a fait comprendre que ce n\u2019est pas parce que les \u00e9l\u00e8ves et \u00e9tudiants guin\u00e9ens n\u2019aiment pas la lecture. C\u2019est parce que tout simplement ils n\u2019avaient pas ce cr\u00e9neau o\u00f9 exprimer leurs talents de lecteur. On est en train de le comprendre petit \u00e0 petit et gr\u00e2ce au SALEC. Pour la journ\u00e9e d\u2019aujourd\u2019hui, c\u2019est un sentiment de satisfaction.\u00bb, dit-elle.<\/span><\/p>\n<p><span style=\"font-size: 14pt\">Dans son discours, elle n\u2019a pas manqu\u00e9 de rappeler les r\u00e9sultats obtenus en deux ans.\u00a0: \u00ab\u00a0Parce qu\u2019on a 178 jeunes qui ont lu un livre, on a au moins 79 jeunes qui ont lu deux livres et pr\u00e8s de 3000 jeunes qui sont rentr\u00e9s chez eux avec un livre. Donc pour nous, c\u2019est salutaire, on ne pouvait pas imaginer cela. En deux ans, on peut vous dire avec exactitude ceux ont qui vraiment lu un livre.\u00bb<\/span><\/p>\n<p><span style=\"font-size: 14pt\">Contrairement \u00e0 l\u2019\u00e9dition pr\u00e9c\u00e9dente, la particularit\u00e9 du SALEC 2022 est que\u00a0: \u00ab36 candidats ont quitt\u00e9 l\u2019int\u00e9rieur du pays pour Conakry. C\u2019est une premi\u00e8re dans les activit\u00e9s litt\u00e9raires en r\u00e9publique de Guin\u00e9e, parce que n\u2019oubliez pas qu\u2019il y a toujours eu des salons et ils ont \u00e9t\u00e9 d\u00e9plac\u00e9s. Mais faire d\u00e9placer 36 candidats au m\u00eame co\u00fbt, c\u2019est une grande premi\u00e8re. L\u2019ann\u00e9e derni\u00e8re, on a eu \u00e9norm\u00e9ment de remontrances de la part des candidats de l\u2019int\u00e9rieur du pays. Ils pensaient qu\u2019ils \u00e9taient marginalis\u00e9s\u2026\u00bb, a-t-elle soulign\u00e9.<\/span><\/p>\n<p><span style=\"font-size: 14pt\">Au compte de cette deuxi\u00e8me \u00e9dition, 114 candidats venus de 21 \u00e9coles et 17 universit\u00e9s publiques et priv\u00e9es de la Guin\u00e9e seront en comp\u00e9tition. Cette ann\u00e9e, le Salon de la Lecture se tiendra du 23 au 26 mars 2022 \u00e0 la Blue Zone de Kaloum et du 31 mars au 1er avril 2022 au Chapiteau de l\u2019esplanade du Palais du peuple.<\/span><\/p>\n<p><span style=\"font-size: 14pt\"><strong>Aboubacar Fod\u00e9 Bangoura<\/strong><\/span><\/p>\n","protected":false},"excerpt":{"rendered":"<p>Conakry abrite la deuxi\u00e8me \u00e9dition du Salon de la Lecture (SALEC) depuis la matin\u00e9e de ce mercredi 23 mars 2022. Cet \u00e9v\u00e9nement litt\u00e9raire se poursuivra dans la capitale guin\u00e9enne jusqu\u2019au 1er\u00a0avril prochain. \u2018\u2019Le livre au service du D\u00e9veloppement durable\u2019\u2019 est le th\u00e8me choisi pour cette 2\u00e8me \u00e9dition. A la Blue Zone\u00a0de Kaloum : \u00ab\u00a0C\u2019est avec [&hellip;]<\/p>\n","protected":false},"author":2,"featured_media":6720,"comment_status":"closed","ping_status":"closed","sticky":false,"template":"","format":"standard","meta":{"footnotes":""},"categories":[21,2],"tags":[],"class_list":{"0":"post-6718","1":"post","2":"type-post","3":"status-publish","4":"format-standard","5":"has-post-thumbnail","7":"category-events","8":"category-featured"},"_links":{"self":[{"href":"https:\/\/tabouleinfos.com\/index.php\/wp-json\/wp\/v2\/posts\/6718","targetHints":{"allow":["GET"]}}],"collection":[{"href":"https:\/\/tabouleinfos.com\/index.php\/wp-json\/wp\/v2\/posts"}],"about":[{"href":"https:\/\/tabouleinfos.com\/index.php\/wp-json\/wp\/v2\/types\/post"}],"author":[{"embeddable":true,"href":"https:\/\/tabouleinfos.com\/index.php\/wp-json\/wp\/v2\/users\/2"}],"replies":[{"embeddable":true,"href":"https:\/\/tabouleinfos.com\/index.php\/wp-json\/wp\/v2\/comments?post=6718"}],"version-history":[{"count":0,"href":"https:\/\/tabouleinfos.com\/index.php\/wp-json\/wp\/v2\/posts\/6718\/revisions"}],"wp:featuredmedia":[{"embeddable":true,"href":"https:\/\/tabouleinfos.com\/index.php\/wp-json\/wp\/v2\/media\/6720"}],"wp:attachment":[{"href":"https:\/\/tabouleinfos.com\/index.php\/wp-json\/wp\/v2\/media?parent=6718"}],"wp:term":[{"taxonomy":"category","embeddable":true,"href":"https:\/\/tabouleinfos.com\/index.php\/wp-json\/wp\/v2\/categories?post=6718"},{"taxonomy":"post_tag","embeddable":true,"href":"https:\/\/tabouleinfos.com\/index.php\/wp-json\/wp\/v2\/tags?post=6718"}],"curies":[{"name":"wp","href":"https:\/\/api.w.org\/{rel}","templated":true}]}}