{"id":6726,"date":"2022-03-25T18:40:38","date_gmt":"2022-03-25T18:40:38","guid":{"rendered":"https:\/\/tabouleinfos.com\/?p=6726"},"modified":"2022-03-25T18:42:25","modified_gmt":"2022-03-25T18:42:25","slug":"long-force-des-femmes-lance-la-1ere-edition-des-48h-de-la-femme-guineenne","status":"publish","type":"post","link":"https:\/\/tabouleinfos.com\/index.php\/long-force-des-femmes-lance-la-1ere-edition-des-48h-de-la-femme-guineenne\/","title":{"rendered":"C\u2019est parti pour les \u2018\u201948H de la Femme Guin\u00e9enne\u2019\u2019"},"content":{"rendered":"<p><strong><span style=\"font-size: 14pt\">C\u2019est parti pour la premi\u00e8re \u00e9dition des \u2018\u201948H de la Femme Guin\u00e9enne\u2019\u2019. Pour le lancement officiel de cet \u00e9v\u00e9nement qui contribue \u00e0 l\u2019autonomisation des femmes \u00e0 travers l\u2019entreprenariat f\u00e9minin, l\u2019ONG <a href=\"https:\/\/www.facebook.com\/forcedesfemmes\/\">Force des Femmes<\/a> a anim\u00e9 une conf\u00e9rence de presse, ce vendredi 25 mars \u00e0 Conakry.<\/span><\/strong><\/p>\n<p><span style=\"font-size: 14pt\">Les <strong>\u2018\u201948H de la Femme Guin\u00e9enne\u2019\u2019<\/strong>, est un \u00e9v\u00e9nement qui se tiendra \u00e0 l\u2019h\u00f4tel Palm Camayenne du 25 au 29 mars 2022. Initi\u00e9 par l\u2019ONG Force des Femmes, ce projet a pour objectif d\u2019accompagner les femmes entrepreneures de Guin\u00e9e. Et : \u00abvise aussi \u00e0 l\u2019\u00e9mancipation de la femme guin\u00e9enne tout en misant sur son autonomisation. Les 48H de la Femme Guin\u00e9enne, notre premi\u00e8re ambition c\u2019est de contribuer \u00e0 l\u2019ind\u00e9pendance financi\u00e8re de ces dames. C\u2019est pour cela nous allons leur offrir des bourses en beaut\u00e9 esth\u00e9tique, en communication et en entreprenariat. Elles ont.\u00bb, souligne <strong>Mariama Daff<\/strong>, co-fondatrice de l\u2019ONG Force des Femmes.<\/span><\/p>\n<p><span style=\"font-size: 14pt\">Selon Elise Soumah de cette ONG, cet \u00e9v\u00e9nement est aussi : \u00ab une mise en relation entre les plus grandes entrepreneures vers les plus petites pour que \u00e7a soit une main par les femmes et pour les femmes. A la fin des formations, nos partenaires offriront des bourses et de stages \u00e0 ces femmes pour leur donner une chance de travailler chez elles.\u00bb<\/span><\/p>\n<p><span style=\"font-size: 14pt\">Au compte de cette premi\u00e8re \u00e9dition\u00a0: \u00ab\u00a0Nous avons un panel qui commence le lundi. On aura une expo vente d\u2019articles locaux venant des entrepreneures locales. Du 25 au 27, il y a des formations gratuites qui sont dispens\u00e9es \u00e0 des femmes sur l\u2019entreprenariat, la communication, la beaut\u00e9, le stylisme. Le 28, il y a une journ\u00e9e de panel et de plateau de discussion entre des femmes entrepreneures et les professionnelles qui souhaitent partager leurs exp\u00e9riences. Parall\u00e8lement, il y a une expo vente. Le 29, nous avons un d\u00eener gala avec nos ambassadeurs Kandia Kora et Manamba Kant\u00e9.\u00bb, a-t-elle affirm\u00e9.<\/span><\/p>\n<p><span style=\"font-size: 14pt\">De son c\u00f4t\u00e9, Kandia Kora ne manque pas de mot pour exprimer sa joie d\u2019\u00eatre choisi comme l\u2019un des ambassadeurs de l&rsquo;\u00e9dition 2022. \u00ab \u00e7a fait plaisir d\u2019apporter un plus \u00e0 ce projet. L\u2019\u00e9mancipation de la femme commence par tout le monde. D\u00e8s qu\u2019on m\u2019a fait appel, je me suis dit que c\u2019est une opportunit\u00e9 pour moi. Parce que depuis que j\u2019ai commenc\u00e9 ma carri\u00e8re, j\u2019ai toujours chant\u00e9 pour la femme guin\u00e9enne et d\u2019ailleurs. Donc c\u2019est une meilleure mani\u00e8re pour moi d\u2019apporter quelque chose. C\u2019est un bon projet. Je mettrai l\u2019\u00e9nergie qu\u2019il faut comme d\u2019habitude.\u00bb, a rassur\u00e9 le boss kora.<\/span><\/p>\n<p><span style=\"font-size: 14pt\">A souligner que, la s\u00e9lection des candidates pour les formations a \u00e9t\u00e9 faite en ligne. Ces 80 participantes ont \u00e9t\u00e9 toutes s\u00e9lectionn\u00e9es en se r\u00e9f\u00e9rant de leurs niveaux d\u2019\u00e9tudes <strong>\u2018\u2019BAC+3 et plus\u2019\u2019<\/strong>. Les recettes du d\u00eener gala du 29 mars serviront de financement pour l\u2019un des projets de ces femmes.<\/span><\/p>\n<p><span style=\"font-size: 14pt\"><strong>Aboubacar Fod\u00e9 Bangoura<\/strong><\/span><\/p>\n","protected":false},"excerpt":{"rendered":"<p>C\u2019est parti pour la premi\u00e8re \u00e9dition des \u2018\u201948H de la Femme Guin\u00e9enne\u2019\u2019. Pour le lancement officiel de cet \u00e9v\u00e9nement qui contribue \u00e0 l\u2019autonomisation des femmes \u00e0 travers l\u2019entreprenariat f\u00e9minin, l\u2019ONG Force des Femmes a anim\u00e9 une conf\u00e9rence de presse, ce vendredi 25 mars \u00e0 Conakry. Les \u2018\u201948H de la Femme Guin\u00e9enne\u2019\u2019, est un \u00e9v\u00e9nement qui [&hellip;]<\/p>\n","protected":false},"author":2,"featured_media":6728,"comment_status":"closed","ping_status":"closed","sticky":false,"template":"","format":"standard","meta":{"footnotes":""},"categories":[21,2],"tags":[],"class_list":{"0":"post-6726","1":"post","2":"type-post","3":"status-publish","4":"format-standard","5":"has-post-thumbnail","7":"category-events","8":"category-featured"},"_links":{"self":[{"href":"https:\/\/tabouleinfos.com\/index.php\/wp-json\/wp\/v2\/posts\/6726","targetHints":{"allow":["GET"]}}],"collection":[{"href":"https:\/\/tabouleinfos.com\/index.php\/wp-json\/wp\/v2\/posts"}],"about":[{"href":"https:\/\/tabouleinfos.com\/index.php\/wp-json\/wp\/v2\/types\/post"}],"author":[{"embeddable":true,"href":"https:\/\/tabouleinfos.com\/index.php\/wp-json\/wp\/v2\/users\/2"}],"replies":[{"embeddable":true,"href":"https:\/\/tabouleinfos.com\/index.php\/wp-json\/wp\/v2\/comments?post=6726"}],"version-history":[{"count":0,"href":"https:\/\/tabouleinfos.com\/index.php\/wp-json\/wp\/v2\/posts\/6726\/revisions"}],"wp:featuredmedia":[{"embeddable":true,"href":"https:\/\/tabouleinfos.com\/index.php\/wp-json\/wp\/v2\/media\/6728"}],"wp:attachment":[{"href":"https:\/\/tabouleinfos.com\/index.php\/wp-json\/wp\/v2\/media?parent=6726"}],"wp:term":[{"taxonomy":"category","embeddable":true,"href":"https:\/\/tabouleinfos.com\/index.php\/wp-json\/wp\/v2\/categories?post=6726"},{"taxonomy":"post_tag","embeddable":true,"href":"https:\/\/tabouleinfos.com\/index.php\/wp-json\/wp\/v2\/tags?post=6726"}],"curies":[{"name":"wp","href":"https:\/\/api.w.org\/{rel}","templated":true}]}}