{"id":6760,"date":"2022-03-29T08:37:14","date_gmt":"2022-03-29T08:37:14","guid":{"rendered":"https:\/\/tabouleinfos.com\/?p=6760"},"modified":"2022-03-29T08:37:14","modified_gmt":"2022-03-29T08:37:14","slug":"conakry-ahmed-sekou-toure-celebre-par-les-rastas","status":"publish","type":"post","link":"https:\/\/tabouleinfos.com\/index.php\/conakry-ahmed-sekou-toure-celebre-par-les-rastas\/","title":{"rendered":"Conakry\u00a0: Ahmed Sekou Tour\u00e9 c\u00e9l\u00e9br\u00e9 par les rastas\u00a0!"},"content":{"rendered":"<p><span style=\"font-size: 14pt\"><strong>Le 26 mars de chaque ann\u00e9e, la disparition du premier\u00a0pr\u00e9sident de la R\u00e9publique de Guin\u00e9e, Ahmed Sekou Tour\u00e9 est c\u00e9l\u00e9br\u00e9e par ses militants, sympathisants, collaborateurs et sa famille. Pour la premi\u00e8re fois, cette date est comm\u00e9mor\u00e9e par le Mouvement Rasta de Guin\u00e9e (MOURAG), le samedi dernier \u00e0 Conakry.<\/strong><\/span><\/p>\n<p><a href=\"https:\/\/tabouleinfos.com\/wp-content\/uploads\/2022\/03\/829ce8f7-14ed-4804-82b4-ce54e2e9b82c.jpg\"><img loading=\"lazy\" decoding=\"async\" width=\"1008\" height=\"454\" class=\"alignnone size-full wp-image-6762\" src=\"https:\/\/tabouleinfos.com\/wp-content\/uploads\/2022\/03\/829ce8f7-14ed-4804-82b4-ce54e2e9b82c.jpg\" alt=\"\" srcset=\"https:\/\/tabouleinfos.com\/wp-content\/uploads\/2022\/03\/829ce8f7-14ed-4804-82b4-ce54e2e9b82c.jpg 1008w, https:\/\/tabouleinfos.com\/wp-content\/uploads\/2022\/03\/829ce8f7-14ed-4804-82b4-ce54e2e9b82c-300x135.jpg 300w, https:\/\/tabouleinfos.com\/wp-content\/uploads\/2022\/03\/829ce8f7-14ed-4804-82b4-ce54e2e9b82c-768x346.jpg 768w, https:\/\/tabouleinfos.com\/wp-content\/uploads\/2022\/03\/829ce8f7-14ed-4804-82b4-ce54e2e9b82c-696x313.jpg 696w, https:\/\/tabouleinfos.com\/wp-content\/uploads\/2022\/03\/829ce8f7-14ed-4804-82b4-ce54e2e9b82c-933x420.jpg 933w, https:\/\/tabouleinfos.com\/wp-content\/uploads\/2022\/03\/829ce8f7-14ed-4804-82b4-ce54e2e9b82c-750x338.jpg 750w\" sizes=\"auto, (max-width: 1008px) 100vw, 1008px\" \/><\/a><\/p>\n<p><span style=\"font-size: 14pt\">D\u00e9c\u00e9d\u00e9 le\u00a026\u00a0mars\u00a01984\u00a0\u00e0\u00a0Cleveland\u00a0aux\u00a0\u00c9tats-Unis des suites de maladie, le samedi 26 mars 2022, marquait le 38<sup>\u00e8me<\/sup> anniversaire de la mort du p\u00e8re de l\u2019ind\u00e9pendance guin\u00e9enne. Chez le Mouvement Rasta de Guin\u00e9e, cette date n\u2019est pas pass\u00e9e sous silence. En la m\u00e9moire d\u2019Ahmed Sekou Tour\u00e9, les membres de ce mouvement ont organis\u00e9 une libation et une marche du Jardin du 2 Octobre, passant par la mosqu\u00e9e Faysal jusqu\u2019au mausol\u00e9e du premier pr\u00e9sident de la R\u00e9publique de Guin\u00e9e pour un recueillement.<\/span><\/p>\n<p><a href=\"https:\/\/tabouleinfos.com\/wp-content\/uploads\/2022\/03\/395114e6-26b3-4b55-a640-0383bffc1dec.jpg\"><img loading=\"lazy\" decoding=\"async\" width=\"1008\" height=\"454\" class=\"alignnone size-full wp-image-6763\" src=\"https:\/\/tabouleinfos.com\/wp-content\/uploads\/2022\/03\/395114e6-26b3-4b55-a640-0383bffc1dec.jpg\" alt=\"\" srcset=\"https:\/\/tabouleinfos.com\/wp-content\/uploads\/2022\/03\/395114e6-26b3-4b55-a640-0383bffc1dec.jpg 1008w, https:\/\/tabouleinfos.com\/wp-content\/uploads\/2022\/03\/395114e6-26b3-4b55-a640-0383bffc1dec-300x135.jpg 300w, https:\/\/tabouleinfos.com\/wp-content\/uploads\/2022\/03\/395114e6-26b3-4b55-a640-0383bffc1dec-768x346.jpg 768w, https:\/\/tabouleinfos.com\/wp-content\/uploads\/2022\/03\/395114e6-26b3-4b55-a640-0383bffc1dec-696x313.jpg 696w, https:\/\/tabouleinfos.com\/wp-content\/uploads\/2022\/03\/395114e6-26b3-4b55-a640-0383bffc1dec-933x420.jpg 933w, https:\/\/tabouleinfos.com\/wp-content\/uploads\/2022\/03\/395114e6-26b3-4b55-a640-0383bffc1dec-750x338.jpg 750w\" sizes=\"auto, (max-width: 1008px) 100vw, 1008px\" \/><\/a><\/p>\n<p><span style=\"font-size: 14pt\">Au Jardin du 2 Octobre \u00e0 Conakry, cette journ\u00e9e de comm\u00e9moration a connu d\u2019autres activit\u00e9s chez le Mouvement Rasta de Guin\u00e9e (MOURAG), \u00e0 savoir\u00a0: la restauration, la s\u00e9ance de conte, le Nyabingui et la projection d\u2019un film documentaire sur la vie d\u2019Ahmed Sekou Tour\u00e9.<\/span><\/p>\n<p><span style=\"font-size: 14pt\">Pour rappel, Ahmed S\u00e9kou Tour\u00e9 est n\u00e9, le 9 janvier 1922 \u00e0 Faranah en Guin\u00e9e. Il est mort le 26 mars 1984 \u00e0 Cleveland aux \u00c9tats-Unis. Il fut le premier pr\u00e9sident de la R\u00e9publique de Guin\u00e9e, en poste \u00e0 partir de l&rsquo;ind\u00e9pendance obtenue de la France en 1958 jusqu&rsquo;en 1984.<\/span><\/p>\n<p><span style=\"font-size: 14pt\"><strong>Aboubacar Fod\u00e9 Bangoura<\/strong><\/span><\/p>\n","protected":false},"excerpt":{"rendered":"<p>Le 26 mars de chaque ann\u00e9e, la disparition du premier\u00a0pr\u00e9sident de la R\u00e9publique de Guin\u00e9e, Ahmed Sekou Tour\u00e9 est c\u00e9l\u00e9br\u00e9e par ses militants, sympathisants, collaborateurs et sa famille. Pour la premi\u00e8re fois, cette date est comm\u00e9mor\u00e9e par le Mouvement Rasta de Guin\u00e9e (MOURAG), le samedi dernier \u00e0 Conakry. D\u00e9c\u00e9d\u00e9 le\u00a026\u00a0mars\u00a01984\u00a0\u00e0\u00a0Cleveland\u00a0aux\u00a0\u00c9tats-Unis des suites de maladie, le [&hellip;]<\/p>\n","protected":false},"author":2,"featured_media":6765,"comment_status":"closed","ping_status":"closed","sticky":false,"template":"","format":"standard","meta":{"footnotes":""},"categories":[21,2],"tags":[],"class_list":{"0":"post-6760","1":"post","2":"type-post","3":"status-publish","4":"format-standard","5":"has-post-thumbnail","7":"category-events","8":"category-featured"},"_links":{"self":[{"href":"https:\/\/tabouleinfos.com\/index.php\/wp-json\/wp\/v2\/posts\/6760","targetHints":{"allow":["GET"]}}],"collection":[{"href":"https:\/\/tabouleinfos.com\/index.php\/wp-json\/wp\/v2\/posts"}],"about":[{"href":"https:\/\/tabouleinfos.com\/index.php\/wp-json\/wp\/v2\/types\/post"}],"author":[{"embeddable":true,"href":"https:\/\/tabouleinfos.com\/index.php\/wp-json\/wp\/v2\/users\/2"}],"replies":[{"embeddable":true,"href":"https:\/\/tabouleinfos.com\/index.php\/wp-json\/wp\/v2\/comments?post=6760"}],"version-history":[{"count":0,"href":"https:\/\/tabouleinfos.com\/index.php\/wp-json\/wp\/v2\/posts\/6760\/revisions"}],"wp:featuredmedia":[{"embeddable":true,"href":"https:\/\/tabouleinfos.com\/index.php\/wp-json\/wp\/v2\/media\/6765"}],"wp:attachment":[{"href":"https:\/\/tabouleinfos.com\/index.php\/wp-json\/wp\/v2\/media?parent=6760"}],"wp:term":[{"taxonomy":"category","embeddable":true,"href":"https:\/\/tabouleinfos.com\/index.php\/wp-json\/wp\/v2\/categories?post=6760"},{"taxonomy":"post_tag","embeddable":true,"href":"https:\/\/tabouleinfos.com\/index.php\/wp-json\/wp\/v2\/tags?post=6760"}],"curies":[{"name":"wp","href":"https:\/\/api.w.org\/{rel}","templated":true}]}}