{"id":6776,"date":"2022-03-30T09:14:24","date_gmt":"2022-03-30T09:14:24","guid":{"rendered":"https:\/\/tabouleinfos.com\/?p=6776"},"modified":"2022-03-30T09:16:00","modified_gmt":"2022-03-30T09:16:00","slug":"foire-du-ramadan-les-organisateurs-en-parlent","status":"publish","type":"post","link":"https:\/\/tabouleinfos.com\/index.php\/foire-du-ramadan-les-organisateurs-en-parlent\/","title":{"rendered":"Foire du Ramadan\u00a02022 : les organisateurs en parlent\u00a0!"},"content":{"rendered":"<p><span style=\"font-size: 14pt\"><strong>Pour la premi\u00e8re fois en Guin\u00e9e, la Foire Internationale du Ramadan se tiendra aux Chapiteaux du palais du peuple, du 2 au 20 avril 2022. Un \u00e9v\u00e9nement dont l\u2019objectif est de promouvoir les activit\u00e9s musulmanes en cr\u00e9ant une interaction socio-\u00e9conomique et religieuse.<\/strong><\/span><\/p>\n<p><span style=\"font-size: 14pt\">Pour parler de ce projet, les initiateurs ont anim\u00e9 une conf\u00e9rence de presse \u00e0 Conakry, le mardi 29 mars 2022. Lors de cette rencontre avec les hommes de m\u00e9dias, le PDG de la structure Ic\u00f4ne Event et initiateur de la Foire du Ramadan est revenu sur le pourquoi de cet \u00e9v\u00e9nement.<\/span><\/p>\n<p><a href=\"https:\/\/tabouleinfos.com\/wp-content\/uploads\/2022\/03\/Hazzam-Moukalled.jpg\"><img loading=\"lazy\" decoding=\"async\" width=\"1080\" height=\"720\" class=\"alignnone size-full wp-image-6778\" src=\"https:\/\/tabouleinfos.com\/wp-content\/uploads\/2022\/03\/Hazzam-Moukalled.jpg\" alt=\"\" srcset=\"https:\/\/tabouleinfos.com\/wp-content\/uploads\/2022\/03\/Hazzam-Moukalled.jpg 1080w, https:\/\/tabouleinfos.com\/wp-content\/uploads\/2022\/03\/Hazzam-Moukalled-300x200.jpg 300w, https:\/\/tabouleinfos.com\/wp-content\/uploads\/2022\/03\/Hazzam-Moukalled-1024x683.jpg 1024w, https:\/\/tabouleinfos.com\/wp-content\/uploads\/2022\/03\/Hazzam-Moukalled-768x512.jpg 768w, https:\/\/tabouleinfos.com\/wp-content\/uploads\/2022\/03\/Hazzam-Moukalled-696x464.jpg 696w, https:\/\/tabouleinfos.com\/wp-content\/uploads\/2022\/03\/Hazzam-Moukalled-1068x712.jpg 1068w, https:\/\/tabouleinfos.com\/wp-content\/uploads\/2022\/03\/Hazzam-Moukalled-630x420.jpg 630w, https:\/\/tabouleinfos.com\/wp-content\/uploads\/2022\/03\/Hazzam-Moukalled-750x500.jpg 750w\" sizes=\"auto, (max-width: 1080px) 100vw, 1080px\" \/><\/a><\/p>\n<p><span style=\"font-size: 14pt\">\u00ab L\u2019objectif c\u2019est\u00a0d\u00e9cliner toute la cha\u00eene de distribution, mettre les producteurs en face des consommateurs pour que ces derniers puissent b\u00e9n\u00e9ficier des tarifs d\u00e9fiant toute concurrence. Lutter contre la flamb\u00e9e des prix des denr\u00e9es alimentaires, et faire profiter aux visiteurs des tarifs grossistes et d\u00e9tails. L&rsquo;autre aspect de cette foire, c&rsquo;est la formation avec les leaders religieux qui partageront leurs exp\u00e9riences islamiques avec nous \u00e0 travers des d\u00e9bats interactifs et des questions r\u00e9ponses.\u00bb\u00a0a expliqu\u00e9 <strong>Hazzam Moukalled<\/strong>.<\/span><\/p>\n<p><a href=\"https:\/\/tabouleinfos.com\/wp-content\/uploads\/2022\/03\/Demba-Camara.jpg\"><img loading=\"lazy\" decoding=\"async\" width=\"1080\" height=\"720\" class=\"alignnone size-full wp-image-6779\" src=\"https:\/\/tabouleinfos.com\/wp-content\/uploads\/2022\/03\/Demba-Camara.jpg\" alt=\"\" srcset=\"https:\/\/tabouleinfos.com\/wp-content\/uploads\/2022\/03\/Demba-Camara.jpg 1080w, https:\/\/tabouleinfos.com\/wp-content\/uploads\/2022\/03\/Demba-Camara-300x200.jpg 300w, https:\/\/tabouleinfos.com\/wp-content\/uploads\/2022\/03\/Demba-Camara-1024x683.jpg 1024w, https:\/\/tabouleinfos.com\/wp-content\/uploads\/2022\/03\/Demba-Camara-768x512.jpg 768w, https:\/\/tabouleinfos.com\/wp-content\/uploads\/2022\/03\/Demba-Camara-696x464.jpg 696w, https:\/\/tabouleinfos.com\/wp-content\/uploads\/2022\/03\/Demba-Camara-1068x712.jpg 1068w, https:\/\/tabouleinfos.com\/wp-content\/uploads\/2022\/03\/Demba-Camara-630x420.jpg 630w, https:\/\/tabouleinfos.com\/wp-content\/uploads\/2022\/03\/Demba-Camara-750x500.jpg 750w\" sizes=\"auto, (max-width: 1080px) 100vw, 1080px\" \/><\/a><\/p>\n<p><span style=\"font-size: 14pt\">De son c\u00f4t\u00e9, Demba Camara, directeur adjoint du groupe By Issa et co-organisateur a laiss\u00e9 entendre que : \u00ab Nous avons trouv\u00e9 que c\u2019\u00e9tait extraordinaire de s\u2019associer avec Ic\u00f4ne Event pour organiser cet \u00e9v\u00e9nement. C\u2019est la premi\u00e8re \u00e9dition. Nous allons offrir \u00e0 des n\u00e9cessiteux la coupure du je\u00fbn, parce que le Ramadan est un mois de partage. A ceux qui souhaitent inviter leurs proches, amis et coll\u00e8gues pour la rupture du je\u00fbn, il y a des tarifs pour cela\u00bb, dit-il.<\/span><\/p>\n<p><span style=\"font-size: 14pt\">Au programme de cette premi\u00e8re \u00e9dition, il y aura\u00a0:<\/span><\/p>\n<p><strong><span style=\"font-size: 14pt\">Art, Mode et Culture Islamique<\/span><\/strong><\/p>\n<p><strong><span style=\"font-size: 14pt\">Pri\u00e8re et Rupture de je\u00fbn<\/span><\/strong><\/p>\n<p><strong><span style=\"font-size: 14pt\">Conf\u00e9rence sur la Finance Islamique et WAQF<\/span><\/strong><\/p>\n<p><span style=\"font-size: 14pt\">Le ramadan \u00e9tant un mois de partage, les organisateurs comptent reverser une partie des b\u00e9n\u00e9fices de cette foire aux orphelinats, en plus de l\u2019appui \u00e0 l\u2019ONG <strong>\u00ab\u00a0SAUVEONS DES VIES\u00a0\u00bb<\/strong>.<\/span><\/p>\n<p><strong><span style=\"font-size: 14pt\">Aboubacar Fod\u00e9 Bangoura<\/span><\/strong><\/p>\n","protected":false},"excerpt":{"rendered":"<p>Pour la premi\u00e8re fois en Guin\u00e9e, la Foire Internationale du Ramadan se tiendra aux Chapiteaux du palais du peuple, du 2 au 20 avril 2022. Un \u00e9v\u00e9nement dont l\u2019objectif est de promouvoir les activit\u00e9s musulmanes en cr\u00e9ant une interaction socio-\u00e9conomique et religieuse. Pour parler de ce projet, les initiateurs ont anim\u00e9 une conf\u00e9rence de presse [&hellip;]<\/p>\n","protected":false},"author":2,"featured_media":6777,"comment_status":"closed","ping_status":"closed","sticky":false,"template":"","format":"standard","meta":{"footnotes":""},"categories":[21,2],"tags":[],"class_list":{"0":"post-6776","1":"post","2":"type-post","3":"status-publish","4":"format-standard","5":"has-post-thumbnail","7":"category-events","8":"category-featured"},"_links":{"self":[{"href":"https:\/\/tabouleinfos.com\/index.php\/wp-json\/wp\/v2\/posts\/6776","targetHints":{"allow":["GET"]}}],"collection":[{"href":"https:\/\/tabouleinfos.com\/index.php\/wp-json\/wp\/v2\/posts"}],"about":[{"href":"https:\/\/tabouleinfos.com\/index.php\/wp-json\/wp\/v2\/types\/post"}],"author":[{"embeddable":true,"href":"https:\/\/tabouleinfos.com\/index.php\/wp-json\/wp\/v2\/users\/2"}],"replies":[{"embeddable":true,"href":"https:\/\/tabouleinfos.com\/index.php\/wp-json\/wp\/v2\/comments?post=6776"}],"version-history":[{"count":0,"href":"https:\/\/tabouleinfos.com\/index.php\/wp-json\/wp\/v2\/posts\/6776\/revisions"}],"wp:featuredmedia":[{"embeddable":true,"href":"https:\/\/tabouleinfos.com\/index.php\/wp-json\/wp\/v2\/media\/6777"}],"wp:attachment":[{"href":"https:\/\/tabouleinfos.com\/index.php\/wp-json\/wp\/v2\/media?parent=6776"}],"wp:term":[{"taxonomy":"category","embeddable":true,"href":"https:\/\/tabouleinfos.com\/index.php\/wp-json\/wp\/v2\/categories?post=6776"},{"taxonomy":"post_tag","embeddable":true,"href":"https:\/\/tabouleinfos.com\/index.php\/wp-json\/wp\/v2\/tags?post=6776"}],"curies":[{"name":"wp","href":"https:\/\/api.w.org\/{rel}","templated":true}]}}