{"id":6796,"date":"2022-04-02T14:57:10","date_gmt":"2022-04-02T14:57:10","guid":{"rendered":"https:\/\/tabouleinfos.com\/?p=6796"},"modified":"2022-04-02T14:57:10","modified_gmt":"2022-04-02T14:57:10","slug":"france-minoss-inaugure-le-studio-made-up-prod-a-laval","status":"publish","type":"post","link":"https:\/\/tabouleinfos.com\/index.php\/france-minoss-inaugure-le-studio-made-up-prod-a-laval\/","title":{"rendered":"France\u00a0: Minoss inaugure le studio \u2018\u2019Made-up Prod\u2019\u2019 \u00e0 Laval"},"content":{"rendered":"<p><span style=\"font-size: 14pt\"><strong>Le vendredi 18 mars dernier, le producteur et rappeur Minoss a inaugur\u00e9 son studio de production audiovisuelle \u2018\u2019Made Up\u2019\u2019 \u00e0 Laval (France). Cette c\u00e9r\u00e9monie a connu la pr\u00e9sence du Maire de la ville de Laval, Florian Bercault, accompagn\u00e9 de quelques-uns de ses adjoints. Sans oublier SENSEY, le premier artiste produit par ce label.<\/strong><\/span><\/p>\n<p><span style=\"font-size: 14pt\">A Laval, cette c\u00e9r\u00e9monie d\u2019inauguration s\u2019est tenue dans les locaux de l\u2019espace Scomam. Dans le studio \u2018\u2019Made Up Prod\u2019\u2019, on retrouve un studio d\u2019enregistrement avec tous les \u00e9quipements professionnels n\u00e9cessaires. Au compte de ce projet, la webradio <\/span><strong style=\"font-size: 14pt\">\u2018\u2019Made Up\u2019\u2019<\/strong><span style=\"font-size: 14pt\"> verra prochainement le jour.<\/span><\/p>\n<p><a href=\"https:\/\/tabouleinfos.com\/wp-content\/uploads\/2022\/04\/276176276_516926969793527_947705302678867600_n.jpg\"><img loading=\"lazy\" decoding=\"async\" width=\"1440\" height=\"726\" class=\"alignnone size-full wp-image-6799\" src=\"https:\/\/tabouleinfos.com\/wp-content\/uploads\/2022\/04\/276176276_516926969793527_947705302678867600_n.jpg\" alt=\"\" srcset=\"https:\/\/tabouleinfos.com\/wp-content\/uploads\/2022\/04\/276176276_516926969793527_947705302678867600_n.jpg 1440w, https:\/\/tabouleinfos.com\/wp-content\/uploads\/2022\/04\/276176276_516926969793527_947705302678867600_n-300x151.jpg 300w, https:\/\/tabouleinfos.com\/wp-content\/uploads\/2022\/04\/276176276_516926969793527_947705302678867600_n-1024x516.jpg 1024w, https:\/\/tabouleinfos.com\/wp-content\/uploads\/2022\/04\/276176276_516926969793527_947705302678867600_n-768x387.jpg 768w, https:\/\/tabouleinfos.com\/wp-content\/uploads\/2022\/04\/276176276_516926969793527_947705302678867600_n-696x351.jpg 696w, https:\/\/tabouleinfos.com\/wp-content\/uploads\/2022\/04\/276176276_516926969793527_947705302678867600_n-1068x538.jpg 1068w, https:\/\/tabouleinfos.com\/wp-content\/uploads\/2022\/04\/276176276_516926969793527_947705302678867600_n-833x420.jpg 833w, https:\/\/tabouleinfos.com\/wp-content\/uploads\/2022\/04\/276176276_516926969793527_947705302678867600_n-750x378.jpg 750w, https:\/\/tabouleinfos.com\/wp-content\/uploads\/2022\/04\/276176276_516926969793527_947705302678867600_n-1140x575.jpg 1140w\" sizes=\"auto, (max-width: 1440px) 100vw, 1440px\" \/><\/a><\/p>\n<p><span style=\"font-size: 14pt\">A souligner que, ce projet a pour but de r\u00e9unir plusieurs Artistes autour d&rsquo;une table afin de les faire d\u00e9couvrir aux auditeurs et d&rsquo;assurer leur promotion, le tout sera film\u00e9 en live \u00e0 chaque session.\u00a0<\/span><\/p>\n<p><span style=\"font-size: 14pt\">A cette occasion, les responsables du label \u2018\u2019Made Up Prod\u2019\u2019 ont annonc\u00e9 le festival <strong>\u00a0\u00bbURBAN Made Ouest\u00a0\u00bb<\/strong>. Un \u00e9v\u00e9nement qui r\u00e9unira plus d\u2019une dizaine d\u2019artistes Fran\u00e7ais et Guin\u00e9ens sur la m\u00eame sc\u00e8ne \u00e0 Laval, le 24 septembre 2022.<\/span><\/p>\n<p><span style=\"font-size: 14pt\"><strong>Cellule de communication Made UP PROD<\/strong><\/span><\/p>\n","protected":false},"excerpt":{"rendered":"<p>Le vendredi 18 mars dernier, le producteur et rappeur Minoss a inaugur\u00e9 son studio de production audiovisuelle \u2018\u2019Made Up\u2019\u2019 \u00e0 Laval (France). Cette c\u00e9r\u00e9monie a connu la pr\u00e9sence du Maire de la ville de Laval, Florian Bercault, accompagn\u00e9 de quelques-uns de ses adjoints. Sans oublier SENSEY, le premier artiste produit par ce label. A Laval, [&hellip;]<\/p>\n","protected":false},"author":2,"featured_media":6798,"comment_status":"closed","ping_status":"closed","sticky":false,"template":"","format":"standard","meta":{"footnotes":""},"categories":[21,2],"tags":[],"class_list":{"0":"post-6796","1":"post","2":"type-post","3":"status-publish","4":"format-standard","5":"has-post-thumbnail","7":"category-events","8":"category-featured"},"_links":{"self":[{"href":"https:\/\/tabouleinfos.com\/index.php\/wp-json\/wp\/v2\/posts\/6796","targetHints":{"allow":["GET"]}}],"collection":[{"href":"https:\/\/tabouleinfos.com\/index.php\/wp-json\/wp\/v2\/posts"}],"about":[{"href":"https:\/\/tabouleinfos.com\/index.php\/wp-json\/wp\/v2\/types\/post"}],"author":[{"embeddable":true,"href":"https:\/\/tabouleinfos.com\/index.php\/wp-json\/wp\/v2\/users\/2"}],"replies":[{"embeddable":true,"href":"https:\/\/tabouleinfos.com\/index.php\/wp-json\/wp\/v2\/comments?post=6796"}],"version-history":[{"count":0,"href":"https:\/\/tabouleinfos.com\/index.php\/wp-json\/wp\/v2\/posts\/6796\/revisions"}],"wp:featuredmedia":[{"embeddable":true,"href":"https:\/\/tabouleinfos.com\/index.php\/wp-json\/wp\/v2\/media\/6798"}],"wp:attachment":[{"href":"https:\/\/tabouleinfos.com\/index.php\/wp-json\/wp\/v2\/media?parent=6796"}],"wp:term":[{"taxonomy":"category","embeddable":true,"href":"https:\/\/tabouleinfos.com\/index.php\/wp-json\/wp\/v2\/categories?post=6796"},{"taxonomy":"post_tag","embeddable":true,"href":"https:\/\/tabouleinfos.com\/index.php\/wp-json\/wp\/v2\/tags?post=6796"}],"curies":[{"name":"wp","href":"https:\/\/api.w.org\/{rel}","templated":true}]}}