{"id":6955,"date":"2022-04-22T18:25:51","date_gmt":"2022-04-22T18:25:51","guid":{"rendered":"https:\/\/tabouleinfos.com\/?p=6955"},"modified":"2022-04-22T18:25:51","modified_gmt":"2022-04-22T18:25:51","slug":"fode-baro-reconnaissant-dans-koba-kella-single","status":"publish","type":"post","link":"https:\/\/tabouleinfos.com\/index.php\/fode-baro-reconnaissant-dans-koba-kella-single\/","title":{"rendered":"Fod\u00e9 Baro reconnaissant dans \u2018\u2019Koba K\u00e8lla\u2019\u2019 (single)"},"content":{"rendered":"<p><span style=\"font-size: 14pt\"><strong>Apr\u00e8s les singles \u2018\u2019Personne n\u2019est Dieu\u2019\u2019, \u2018\u2019Wo Rebebe\u2019\u2019 \u2018\u2019D\u00e9ception\u2019\u2019, Fod\u00e9 Baro d\u00e9barque avec un nouvel extrait de l\u2019album \u2018\u2019Coup Fatal\u2019\u2019. <\/strong><\/span><\/p>\n<p><span style=\"font-size: 14pt\"><strong>\u2018\u2019Koba K\u00e8lla\u2019\u2019<\/strong> est la chanson livr\u00e9e par le roi du zouk mandingue. Dans ce single sorti le jeudi 21 avril, le d\u00e9tenteur de\u00a0quatre disques de platine panafricain rend hommage \u00e0 un ami de longue date. \u00ab\u00a020ans d&rsquo;amiti\u00e9, de confiance et de partage. Affable et \u00e0 l&rsquo;\u00e9coute, pr\u00e9sent \u00e0 mes c\u00f4t\u00e9s dans les meilleurs comme dans les pires moments.\u00bb, souligne l\u2019artiste.<\/span><\/p>\n<p><span style=\"font-size: 14pt\">Ce nouvel album dont la sortie \u00e9tait pr\u00e9vue en mars 2021, est impatiemment attendu par les fans. <strong>\u2018\u2019Coup Fatal\u2019\u2019<\/strong> est le sixi\u00e8me disque de l\u2019enfant de la SIG Madina.<\/span><\/p>\n<p><span style=\"font-size: 14pt\">On vous laisse \u00e9couter <strong>\u2018\u2019Koba K\u00e8lla\u2019\u2019<\/strong>.<\/span><\/p>\n<p><a href=\"https:\/\/www.youtube.com\/watch?v=hCD63XHwA9I\">https:\/\/www.youtube.com\/watch?v=hCD63XHwA9I<\/a><\/p>\n<p><span style=\"font-size: 14pt\"><strong>Tabouleinfos.com<\/strong><\/span><\/p>\n","protected":false},"excerpt":{"rendered":"<p>Apr\u00e8s les singles \u2018\u2019Personne n\u2019est Dieu\u2019\u2019, \u2018\u2019Wo Rebebe\u2019\u2019 \u2018\u2019D\u00e9ception\u2019\u2019, Fod\u00e9 Baro d\u00e9barque avec un nouvel extrait de l\u2019album \u2018\u2019Coup Fatal\u2019\u2019. \u2018\u2019Koba K\u00e8lla\u2019\u2019 est la chanson livr\u00e9e par le roi du zouk mandingue. Dans ce single sorti le jeudi 21 avril, le d\u00e9tenteur de\u00a0quatre disques de platine panafricain rend hommage \u00e0 un ami de longue date. [&hellip;]<\/p>\n","protected":false},"author":2,"featured_media":6957,"comment_status":"closed","ping_status":"closed","sticky":false,"template":"","format":"standard","meta":{"footnotes":""},"categories":[2,29],"tags":[],"class_list":{"0":"post-6955","1":"post","2":"type-post","3":"status-publish","4":"format-standard","5":"has-post-thumbnail","7":"category-featured","8":"category-musique"},"_links":{"self":[{"href":"https:\/\/tabouleinfos.com\/index.php\/wp-json\/wp\/v2\/posts\/6955","targetHints":{"allow":["GET"]}}],"collection":[{"href":"https:\/\/tabouleinfos.com\/index.php\/wp-json\/wp\/v2\/posts"}],"about":[{"href":"https:\/\/tabouleinfos.com\/index.php\/wp-json\/wp\/v2\/types\/post"}],"author":[{"embeddable":true,"href":"https:\/\/tabouleinfos.com\/index.php\/wp-json\/wp\/v2\/users\/2"}],"replies":[{"embeddable":true,"href":"https:\/\/tabouleinfos.com\/index.php\/wp-json\/wp\/v2\/comments?post=6955"}],"version-history":[{"count":0,"href":"https:\/\/tabouleinfos.com\/index.php\/wp-json\/wp\/v2\/posts\/6955\/revisions"}],"wp:featuredmedia":[{"embeddable":true,"href":"https:\/\/tabouleinfos.com\/index.php\/wp-json\/wp\/v2\/media\/6957"}],"wp:attachment":[{"href":"https:\/\/tabouleinfos.com\/index.php\/wp-json\/wp\/v2\/media?parent=6955"}],"wp:term":[{"taxonomy":"category","embeddable":true,"href":"https:\/\/tabouleinfos.com\/index.php\/wp-json\/wp\/v2\/categories?post=6955"},{"taxonomy":"post_tag","embeddable":true,"href":"https:\/\/tabouleinfos.com\/index.php\/wp-json\/wp\/v2\/tags?post=6955"}],"curies":[{"name":"wp","href":"https:\/\/api.w.org\/{rel}","templated":true}]}}