{"id":7405,"date":"2022-06-25T08:19:28","date_gmt":"2022-06-25T08:19:28","guid":{"rendered":"https:\/\/tabouleinfos.com\/?p=7405"},"modified":"2022-06-25T08:19:28","modified_gmt":"2022-06-25T08:19:28","slug":"malick-kebe-se-rejouit-de-lamendement-des-statuts-du-fodac","status":"publish","type":"post","link":"https:\/\/tabouleinfos.com\/index.php\/malick-kebe-se-rejouit-de-lamendement-des-statuts-du-fodac\/","title":{"rendered":"Malick K\u00e9b\u00e9 se r\u00e9jouit de l\u2019amendement des statuts du FODAC"},"content":{"rendered":"<p><span style=\"font-size: 14pt\"><strong>Suite \u00e0 l\u2019amendement des statuts du Fonds de D\u00e9veloppement des Arts et de la Culture (FODAC) par d\u00e9cret du pr\u00e9sident de la Transition, Colonel Mamadi Doumbouya, le directeur g\u00e9n\u00e9ral de ladite structure Malick Keita a organis\u00e9 une conf\u00e9rence de presse pour parler de cette actualit\u00e9, ce vendredi 24 juin 2022 \u00e0 Conakry. <\/strong><\/span><\/p>\n<p><span style=\"font-size: 14pt\">A l\u2019occasion de cette rencontre avec les hommes de m\u00e9dias, le directeur g\u00e9n\u00e9ral a mis un accent particulier sur la loi portant sur l\u2019application des droits d\u2019auteur en Guin\u00e9e avant d\u2019\u00e9voquer le plan d\u2019action du FODAC.<\/span><\/p>\n<p><span style=\"font-size: 14pt\">Apr\u00e8s avoir salu\u00e9 la d\u00e9cision du pr\u00e9sident Mamadi Doumbouya et le travail abattu par le ministre en charge de la Culture, Alpha Soumah, le directeur g\u00e9n\u00e9ral du FODAC est largement revenu sur les contours de ce d\u00e9cret.<\/span><\/p>\n<p><span style=\"font-size: 14pt\">\u00ab Le document le plus important c\u2019est cette loi sur le droit d\u2019auteur qui a \u00e9t\u00e9 sign\u00e9. Cette loi va combler assez de vide. \u00c7a va permettre \u00e0 certains artistes de vivre de leur sueur. Parce que des pr\u00e9l\u00e8vements vont se faire directement au niveau de la douane. Surtout de ce qui est copie priv\u00e9e\u2026 Nous avons beaucoup de produits qui rentrent dans notre pays qui sont susceptibles de copier soit l\u2019image ou le son\u2026 Mais malheureusement qui ne sont pas tax\u00e9s. D\u2019o\u00f9 la mise en place de cette loi. Et surtout, le d\u00e9cret d\u2019application afin que toutes les autorit\u00e9s comp\u00e9tentes\u2026 que chacune prenne les dispositions afin que le pr\u00e9l\u00e8vement de ces fonds-l\u00e0 se passe dans les meilleures conditions. Ces fonds seront revers\u00e9s au niveau du Bureau Guin\u00e9en des Droits d\u2019Auteur qui \u00e0 son tour reversera une partie au Fonds de D\u00e9veloppement des Arts et de la Culture pour permettre au d\u00e9veloppement du secteur de la culture qui a tant besoin de moyens pour pouvoir sortir de l\u2019orni\u00e8re \u00bb.<\/span><\/p>\n<p><span style=\"font-size: 14pt\">Poursuivant son intervention, il rench\u00e9rit en disant : \u00ab Il y a eu beaucoup d\u2019amendement qui ont \u00e9t\u00e9 apport\u00e9s afin que nos statuts soient maintenant au point. Et que nous puissions travailler dans les meilleures conditions. C\u2019est le lieu d\u2019interpeller les autorit\u00e9s de nous doter d\u2019un fonds. Depuis belle lurette, ce fonds \u00e0 des difficult\u00e9s, d\u2019avoir aujourd\u2019hui des moyens. C\u2019est vrai que la copie priv\u00e9e viendra mais c\u2019est important que le pr\u00e9sident\u2026, Colonel Mamadi doit bien vouloir accepter d\u2019accompagner ce fonds qui va soulager plus d\u2019une personne dans le secteur de la culture. Ce d\u00e9cret est sign\u00e9 nous sommes pr\u00eats \u00e0 mettre en application tout ce qui rentre dans ce cadre-l\u00e0 \u00bb, a-t-il d\u00e9clar\u00e9.<\/span><\/p>\n<p><span style=\"font-size: 14pt\">Plus loin M. K\u00e9b\u00e9 annonce que le FODAC est en train de travailler pour la validation du document cadre et sur du plan strat\u00e9gique 2022-2026 qui regorge plusieurs projets importants pour la culture guin\u00e9enne.<\/span><\/p>\n<p><span style=\"font-size: 14pt\"><strong>Ibrahima Soya<\/strong>\u00a0<\/span><\/p>\n","protected":false},"excerpt":{"rendered":"<p>Suite \u00e0 l\u2019amendement des statuts du Fonds de D\u00e9veloppement des Arts et de la Culture (FODAC) par d\u00e9cret du pr\u00e9sident de la Transition, Colonel Mamadi Doumbouya, le directeur g\u00e9n\u00e9ral de ladite structure Malick Keita a organis\u00e9 une conf\u00e9rence de presse pour parler de cette actualit\u00e9, ce vendredi 24 juin 2022 \u00e0 Conakry. A l\u2019occasion de [&hellip;]<\/p>\n","protected":false},"author":2,"featured_media":7406,"comment_status":"closed","ping_status":"closed","sticky":false,"template":"","format":"standard","meta":{"footnotes":""},"categories":[2,25],"tags":[],"class_list":{"0":"post-7405","1":"post","2":"type-post","3":"status-publish","4":"format-standard","5":"has-post-thumbnail","7":"category-featured","8":"category-news"},"_links":{"self":[{"href":"https:\/\/tabouleinfos.com\/index.php\/wp-json\/wp\/v2\/posts\/7405","targetHints":{"allow":["GET"]}}],"collection":[{"href":"https:\/\/tabouleinfos.com\/index.php\/wp-json\/wp\/v2\/posts"}],"about":[{"href":"https:\/\/tabouleinfos.com\/index.php\/wp-json\/wp\/v2\/types\/post"}],"author":[{"embeddable":true,"href":"https:\/\/tabouleinfos.com\/index.php\/wp-json\/wp\/v2\/users\/2"}],"replies":[{"embeddable":true,"href":"https:\/\/tabouleinfos.com\/index.php\/wp-json\/wp\/v2\/comments?post=7405"}],"version-history":[{"count":0,"href":"https:\/\/tabouleinfos.com\/index.php\/wp-json\/wp\/v2\/posts\/7405\/revisions"}],"wp:featuredmedia":[{"embeddable":true,"href":"https:\/\/tabouleinfos.com\/index.php\/wp-json\/wp\/v2\/media\/7406"}],"wp:attachment":[{"href":"https:\/\/tabouleinfos.com\/index.php\/wp-json\/wp\/v2\/media?parent=7405"}],"wp:term":[{"taxonomy":"category","embeddable":true,"href":"https:\/\/tabouleinfos.com\/index.php\/wp-json\/wp\/v2\/categories?post=7405"},{"taxonomy":"post_tag","embeddable":true,"href":"https:\/\/tabouleinfos.com\/index.php\/wp-json\/wp\/v2\/tags?post=7405"}],"curies":[{"name":"wp","href":"https:\/\/api.w.org\/{rel}","templated":true}]}}