{"id":7438,"date":"2022-07-06T19:02:25","date_gmt":"2022-07-06T19:02:25","guid":{"rendered":"https:\/\/tabouleinfos.com\/?p=7438"},"modified":"2022-07-07T08:20:55","modified_gmt":"2022-07-07T08:20:55","slug":"conakry-le-plan-strategique-2022-2026-du-fodac-valide","status":"publish","type":"post","link":"https:\/\/tabouleinfos.com\/index.php\/conakry-le-plan-strategique-2022-2026-du-fodac-valide\/","title":{"rendered":"Conakry : Le plan strat\u00e9gique 2022-2026 du FODAC valid\u00e9\u00a0!"},"content":{"rendered":"<p><span style=\"font-size: 14pt\"><strong>Apr\u00e8s l\u2019\u00e9laboration du plan strat\u00e9gique quinquennal 2022-2026 du Fonds de D\u00e9veloppement des Arts et de la Culture en mai dernier, le document a \u00e9t\u00e9 valid\u00e9 ce mercredi 6 juillet \u00e0 Conakry au cours d\u2019un atelier.<\/strong><\/span><\/p>\n<p><a href=\"https:\/\/tabouleinfos.com\/wp-content\/uploads\/2022\/07\/fodac.jpg\"><img loading=\"lazy\" decoding=\"async\" width=\"1466\" height=\"804\" class=\"alignnone size-full wp-image-7439\" src=\"https:\/\/tabouleinfos.com\/wp-content\/uploads\/2022\/07\/fodac.jpg\" alt=\"\" srcset=\"https:\/\/tabouleinfos.com\/wp-content\/uploads\/2022\/07\/fodac.jpg 1466w, https:\/\/tabouleinfos.com\/wp-content\/uploads\/2022\/07\/fodac-300x165.jpg 300w, https:\/\/tabouleinfos.com\/wp-content\/uploads\/2022\/07\/fodac-1024x562.jpg 1024w, https:\/\/tabouleinfos.com\/wp-content\/uploads\/2022\/07\/fodac-768x421.jpg 768w, https:\/\/tabouleinfos.com\/wp-content\/uploads\/2022\/07\/fodac-696x382.jpg 696w, https:\/\/tabouleinfos.com\/wp-content\/uploads\/2022\/07\/fodac-1068x586.jpg 1068w, https:\/\/tabouleinfos.com\/wp-content\/uploads\/2022\/07\/fodac-766x420.jpg 766w, https:\/\/tabouleinfos.com\/wp-content\/uploads\/2022\/07\/fodac-750x411.jpg 750w, https:\/\/tabouleinfos.com\/wp-content\/uploads\/2022\/07\/fodac-1140x625.jpg 1140w\" sizes=\"auto, (max-width: 1466px) 100vw, 1466px\" \/><\/a><\/p>\n<p><span style=\"font-size: 14pt\">Cette c\u00e9r\u00e9monie de validation du Plan Strat\u00e9gique quinquennal du FODAC plac\u00e9e sous la tutelle du Minist\u00e8re de la Culture du Tourisme et de l\u2019Artisanat et de la tutelle financi\u00e8re du Minist\u00e8re des Finances, a connu la pr\u00e9sence des hommes de culture, des partenaires financiers, du conseiller personnel du chef de l\u2019\u00c9tat et autres.<\/span><\/p>\n<p>&nbsp;<\/p>\n<p><span style=\"font-size: 14pt\">Selon le Directeur G\u00e9n\u00e9ral du\u00a0Fonds de D\u00e9veloppement des Arts et de la Culture : \u00ab\u00a0Le Plan Strat\u00e9gique du FODAC est un outil d\u2019orientation et de planification des activit\u00e9s durant les cinq (5) prochaines ann\u00e9es. Ce plan se repose sur quatre (4) axes strat\u00e9giques, sept (7) composantes programmatiques et vingt-quatre (24) projets \u00e0 r\u00e9aliser dans le cadre du fonctionnement et de l\u2019investissement qui n\u00e9cessite une mobilisation des ressources financi\u00e8res\u00bb, a rappel\u00e9 Malick Kebe.<\/span><\/p>\n<p><a href=\"https:\/\/tabouleinfos.com\/wp-content\/uploads\/2022\/07\/IMG-20220706-WA0012.jpg\"><img loading=\"lazy\" decoding=\"async\" width=\"1080\" height=\"589\" class=\"alignnone size-full wp-image-7443\" src=\"https:\/\/tabouleinfos.com\/wp-content\/uploads\/2022\/07\/IMG-20220706-WA0012.jpg\" alt=\"\" srcset=\"https:\/\/tabouleinfos.com\/wp-content\/uploads\/2022\/07\/IMG-20220706-WA0012.jpg 1080w, https:\/\/tabouleinfos.com\/wp-content\/uploads\/2022\/07\/IMG-20220706-WA0012-300x164.jpg 300w, https:\/\/tabouleinfos.com\/wp-content\/uploads\/2022\/07\/IMG-20220706-WA0012-1024x558.jpg 1024w, https:\/\/tabouleinfos.com\/wp-content\/uploads\/2022\/07\/IMG-20220706-WA0012-768x419.jpg 768w, https:\/\/tabouleinfos.com\/wp-content\/uploads\/2022\/07\/IMG-20220706-WA0012-696x380.jpg 696w, https:\/\/tabouleinfos.com\/wp-content\/uploads\/2022\/07\/IMG-20220706-WA0012-1068x582.jpg 1068w, https:\/\/tabouleinfos.com\/wp-content\/uploads\/2022\/07\/IMG-20220706-WA0012-770x420.jpg 770w, https:\/\/tabouleinfos.com\/wp-content\/uploads\/2022\/07\/IMG-20220706-WA0012-750x409.jpg 750w\" sizes=\"auto, (max-width: 1080px) 100vw, 1080px\" \/><\/a><\/p>\n<p><span style=\"font-size: 14pt\">Poursuivant son intervention, il a lanc\u00e9 un appel solennel au Gouvernement et \u00e0 tous les Partenaires Techniques et Financiers pour accompagner le FODAC dans sa vision, qui est celle\u00a0: \u00ab\u00a0de cr\u00e9er et de mettre en \u0153uvre des conditions n\u00e9cessaires \u00e0 un d\u00e9veloppement socio-\u00e9conomique durable, \u00e0 court et moyen terme en s\u2019appuyant sur le potentiel culturel et artistique.\u00bb<\/span><\/p>\n<p><a href=\"https:\/\/tabouleinfos.com\/wp-content\/uploads\/2022\/07\/IMG-20220706-WA0010.jpg\"><img loading=\"lazy\" decoding=\"async\" width=\"1075\" height=\"574\" class=\"alignnone size-full wp-image-7444\" src=\"https:\/\/tabouleinfos.com\/wp-content\/uploads\/2022\/07\/IMG-20220706-WA0010.jpg\" alt=\"\" srcset=\"https:\/\/tabouleinfos.com\/wp-content\/uploads\/2022\/07\/IMG-20220706-WA0010.jpg 1075w, https:\/\/tabouleinfos.com\/wp-content\/uploads\/2022\/07\/IMG-20220706-WA0010-300x160.jpg 300w, https:\/\/tabouleinfos.com\/wp-content\/uploads\/2022\/07\/IMG-20220706-WA0010-1024x547.jpg 1024w, https:\/\/tabouleinfos.com\/wp-content\/uploads\/2022\/07\/IMG-20220706-WA0010-768x410.jpg 768w, https:\/\/tabouleinfos.com\/wp-content\/uploads\/2022\/07\/IMG-20220706-WA0010-696x372.jpg 696w, https:\/\/tabouleinfos.com\/wp-content\/uploads\/2022\/07\/IMG-20220706-WA0010-1068x570.jpg 1068w, https:\/\/tabouleinfos.com\/wp-content\/uploads\/2022\/07\/IMG-20220706-WA0010-787x420.jpg 787w, https:\/\/tabouleinfos.com\/wp-content\/uploads\/2022\/07\/IMG-20220706-WA0010-750x400.jpg 750w\" sizes=\"auto, (max-width: 1075px) 100vw, 1075px\" \/><\/a><\/p>\n<p><span style=\"font-size: 14pt\">A cette occasion, le Ministre de la Culture du Tourisme et de l\u2019Artisanat a soulign\u00e9\u00a0qu\u2019une\u00a0: \u00ab\u00a0seule hirondelle ne fait pas le printemps\u00a0\u00bb, le FODAC avec le soutien de Monsieur le Pr\u00e9sident de la transition, chef de l\u2019\u00c9tat, chef supr\u00eame des arm\u00e9e le colonel Mamadi Doumbouya et du gouvernement ainsi que se partenaires techniques et financiers, se veut tisser et entretenir des relations de collaboration pour la mise en \u0153uvre effective du pr\u00e9sent plan en vue de contribuer significativement au d\u00e9veloppement du secteur culturel et artistique guin\u00e9en.\u00bb, a affirm\u00e9 le Ministre Alpha Soumah.<\/span><\/p>\n<p><a href=\"https:\/\/tabouleinfos.com\/wp-content\/uploads\/2022\/07\/IMG-20220706-WA0011.jpg\"><img loading=\"lazy\" decoding=\"async\" width=\"1080\" height=\"579\" class=\"alignnone size-full wp-image-7441\" src=\"https:\/\/tabouleinfos.com\/wp-content\/uploads\/2022\/07\/IMG-20220706-WA0011.jpg\" alt=\"\" srcset=\"https:\/\/tabouleinfos.com\/wp-content\/uploads\/2022\/07\/IMG-20220706-WA0011.jpg 1080w, https:\/\/tabouleinfos.com\/wp-content\/uploads\/2022\/07\/IMG-20220706-WA0011-300x161.jpg 300w, https:\/\/tabouleinfos.com\/wp-content\/uploads\/2022\/07\/IMG-20220706-WA0011-1024x549.jpg 1024w, https:\/\/tabouleinfos.com\/wp-content\/uploads\/2022\/07\/IMG-20220706-WA0011-768x412.jpg 768w, https:\/\/tabouleinfos.com\/wp-content\/uploads\/2022\/07\/IMG-20220706-WA0011-696x373.jpg 696w, https:\/\/tabouleinfos.com\/wp-content\/uploads\/2022\/07\/IMG-20220706-WA0011-1068x573.jpg 1068w, https:\/\/tabouleinfos.com\/wp-content\/uploads\/2022\/07\/IMG-20220706-WA0011-783x420.jpg 783w, https:\/\/tabouleinfos.com\/wp-content\/uploads\/2022\/07\/IMG-20220706-WA0011-750x402.jpg 750w\" sizes=\"auto, (max-width: 1080px) 100vw, 1080px\" \/><\/a><\/p>\n<p><span style=\"font-size: 14pt\">A travers ce plan strat\u00e9gique quinquennal 2022-2026, le FODAC entend favoriser l\u2019\u00e9mergence d\u2019un environnement qui rassure les acteurs culturels pour leur plein \u00e9panouissement en vue de jouir des conditions pouvant renforcer leur participation au d\u00e9veloppement socio-culturel et \u00e9conomique de la Guin\u00e9e.<\/span><\/p>\n<p><span style=\"font-size: 14pt\"><strong>Aboubacar Fod\u00e9 Bangoura<\/strong><\/span><\/p>\n","protected":false},"excerpt":{"rendered":"<p>Apr\u00e8s l\u2019\u00e9laboration du plan strat\u00e9gique quinquennal 2022-2026 du Fonds de D\u00e9veloppement des Arts et de la Culture en mai dernier, le document a \u00e9t\u00e9 valid\u00e9 ce mercredi 6 juillet \u00e0 Conakry au cours d\u2019un atelier. Cette c\u00e9r\u00e9monie de validation du Plan Strat\u00e9gique quinquennal du FODAC plac\u00e9e sous la tutelle du Minist\u00e8re de la Culture du [&hellip;]<\/p>\n","protected":false},"author":2,"featured_media":7446,"comment_status":"closed","ping_status":"closed","sticky":false,"template":"","format":"standard","meta":{"footnotes":""},"categories":[21,2],"tags":[],"class_list":{"0":"post-7438","1":"post","2":"type-post","3":"status-publish","4":"format-standard","5":"has-post-thumbnail","7":"category-events","8":"category-featured"},"_links":{"self":[{"href":"https:\/\/tabouleinfos.com\/index.php\/wp-json\/wp\/v2\/posts\/7438","targetHints":{"allow":["GET"]}}],"collection":[{"href":"https:\/\/tabouleinfos.com\/index.php\/wp-json\/wp\/v2\/posts"}],"about":[{"href":"https:\/\/tabouleinfos.com\/index.php\/wp-json\/wp\/v2\/types\/post"}],"author":[{"embeddable":true,"href":"https:\/\/tabouleinfos.com\/index.php\/wp-json\/wp\/v2\/users\/2"}],"replies":[{"embeddable":true,"href":"https:\/\/tabouleinfos.com\/index.php\/wp-json\/wp\/v2\/comments?post=7438"}],"version-history":[{"count":0,"href":"https:\/\/tabouleinfos.com\/index.php\/wp-json\/wp\/v2\/posts\/7438\/revisions"}],"wp:featuredmedia":[{"embeddable":true,"href":"https:\/\/tabouleinfos.com\/index.php\/wp-json\/wp\/v2\/media\/7446"}],"wp:attachment":[{"href":"https:\/\/tabouleinfos.com\/index.php\/wp-json\/wp\/v2\/media?parent=7438"}],"wp:term":[{"taxonomy":"category","embeddable":true,"href":"https:\/\/tabouleinfos.com\/index.php\/wp-json\/wp\/v2\/categories?post=7438"},{"taxonomy":"post_tag","embeddable":true,"href":"https:\/\/tabouleinfos.com\/index.php\/wp-json\/wp\/v2\/tags?post=7438"}],"curies":[{"name":"wp","href":"https:\/\/api.w.org\/{rel}","templated":true}]}}