{"id":7538,"date":"2022-07-22T07:38:15","date_gmt":"2022-07-22T07:38:15","guid":{"rendered":"https:\/\/tabouleinfos.com\/?p=7538"},"modified":"2022-07-22T07:38:15","modified_gmt":"2022-07-22T07:38:15","slug":"festival-international-nuits-dafrique-visa-refuse-pour-yemi-alade","status":"publish","type":"post","link":"https:\/\/tabouleinfos.com\/index.php\/festival-international-nuits-dafrique-visa-refuse-pour-yemi-alade\/","title":{"rendered":"Festival international Nuits d\u2019Afrique\u00a0: Visa refus\u00e9 pour Yemi Alade"},"content":{"rendered":"<p><span style=\"font-size: 14pt\"><strong>La t\u00eate d\u2019affiche du Festival international Nuits d\u2019Afrique, la vedette pop nig\u00e9riane Yemi Alade, s\u2019est vu refuser son visa d\u2019entr\u00e9e par Immigration, R\u00e9fugi\u00e9s et Citoyennet\u00e9 Canada.\u00a0Le concert qu\u2019elle devait offrir en cl\u00f4ture de cette \u00e9dition du festival, sur la grande sc\u00e8ne ext\u00e9rieure, dimanche, est donc annul\u00e9.<\/strong><\/span><\/p>\n<p><span style=\"font-size: 14pt\">L\u2019artiste mondialement reconnue sera remplac\u00e9e au pied lev\u00e9 par Sampa The Great, une jeune rappeuse australienne originaire de la Zambie.<\/span><\/p>\n<p><span style=\"font-size: 14pt\"><em>\u00ab\u00a0Pour des raisons hors de notre contr\u00f4le, ce n\u2019est pas Yemi Alade qui fera la cl\u00f4ture du festival, mais bien Sampa The Great, une autre \u00e9toile, tout aussi brillante, de la jeunesse africaine, qui secoue la plan\u00e8te avec ses musiques et ses rythmes aux influences multiples\u00a0\u00bb,<\/em> a indiqu\u00e9 la direction du festival en fin de journ\u00e9e jeudi.<\/span><\/p>\n<p><span style=\"font-size: 14pt\">Au\u00a0Devoir, la directrice et cofondatrice du festival, Suzanne Rousseau, a d\u00e9plor\u00e9 que le processus de demande et d\u2019obtention de visas de visiteurs se soit compliqu\u00e9 <strong>\u00ab\u00a0depuis au moins cinq ans\u00a0\u00bb<\/strong>.\u00a0Elle a d\u2019abord appris le refus des demandes de visa de Yemi Alade et des membres de son orchestre il y a une dizaine de jours\u00a0; une seconde demande est demeur\u00e9e sans r\u00e9ponse, malgr\u00e9 l\u2019intervention du bureau de la d\u00e9put\u00e9e lib\u00e9rale f\u00e9d\u00e9rale d\u2019Outremont, Rachel Bendayan.<\/span><\/p>\n<p><span style=\"font-size: 14pt\">Selon Mme\u00a0Rousseau, les motifs du refus sont d\u2019ordre <strong>\u00ab\u00a0financier\u00a0\u00bb<\/strong>\u00a0: <strong><em>\u00ab\u00a0Ils craignaient qu\u2019elle veuille demeurer au Canada.\u00a0\u00bb<\/em><\/strong><\/span><\/p>\n<p><span style=\"font-size: 14pt\">Ces derni\u00e8res semaines, Yemi Alade, nomm\u00e9e ambassadrice de bonne volont\u00e9 du Programme des Nations unies pour le d\u00e9veloppement, s\u2019est rendue donner des concerts et enregistrer de nouvelles chansons en Grande-Bretagne, en France et en Belgique.<\/span><\/p>\n<p><span style=\"font-size: 14pt\">L\u2019organisation de Nuits d\u2019Afrique n\u2019est pas la seule \u00e0 d\u00e9plorer l\u2019attitude d\u2019Immigration, R\u00e9fugi\u00e9s et Citoyennet\u00e9 Canada. Le Festival international de jazz de Montr\u00e9al a lui aussi d\u00fb revoir son programme en raison de visas de travail refus\u00e9s ou d\u00e9livr\u00e9s trop tard.<\/span><\/p>\n<p><span style=\"font-size: 14pt\">En juin dernier, 250 organisations internationales ont par ailleurs interpell\u00e9 le ministre f\u00e9d\u00e9ral de l\u2019Immigration, Sean Fraser, pour lui demander de tout mettre en \u0153uvre afin que soient convenablement accueillis les participants \u00e0 la 24e\u00a0Conf\u00e9rence internationale sur le sida, pr\u00e9vue du 29\u00a0juillet au 2\u00a0ao\u00fbt \u00e0 Montr\u00e9al.<\/span><\/p>\n<p><span style=\"font-size: 14pt\">A lire sur\u00a0:<span style=\"color: #0000ff\"><a style=\"color: #0000ff\" href=\"https:\/\/www.ledevoir.com\/culture\/musique\/736698\/visa-refuse-pour-yemi-alade?utm_medium=Social&amp;utm_campaign=Autopost&amp;utm_source=Facebook&amp;fbclid=IwAR3qrgZV5O2kEZWSfE0Xr8YMz5ACDa8J7pmW42qE5yTRx9o0D81XJEzYmdQ#Echobox=1658448959\"><strong> Ledevoir.com<\/strong><\/a><\/span><\/span><\/p>\n","protected":false},"excerpt":{"rendered":"<p>La t\u00eate d\u2019affiche du Festival international Nuits d\u2019Afrique, la vedette pop nig\u00e9riane Yemi Alade, s\u2019est vu refuser son visa d\u2019entr\u00e9e par Immigration, R\u00e9fugi\u00e9s et Citoyennet\u00e9 Canada.\u00a0Le concert qu\u2019elle devait offrir en cl\u00f4ture de cette \u00e9dition du festival, sur la grande sc\u00e8ne ext\u00e9rieure, dimanche, est donc annul\u00e9. L\u2019artiste mondialement reconnue sera remplac\u00e9e au pied lev\u00e9 par [&hellip;]<\/p>\n","protected":false},"author":2,"featured_media":7539,"comment_status":"closed","ping_status":"closed","sticky":false,"template":"","format":"standard","meta":{"footnotes":""},"categories":[2,25],"tags":[],"class_list":{"0":"post-7538","1":"post","2":"type-post","3":"status-publish","4":"format-standard","5":"has-post-thumbnail","7":"category-featured","8":"category-news"},"_links":{"self":[{"href":"https:\/\/tabouleinfos.com\/index.php\/wp-json\/wp\/v2\/posts\/7538","targetHints":{"allow":["GET"]}}],"collection":[{"href":"https:\/\/tabouleinfos.com\/index.php\/wp-json\/wp\/v2\/posts"}],"about":[{"href":"https:\/\/tabouleinfos.com\/index.php\/wp-json\/wp\/v2\/types\/post"}],"author":[{"embeddable":true,"href":"https:\/\/tabouleinfos.com\/index.php\/wp-json\/wp\/v2\/users\/2"}],"replies":[{"embeddable":true,"href":"https:\/\/tabouleinfos.com\/index.php\/wp-json\/wp\/v2\/comments?post=7538"}],"version-history":[{"count":0,"href":"https:\/\/tabouleinfos.com\/index.php\/wp-json\/wp\/v2\/posts\/7538\/revisions"}],"wp:featuredmedia":[{"embeddable":true,"href":"https:\/\/tabouleinfos.com\/index.php\/wp-json\/wp\/v2\/media\/7539"}],"wp:attachment":[{"href":"https:\/\/tabouleinfos.com\/index.php\/wp-json\/wp\/v2\/media?parent=7538"}],"wp:term":[{"taxonomy":"category","embeddable":true,"href":"https:\/\/tabouleinfos.com\/index.php\/wp-json\/wp\/v2\/categories?post=7538"},{"taxonomy":"post_tag","embeddable":true,"href":"https:\/\/tabouleinfos.com\/index.php\/wp-json\/wp\/v2\/tags?post=7538"}],"curies":[{"name":"wp","href":"https:\/\/api.w.org\/{rel}","templated":true}]}}