{"id":7752,"date":"2022-08-26T21:37:27","date_gmt":"2022-08-26T21:37:27","guid":{"rendered":"https:\/\/tabouleinfos.com\/?p=7752"},"modified":"2022-08-26T23:01:55","modified_gmt":"2022-08-26T23:01:55","slug":"droit-de-reponse-du-ministere-de-la-culture-a-moise-premier","status":"publish","type":"post","link":"https:\/\/tabouleinfos.com\/index.php\/droit-de-reponse-du-ministere-de-la-culture-a-moise-premier\/","title":{"rendered":"Droit de r\u00e9ponse du Minist\u00e8re de la Culture \u00e0 Mo\u00efse Premier"},"content":{"rendered":"<p><span style=\"font-size: 14pt\"><strong>Ce droit de r\u00e9ponse du Minist\u00e8re de la Culture, du Tourisme et de l\u2019Artisanat, fait suite \u00e0 la publication d\u2019une vid\u00e9o sur les r\u00e9seaux sociaux par l\u2019animateur culturel Mo\u00efse Premier. Dans cette vid\u00e9o post\u00e9e ce vendredi 26 ao\u00fbt 2022, l\u2019animateur culturel accuse le Ministre Alpha Soumah (Bill de Sam) d\u2019avoir refus\u00e9 le financement du voyage de 45 artistes Guin\u00e9ens invit\u00e9s au Festival MondoKarnaval au Canada.\u00a0<\/strong><\/span><\/p>\n<p><span style=\"font-size: 14pt\">Pour r\u00e9pondre \u00e0 ces informations qui circulent sur la toile depuis quelques heures, le Minist\u00e8re de la Culture, du Tourisme et de l\u2019Artisanat \u00a0a fait un communiqu\u00e9 de presse que nous vous ferons lire ci-dessous.<\/span><\/p>\n<p><span style=\"font-size: 14pt\"><strong>HALTE \u00c0 L&rsquo;INTOX<\/strong><\/span><\/p>\n<p><span style=\"font-size: 14pt\">Le Minist\u00e8re de la Culture, du Tourisme et de l&rsquo;Artisanat constate avec regret qu&rsquo;un pr\u00e9tendu animateur culturel s&rsquo;acharne sur la personne du Ministre \u00e0 travers les r\u00e9seaux sociaux en l\u2019accusant avoir volontairement refus\u00e9 de financer le voyage ( billets d&rsquo;avion aller\/retour, h\u00e9bergement et les frais de s\u00e9jour compris) de 45 Artistes devant assister \u00e0 un Festival au Canada.\u00a0<\/span><\/p>\n<p><span style=\"font-size: 14pt\">Malgr\u00e9 le caract\u00e8re populiste et pernitieux de cette accusation qui rel\u00e8ve de la diffamation et de la cal\u00f4mnie, le Minist\u00e8re de la Culture, du Tourisme et de l\u2019Artisanat, dans le souci d&rsquo;eclairer la lanterne de l&rsquo;opinion publique, tient \u00e0 apporter toute la lumi\u00e8re sur cette affaire qui n&rsquo;est que la traduction d&rsquo;une grande frustration, une obsession, un acharnement, une fixation sur la personne du Ministre Alpha SOUMAH de la part d\u2019une personne dont la seule et unique intention est de ternir l\u2019image d\u2019un homme qui sert son Pays de fa\u00e7on loyale et patriotique.\u00a0\u00a0<\/span><\/p>\n<p><span style=\"font-size: 14pt\"><strong>SUR LES FAITS\u00a0:<\/strong><\/span><\/p>\n<p><span style=\"font-size: 14pt\">L\u2019Auteur de ces all\u00e9gations mensong\u00e8res s\u2019appuie sur le fait que certains ont r\u00e9cemment b\u00e9n\u00e9fici\u00e9 de soutiens financiers et humanitaires de la part de Monsieur le Pr\u00e9sident de la Transition notamment, le don des sacs de riz aux Artistes \u00e0 l\u2019occasion du mois de ramadan, l\u2019appui financier \u00e0 Mademoiselle Saran BAH, candidate de la Guin\u00e9e au concours international \u2018\u2019Miss-Monde\u2019\u2019, le soutien financier au profit du collectif des Artistes humanitaires, dirig\u00e9 par Eli KAMANO etc.<\/span><\/p>\n<p><span style=\"font-size: 14pt\">Se servant de son statut de pr\u00e9tendu animateur culturel, il s\u2019est transform\u00e9 en d\u00e9marcheur \u00e0 la recherche de financements de projets pour des tierces personnes aupr\u00e8s du Minist\u00e8re de la Culture, du Tourisme et de l\u2019Artisanat.<\/span><\/p>\n<p><span style=\"font-size: 14pt\">Ainsi, faisant croire \u00e0 l\u2019organisatrice du Festival qu\u2019il serait un proche du Ministre Alpha SOUMAH, il a tenu \u00e0 accompagner cette dame lors de son audience avec le Ministre.<\/span><\/p>\n<p><span style=\"font-size: 14pt\">A la suite de l\u2019examen du dossier qu\u2019ils ont introduit quelques jours plus tard, le Minist\u00e8re leur a notifi\u00e9 d\u2019\u00eatre au regret de ne pouvoir prendre en charge des billets d&rsquo;avion aller\/retour, de l&rsquo; h\u00e9bergement et des frais de s\u00e9jour pour les 45 Artistes.\u00a0<\/span><\/p>\n<p><span style=\"font-size: 14pt\">Toutefois, le D\u00e9partement les avait rassur\u00e9s de leur apporter son appui institutionnel qui leur permettrait de rechercher des financements aupr\u00e8s de ses partenaires.\u00a0<\/span><\/p>\n<p><span style=\"font-size: 14pt\">Il est important de signaler que depuis l\u2019arriv\u00e9e de la nouvelle administration \u00e0 la t\u00eate du D\u00e9partement en charge de la Culture, un des combats men\u00e9s par le Ministre et toute son \u00e9quipe est de sortir ce Minist\u00e8re de l\u2019improvisation et du pilotage \u00e0 vue, qui sont des mauvaises habitudes acquises depuis plusieurs d\u00e9cennies. C\u2019est pourquoi, avant de commencer \u00e0 fonctionner, une des premi\u00e8res actions a \u00e9t\u00e9 celle d\u2019\u00e9laborer un Plan de Travail Annuel (PTA) courant f\u00e9vrier 2022, dans lequel toutes les activit\u00e9s ont \u00e9t\u00e9 planifi\u00e9es et assorties de leurs budgets d\u2019ex\u00e9cution. Ceci, pour \u00e9viter la mauvaise habitude qui consiste \u00e0 se lever le matin pour demander le financement d\u2019un projet con\u00e7u la veille.\u00a0<\/span><\/p>\n<p><span style=\"font-size: 14pt\">Ainsi, tout projet non planifi\u00e9 dans ce PTA ne peut donc \u00eatre \u00e9ligible dans le budget National de D\u00e9veloppement (BND) du Minist\u00e8re. Ce qui \u00e9tait le cas de ce dossier qui, du reste une proposition d\u2019activit\u00e9s d\u2019une structure priv\u00e9e install\u00e9e en dehors de la Guin\u00e9e.\u00a0<\/span><\/p>\n<p><span style=\"font-size: 14pt\">Il est ainsi ais\u00e9 de comprendre que la non prise en charge des 45 bi<\/span><\/p>\n<p><span style=\"font-size: 14pt\">\u00a0Artistes \u00e0 destination du Canada est loin d\u2019\u00eatre une mauvaise foi du Ministre de la Culture, du Tourisme et de l\u2019Artisanat, contrairement aux all\u00e9gations mensong\u00e8res et gratuites de l\u2019int\u00e9ress\u00e9.<\/span><\/p>\n<p><span style=\"font-size: 14pt\">Par ailleurs, une organisation qui se dit \u00eatre s\u00e9rieuse et qui b\u00e9n\u00e9ficie de subventions de son Etat et des collectivit\u00e9s de son Pays, devrait pouvoir prendre en charge les frais li\u00e9s au d\u00e9placement et au s\u00e9jour des groupes qu\u2019elle invite, \u00e0 d\u00e9faut, elle pourrait leur faire une avance sur leurs cachets en vue de leur permettre de se rendre au lieu d\u2019invitation.\u00a0<\/span><\/p>\n<p><span style=\"font-size: 14pt\">Certes, on dira que l\u2019administration est une continuit\u00e9, mais il serait injustifi\u00e9 de faire porter par l\u2019actuel Ministre en charge de la Culture Monsieur Alpha SOUMAH, le collier de la responsabilit\u00e9 du disfonctionnement administratif dont il a h\u00e9rit\u00e9 et qu\u2019il est entrain de rectifier.<\/span><\/p>\n<p><span style=\"font-size: 14pt\">Au contraire, il est important de rappeler quelques reformes qu\u2019il a initi\u00e9es et achev\u00e9es dont l\u2019impact sur la vie des Artistes et de tous les cr\u00e9ateurs sera tr\u00e8s bient\u00f4t per\u00e7u. Il s\u2019agit entre autres\u00a0de :\u00a0<\/span><\/p>\n<p><span style=\"font-size: 14pt\">La signature du D\u00e9cret D\/2022\/305\/PRG\/CNRD\/SGG du 20 juin 2022, Fixant les Modalit\u00e9s d\u2019application de la Loi L\/N\u00b0\/2019\/028\/AN du 07 juin 2019, Portant Protection de la Propri\u00e9t\u00e9 Litt\u00e9raire et Artistique en R\u00e9publique de Guin\u00e9e\u00a0;<\/span><\/p>\n<p><span style=\"font-size: 14pt\">La signature des Arr\u00eat\u00e9s Conjoints d\u2019application de ce D\u00e9cret notamment\u00a0:<\/span><\/p>\n<p><span style=\"font-size: 14pt\">Arr\u00eat\u00e9 conjoint portant R\u00e9mun\u00e9ration pour copie priv\u00e9e des Vid\u00e9ogrammes, Phonogrammes et des \u0153uvres imprim\u00e9es\u00a0;<\/span><\/p>\n<p><span style=\"font-size: 14pt\">Arr\u00eat\u00e9 conjoint portant tarification des Redevances d\u2019exploitation des \u0153uvres de la propri\u00e9t\u00e9 Litt\u00e9raires et Artistiques en R\u00e9publique de Guin\u00e9e\u00a0;<\/span><\/p>\n<p><span style=\"font-size: 14pt\">Arr\u00eat\u00e9 Portant R\u00e8glement de l\u2019exploitation des \u0153uvres de la propri\u00e9t\u00e9 Litt\u00e9raires et Artistique ;<\/span><\/p>\n<p><span style=\"font-size: 14pt\">Arr\u00eat\u00e9 Portant R\u00e8glement de R\u00e9partition des redevances des droits d\u2019Auteurs et droits voisins\u00a0;<\/span><\/p>\n<p><span style=\"font-size: 14pt\">Arr\u00eat\u00e9 portant Reproduction Pour Reprographie des \u0152uvres Imprim\u00e9es par le Moyen de la Reprographie.<\/span><\/p>\n<p><span style=\"font-size: 14pt\">La r\u00e9vision des statuts des diff\u00e9rents organismes publics Autonomes du secteur culturel notamment\u00a0:\u00a0<\/span><\/p>\n<p><span style=\"font-size: 14pt\">Le Bureau Guin\u00e9en des Droits d\u2019Auteurs\u00a0(BGDA) ;<\/span><\/p>\n<p><span style=\"font-size: 14pt\">Le Fonds de D\u00e9veloppement des Arts et de la Culture\u00a0(FODAC) ;<\/span><\/p>\n<p><span style=\"font-size: 14pt\">L\u2019Office National de la Cin\u00e9matographie, de la Vid\u00e9o et de la Photographie de Guin\u00e9e (ONACIG) etc.<\/span><\/p>\n<p><span style=\"font-size: 14pt\">L\u2019\u00e9laboration d\u2019un programme cadre du D\u00e9veloppement de la Culture en Guin\u00e9e avec l\u2019appui du PNUD\u00a0;<\/span><\/p>\n<p><span style=\"font-size: 14pt\">L\u2019\u00e9laboration de l\u2019avant-projet de Loi Portant statut de l\u2019Artiste et des Professionnels des Arts et de la Culture en R\u00e9publique de Guin\u00e9e. Pour ne citer que ceux-l\u00e0.<\/span><\/p>\n<p><span style=\"font-size: 14pt\">A travers ces Arr\u00eat\u00e9s, l\u2019exploitation des droits d\u2019auteurs et droits voisins des \u0153uvres Litt\u00e9raires et Artistiques officiellement d\u00e9clar\u00e9es au BGDA sera r\u00e9mun\u00e9r\u00e9e par les usagers au profit des auteurs et cr\u00e9ateurs.\u00a0<\/span><\/p>\n<p><span style=\"font-size: 14pt\">A cela s\u2019ajoute le pr\u00e9l\u00e8vement de la copie priv\u00e9e par les Services des Douanes. D\u00e9sormais, tous les importateurs des supports d\u2019enregistrements ou d\u2019appareils servant \u00e0 la reproduction des \u0153uvres litt\u00e9raires et artistiques seront pr\u00e9lev\u00e9s sur la valeur CAF de leurs marchandises \u00e0 hauteur de 10% d\u2019une part et de 5% d\u2019autre part au profit des Auteurs.<\/span><\/p>\n<p><span style=\"font-size: 14pt\">Par ces textes, l\u2019Artiste guin\u00e9en pourra d\u00e9sormais sortir de la mendicit\u00e9 et vivre de sa cr\u00e9ation.\u00a0<\/span><\/p>\n<p><span style=\"font-size: 14pt\">Ainsi, en quelques mois seulement, ces actes juridiques viennent combler le vide en la mati\u00e8re et apporter une solution d\u00e9finitive aux probl\u00e8mes structurels qu\u2019\u00e0 toujours connu le secteur de la culture.<\/span><\/p>\n<p><span style=\"font-size: 14pt\">C\u2019est au regard de toutes actions concr\u00e8tes et de l\u2019ambition que le Ministre Alpha SOUMAH a pour le d\u00e9veloppement du secteur culturel en R\u00e9publique de Guin\u00e9e qui s\u2019est toujours vu au bas de l\u2019\u00e9chelle, que Son Excellence Monsieur le Pr\u00e9sident de la Transition, Chef de l\u2019Etat, Chef Supr\u00eame des Arm\u00e9es, le Colonel Mamadi DOUMBOUYA continue \u00e0 lui faire confiance et le soutenir dans son travail pour le bonheur des Artistes et des Hommes de culture.<\/span><\/p>\n<p><span style=\"font-size: 14pt\">Ce soutien du Chef de l\u2019Etat se traduit par ces quelques actes forts notamment\u00a0:<\/span><\/p>\n<p><span style=\"font-size: 14pt\">La mise \u00e0 disposition r\u00e9cente d\u2019un si\u00e8ge pour le BGDA\u00a0;<\/span><\/p>\n<p><span style=\"font-size: 14pt\">La prise en charge d\u2019Artistes malades\u00a0;<\/span><\/p>\n<p><span style=\"font-size: 14pt\">L\u2019octroi de financement pour l\u2019ach\u00e8vement des travaux du Centre Multiculturel d\u00e9di\u00e9 \u00e0 la Mamaya de Kankan\u00a0;<\/span><\/p>\n<p><span style=\"font-size: 14pt\">L\u2019appui financier \u00e0 la c\u00e9r\u00e9monie d\u2019intronisation du gardien de Sosso Balla \u00e0 Niagassola (Siguiri) etc.<\/span><\/p>\n<p><span style=\"font-size: 14pt\">Au regard de tout ce qui pr\u00e9c\u00e8de, le Minist\u00e8re de la Culture, du Tourisme et de l\u2019Artisanat consid\u00e8re que ces d\u00e9clarations contre la personne de Monsieur Alpha SOUMAH, Ministre de la Culture, du Tourisme et de l\u2019Artisanat constitue des all\u00e9gations qui ne reposent sur aucun fondement s\u00e9rieux et que leur auteur ne se livre qu\u2019\u00e0 de simples calomnies.<\/span><\/p>\n<p><span style=\"font-size: 14pt\"><strong>Cellule de communication <\/strong><\/span><\/p>\n<p>&nbsp;<\/p>\n","protected":false},"excerpt":{"rendered":"<p>Ce droit de r\u00e9ponse du Minist\u00e8re de la Culture, du Tourisme et de l\u2019Artisanat, fait suite \u00e0 la publication d\u2019une vid\u00e9o sur les r\u00e9seaux sociaux par l\u2019animateur culturel Mo\u00efse Premier. Dans cette vid\u00e9o post\u00e9e ce vendredi 26 ao\u00fbt 2022, l\u2019animateur culturel accuse le Ministre Alpha Soumah (Bill de Sam) d\u2019avoir refus\u00e9 le financement du voyage [&hellip;]<\/p>\n","protected":false},"author":2,"featured_media":7105,"comment_status":"closed","ping_status":"closed","sticky":false,"template":"","format":"standard","meta":{"footnotes":""},"categories":[2,25],"tags":[],"class_list":{"0":"post-7752","1":"post","2":"type-post","3":"status-publish","4":"format-standard","5":"has-post-thumbnail","7":"category-featured","8":"category-news"},"_links":{"self":[{"href":"https:\/\/tabouleinfos.com\/index.php\/wp-json\/wp\/v2\/posts\/7752","targetHints":{"allow":["GET"]}}],"collection":[{"href":"https:\/\/tabouleinfos.com\/index.php\/wp-json\/wp\/v2\/posts"}],"about":[{"href":"https:\/\/tabouleinfos.com\/index.php\/wp-json\/wp\/v2\/types\/post"}],"author":[{"embeddable":true,"href":"https:\/\/tabouleinfos.com\/index.php\/wp-json\/wp\/v2\/users\/2"}],"replies":[{"embeddable":true,"href":"https:\/\/tabouleinfos.com\/index.php\/wp-json\/wp\/v2\/comments?post=7752"}],"version-history":[{"count":0,"href":"https:\/\/tabouleinfos.com\/index.php\/wp-json\/wp\/v2\/posts\/7752\/revisions"}],"wp:featuredmedia":[{"embeddable":true,"href":"https:\/\/tabouleinfos.com\/index.php\/wp-json\/wp\/v2\/media\/7105"}],"wp:attachment":[{"href":"https:\/\/tabouleinfos.com\/index.php\/wp-json\/wp\/v2\/media?parent=7752"}],"wp:term":[{"taxonomy":"category","embeddable":true,"href":"https:\/\/tabouleinfos.com\/index.php\/wp-json\/wp\/v2\/categories?post=7752"},{"taxonomy":"post_tag","embeddable":true,"href":"https:\/\/tabouleinfos.com\/index.php\/wp-json\/wp\/v2\/tags?post=7752"}],"curies":[{"name":"wp","href":"https:\/\/api.w.org\/{rel}","templated":true}]}}