{"id":8189,"date":"2022-10-21T17:26:05","date_gmt":"2022-10-21T17:26:05","guid":{"rendered":"https:\/\/tabouleinfos.com\/?p=8189"},"modified":"2022-10-21T17:26:05","modified_gmt":"2022-10-21T17:26:05","slug":"sayon-camara-promet-un-show-epoustouflant-au-chapiteau-by-issa","status":"publish","type":"post","link":"https:\/\/tabouleinfos.com\/index.php\/sayon-camara-promet-un-show-epoustouflant-au-chapiteau-by-issa\/","title":{"rendered":"Sayon Camara promet un show \u00e9poustouflant au chapiteau By Issa"},"content":{"rendered":"<p><span style=\"font-size: 16pt\"><strong>L\u2019artiste, Sayon Camara a annonc\u00e9 le jeudi 20 octobre, au cours d\u2019une conf\u00e9rence \u00e0 Conakry, la sortie officielle de son double\u00a0 album \u2018\u2019Temps tibolo\u00a0\u00bb et \u00a0\u00bbNt\u00e9 Bola\u2019\u2019. Ce disque sera pr\u00e9sent\u00e9 \u00e0 travers un concert d\u00e9dicace, le 22 Octobre prochain au Chapiteau By ISSA du palais du peuple.<\/strong><\/span><\/p>\n<p><a href=\"https:\/\/tabouleinfos.com\/wp-content\/uploads\/2022\/10\/conf-sayon-camara.jpg\"><img loading=\"lazy\" decoding=\"async\" width=\"2047\" height=\"1020\" class=\"alignnone size-full wp-image-8191\" src=\"https:\/\/tabouleinfos.com\/wp-content\/uploads\/2022\/10\/conf-sayon-camara.jpg\" alt=\"\" srcset=\"https:\/\/tabouleinfos.com\/wp-content\/uploads\/2022\/10\/conf-sayon-camara.jpg 2047w, https:\/\/tabouleinfos.com\/wp-content\/uploads\/2022\/10\/conf-sayon-camara-300x149.jpg 300w, https:\/\/tabouleinfos.com\/wp-content\/uploads\/2022\/10\/conf-sayon-camara-1024x510.jpg 1024w, https:\/\/tabouleinfos.com\/wp-content\/uploads\/2022\/10\/conf-sayon-camara-768x383.jpg 768w, https:\/\/tabouleinfos.com\/wp-content\/uploads\/2022\/10\/conf-sayon-camara-1536x765.jpg 1536w, https:\/\/tabouleinfos.com\/wp-content\/uploads\/2022\/10\/conf-sayon-camara-324x160.jpg 324w, https:\/\/tabouleinfos.com\/wp-content\/uploads\/2022\/10\/conf-sayon-camara-696x347.jpg 696w, https:\/\/tabouleinfos.com\/wp-content\/uploads\/2022\/10\/conf-sayon-camara-1068x532.jpg 1068w, https:\/\/tabouleinfos.com\/wp-content\/uploads\/2022\/10\/conf-sayon-camara-843x420.jpg 843w, https:\/\/tabouleinfos.com\/wp-content\/uploads\/2022\/10\/conf-sayon-camara-1920x957.jpg 1920w, https:\/\/tabouleinfos.com\/wp-content\/uploads\/2022\/10\/conf-sayon-camara-360x180.jpg 360w, https:\/\/tabouleinfos.com\/wp-content\/uploads\/2022\/10\/conf-sayon-camara-750x374.jpg 750w, https:\/\/tabouleinfos.com\/wp-content\/uploads\/2022\/10\/conf-sayon-camara-1140x568.jpg 1140w\" sizes=\"auto, (max-width: 2047px) 100vw, 2047px\" \/><\/a><\/p>\n<p><span style=\"font-size: 16pt\">Au cours de cette rencontre avec les journalistes, Sayon Camara \u2018\u2019Taramakhai\u2019\u2019 est revenue sur la port\u00e9e du titre de son double album <strong>\u2019Temps Tibolo\u00a0\u00bb et \u00a0\u00bbNt\u00e9 Bola\u2019\u2019<\/strong>. Compos\u00e9s de 24 titres, ce projet regorge de diff\u00e9rentes sonorit\u00e9s, notamment\u00a0: l&rsquo;afro-manding et autres. Les messages v\u00e9hicul\u00e9s sont\u00a0: les violences faites aux enfants orphelins, de l&rsquo;unit\u00e9 Nationale, l\u2019amour et d\u2019autres faits de soci\u00e9t\u00e9s. Sans oublier l\u2019hommage rendu \u00e0 son \u00e9poux <strong>\u00ab\u00a0Kamissoko\u00a0\u00bb<\/strong>. Une autre forme de peinture musicale d&rsquo;ambiance sur la r\u00e9alit\u00e9 en outre.<\/span><\/p>\n<p><span style=\"font-size: 16pt\">Apr\u00e8s plusieurs ann\u00e9es d&rsquo;absence sur sc\u00e8ne, Sayon Taramakhai compte offrir une tr\u00e8s belle prestation \u00e0 ses fans.<\/span><\/p>\n<p><span style=\"font-size: 16pt\"><em>\u00ab\u00a0Ont n&rsquo;est pr\u00eat. Je vous attends le 22 octobre au Chapiteau. Je vous demande de venir massivement. \u00c7a va faire boom\u00a0\u00bb,<\/em> a-t-elle promis.<\/span><\/p>\n<p><span style=\"font-size: 16pt\">A l\u2019issue de ce concert d\u00e9dicace programm\u00e9, le 22 octobre prochain \u00e0 Conakry, la diva\u00a0 de la musique mandingue envisage des projets en cours.<\/span><\/p>\n<p><span style=\"font-size: 16pt\"><strong>Facely Diawara<\/strong><\/span><\/p>\n","protected":false},"excerpt":{"rendered":"<p>L\u2019artiste, Sayon Camara a annonc\u00e9 le jeudi 20 octobre, au cours d\u2019une conf\u00e9rence \u00e0 Conakry, la sortie officielle de son double\u00a0 album \u2018\u2019Temps tibolo\u00a0\u00bb et \u00a0\u00bbNt\u00e9 Bola\u2019\u2019. Ce disque sera pr\u00e9sent\u00e9 \u00e0 travers un concert d\u00e9dicace, le 22 Octobre prochain au Chapiteau By ISSA du palais du peuple. Au cours de cette rencontre avec les [&hellip;]<\/p>\n","protected":false},"author":2,"featured_media":8190,"comment_status":"closed","ping_status":"closed","sticky":false,"template":"","format":"standard","meta":{"footnotes":""},"categories":[21,2],"tags":[],"class_list":{"0":"post-8189","1":"post","2":"type-post","3":"status-publish","4":"format-standard","5":"has-post-thumbnail","7":"category-events","8":"category-featured"},"_links":{"self":[{"href":"https:\/\/tabouleinfos.com\/index.php\/wp-json\/wp\/v2\/posts\/8189","targetHints":{"allow":["GET"]}}],"collection":[{"href":"https:\/\/tabouleinfos.com\/index.php\/wp-json\/wp\/v2\/posts"}],"about":[{"href":"https:\/\/tabouleinfos.com\/index.php\/wp-json\/wp\/v2\/types\/post"}],"author":[{"embeddable":true,"href":"https:\/\/tabouleinfos.com\/index.php\/wp-json\/wp\/v2\/users\/2"}],"replies":[{"embeddable":true,"href":"https:\/\/tabouleinfos.com\/index.php\/wp-json\/wp\/v2\/comments?post=8189"}],"version-history":[{"count":0,"href":"https:\/\/tabouleinfos.com\/index.php\/wp-json\/wp\/v2\/posts\/8189\/revisions"}],"wp:featuredmedia":[{"embeddable":true,"href":"https:\/\/tabouleinfos.com\/index.php\/wp-json\/wp\/v2\/media\/8190"}],"wp:attachment":[{"href":"https:\/\/tabouleinfos.com\/index.php\/wp-json\/wp\/v2\/media?parent=8189"}],"wp:term":[{"taxonomy":"category","embeddable":true,"href":"https:\/\/tabouleinfos.com\/index.php\/wp-json\/wp\/v2\/categories?post=8189"},{"taxonomy":"post_tag","embeddable":true,"href":"https:\/\/tabouleinfos.com\/index.php\/wp-json\/wp\/v2\/tags?post=8189"}],"curies":[{"name":"wp","href":"https:\/\/api.w.org\/{rel}","templated":true}]}}