{"id":8276,"date":"2022-10-29T08:17:53","date_gmt":"2022-10-29T08:17:53","guid":{"rendered":"https:\/\/tabouleinfos.com\/?p=8276"},"modified":"2022-10-29T08:17:53","modified_gmt":"2022-10-29T08:17:53","slug":"hamed-keita-loperateur-culturel-se-lance-en-politique-et-prend-la-tete-du-parti-udpg","status":"publish","type":"post","link":"https:\/\/tabouleinfos.com\/index.php\/hamed-keita-loperateur-culturel-se-lance-en-politique-et-prend-la-tete-du-parti-udpg\/","title":{"rendered":"Hamed Ke\u00efta : L\u2019op\u00e9rateur culturel se lance en politique et prend la t\u00eate du parti UDPG"},"content":{"rendered":"<p><span style=\"font-size: 16pt\"><strong>L\u2019acteur culturel Hamed Ke\u00efta, est le nouveau pr\u00e9sident du parti Union pour la D\u00e9mocratie et le Progr\u00e8s de la Guin\u00e9e (UDPG). Il a b\u00e9n\u00e9fici\u00e9 de la confiance de ses pairs. Il succ\u00e8de \u00e0 \u00c9tienne Fode Keita \u00e0 la t\u00eate de l\u2019UDPG.<\/strong><\/span><\/p>\n<p><span style=\"font-size: 16pt\">Jusque l\u00e0 homme de culture et le pr\u00e9sident directeur g\u00e9n\u00e9ral (PDG) de la structure \u00e9v\u00e9nementielle Tinkisso Record, Hamed Keita\u00a0a officiellement pris les r\u00eanes du parti UDPG. Il fait ainsi\u00a0 son entr\u00e9e dans l\u2019ar\u00e8ne politique Guin\u00e9enne. D\u00e9sormais, les militants de UDPG ont trouv\u00e9 \u00e0 leurs yeux M. Hamed Ke\u00efta qui aura la charge de diriger les destin\u00e9es\u00a0 du parti de l\u2019UDPG (Union pour la D\u00e9mocratie et le Progr\u00e8s de la Guin\u00e9e).<\/span><\/p>\n<p><span style=\"font-size: 16pt\">Apr\u00e8s plusieurs sorties sur les r\u00e9seaux sociaux aux c\u00f4t\u00e9s des hommes politiques, l\u2019op\u00e9rateur culturel Guin\u00e9en a d\u00e9cid\u00e9 d\u2019informer les internautes sur son projet en cours.\u00a0\u00ab\u00a0De la culture \u00e0 la politique le pas est d\u00e9j\u00e0 franchi, mais je reste fonci\u00e8rement un homme de culture car c\u2019est ce qui me ressemble le mieux!!! Hamed Haffidjou Keita\u00a0pr\u00e9sident UDPG Union pour la D\u00e9mocratie et le Progr\u00e8s de la Guin\u00e9e\u00a0\u00bb, a-t-il pr\u00e9cis\u00e9.<\/span><\/p>\n<p><span style=\"font-size: 16pt\">Pour connaitre les raisons de cette d\u00e9cision, la r\u00e9daction de\u00a0Tabouleinfos.com\u00a0a joint le nouvel homme politique. <em>\u00ab\u00a0A la question de s\u2019avoir qu\u2019est-ce qui m\u2019a motiv\u00e9 de migrer dans la politique \u00e9tant un acteur culturel. Je suis le fruit des ann\u00e9es 90. Nous avons commenc\u00e9 \u00e0 militer au sein du campus universitaire. Nous avons lutt\u00e9 pour l\u2019am\u00e9lioration des conditions de vie des \u00e9tudiants. Nous avons lutt\u00e9 pour la d\u00e9mocratie dans notre pays au moment o\u00f9 on ne parlait pas des droits de l\u2019homme et de cours p\u00e9nal international. Quand j\u2019\u00e9tais \u00e9l\u00e8ve et \u00e9tudiant, j\u2019\u00e9tais devant toutes les manifestations pour les revendications sociales. C\u2019est dans ce contexte que nous avions \u00e9t\u00e9 renvoy\u00e9s de toutes les institutions d\u2019enseignement sup\u00e9rieur du pays. C\u2019est ainsi que j\u2019ai quitt\u00e9 la Guin\u00e9e pour aller en ext\u00e9rieur. En 2009, on a cr\u00e9\u00e9 l\u2019UDPG. Nous les \u00e9tudiants qui avaient \u00e9t\u00e9 renvoy\u00e9s de des universit\u00e9s se sont r\u00e9unis en Europe et on a cr\u00e9\u00e9 ce parti. Je n\u2019ai pas commenc\u00e9 aujourd\u2019hui.\u00bb<\/em>, a rappel\u00e9 le nouveau pr\u00e9sident de l\u2019UDPG Hamed Ke\u00efta.<\/span><\/p>\n<p><span style=\"font-size: 16pt\"><strong>Pourquoi le choix maintenant\u00a0?<\/strong><\/span><\/p>\n<p><span style=\"font-size: 16pt\"><em>\u00ab\u00a0Je pense qu\u2019il est temps pour nous de nous engager dans le processus de d\u00e9mocratisation et de d\u00e9veloppement de notre pays. J\u2019\u00e9tais le vice pr\u00e9sident de l\u2019UDPG. Vue que j\u2019\u00e9tais tr\u00e8s actif, le pr\u00e9sident \u00e0 juger n\u00e9cessaire de me mettre au devant.\u00bb<\/em>, a soulign\u00e9 Hamed Keita.<\/span><\/p>\n<p><span style=\"font-size: 16pt\">Parlant de l\u2019avenir de son \u00e9v\u00e9nement annuel, le Festival des Arts de Guin\u00e9e \u00e0 Dabola, il nous a fait savoir que\u00a0: <em>\u00ab\u00a0Le FESTARGUI, j\u2019en ai beaucoup discut\u00e9 avec mon \u00e9quipe. On n\u2019a pas envie de le laisser mourir, parce que c\u2019est notre b\u00e9b\u00e9. Mais on va garer ce c\u00f4t\u00e9 festival itin\u00e9rant qui est notre id\u00e9e de base. On a d\u00e9j\u00e0 fini les rep\u00e9rages sur un autre site o\u00f9 on va bouger pour voir. On s\u2019est aussi dit qu\u2019il y a beaucoup d\u2019\u00e9v\u00e9nements en d\u00e9cembre. Donc si on ne va pas revoir pour trouver d\u2019autres dates pour ne pas que tous les \u00e9v\u00e9nements soient concentr\u00e9s sur le mois de d\u00e9cembre. On peut bien les dispatcher sur l\u2019ann\u00e9e pour permettre au public Guin\u00e9en et d\u2019ailleurs d\u2019assister aux diff\u00e9rents grands \u00e9v\u00e9nements du pays. On a quatre activit\u00e9s en 2023 dont deux festivals et deux autres activit\u00e9s li\u00e9es \u00e0 des dates de c\u00e9l\u00e9bration internationale.\u00bb<\/em>, a-t-il expliqu\u00e9.<\/span><\/p>\n<p><span style=\"font-size: 16pt\">Selon lui\u00a0: <em>\u00ab\u00a0Je suis dans la politique, je ne pourrai en ressortir, parce qu\u2019il y a des causes \u00e0 d\u00e9fendre. Je serai aupr\u00e8s des politiques comme le d\u00e9fenseur de la culture. C\u2019est l\u2019une de mes motivations d\u2019ailleurs\u2026 Rien qu\u2019avec la culture, \u00e7a peut nous rapporter beaucoup de devises. Parce que nous avons des jeunes talents\u2026Si ma voix arrive \u00e0 porter haut un jour, je porterai la voix de la culture avec fiert\u00e9, bravoure et d\u00e9termination. Je suis s\u00fbr qu\u2019au m\u00eame pied d\u2019\u00e9galit\u00e9 que les minerais de la Guin\u00e9e, la culture aussi peut nous apporter une grande plu valu. C\u2019est incontestable. Sur le plan culturel, on n\u2019a rien \u00e0 envier \u00e0 qui que ce soit dans le monde entier\u2026 Il ya beaucoup de potentialit\u00e9 qu\u2019on n\u2019a pas encore exploit\u00e9.\u00bb<\/em>, a rassur\u00e9 le boss de Tinkisso Record.<\/span><\/p>\n<p><span style=\"font-size: 16pt\">Pour terminer, il nous a confi\u00e9 que\u00a0son manteau d\u2019homme politique ne pourrait impacter celui de la culture. Car\u00a0: <em>\u00ab\u00a0Le pr\u00e9sident Ahmed Sekou Tour\u00e9 \u00e9tait un homme de culture. Il a aid\u00e9 la culture, en retour, la culture lui a aid\u00e9\u2026 Un homme de culture peut \u00eatre un bon homme politique \u00e0 condition qu\u2019il ait la conviction. Parce que la politique c\u2019est d\u2019abord une question de conviction.\u00bb<\/em><\/span><\/p>\n<p><span style=\"font-size: 16pt\"><strong>Aboubacar Fod\u00e9 BANGOURA<\/strong><\/span><\/p>\n","protected":false},"excerpt":{"rendered":"<p>L\u2019acteur culturel Hamed Ke\u00efta, est le nouveau pr\u00e9sident du parti Union pour la D\u00e9mocratie et le Progr\u00e8s de la Guin\u00e9e (UDPG). Il a b\u00e9n\u00e9fici\u00e9 de la confiance de ses pairs. Il succ\u00e8de \u00e0 \u00c9tienne Fode Keita \u00e0 la t\u00eate de l\u2019UDPG. Jusque l\u00e0 homme de culture et le pr\u00e9sident directeur g\u00e9n\u00e9ral (PDG) de la structure [&hellip;]<\/p>\n","protected":false},"author":2,"featured_media":8279,"comment_status":"closed","ping_status":"closed","sticky":false,"template":"","format":"standard","meta":{"footnotes":""},"categories":[2,15],"tags":[],"class_list":{"0":"post-8276","1":"post","2":"type-post","3":"status-publish","4":"format-standard","5":"has-post-thumbnail","7":"category-featured","8":"category-interview"},"_links":{"self":[{"href":"https:\/\/tabouleinfos.com\/index.php\/wp-json\/wp\/v2\/posts\/8276","targetHints":{"allow":["GET"]}}],"collection":[{"href":"https:\/\/tabouleinfos.com\/index.php\/wp-json\/wp\/v2\/posts"}],"about":[{"href":"https:\/\/tabouleinfos.com\/index.php\/wp-json\/wp\/v2\/types\/post"}],"author":[{"embeddable":true,"href":"https:\/\/tabouleinfos.com\/index.php\/wp-json\/wp\/v2\/users\/2"}],"replies":[{"embeddable":true,"href":"https:\/\/tabouleinfos.com\/index.php\/wp-json\/wp\/v2\/comments?post=8276"}],"version-history":[{"count":0,"href":"https:\/\/tabouleinfos.com\/index.php\/wp-json\/wp\/v2\/posts\/8276\/revisions"}],"wp:featuredmedia":[{"embeddable":true,"href":"https:\/\/tabouleinfos.com\/index.php\/wp-json\/wp\/v2\/media\/8279"}],"wp:attachment":[{"href":"https:\/\/tabouleinfos.com\/index.php\/wp-json\/wp\/v2\/media?parent=8276"}],"wp:term":[{"taxonomy":"category","embeddable":true,"href":"https:\/\/tabouleinfos.com\/index.php\/wp-json\/wp\/v2\/categories?post=8276"},{"taxonomy":"post_tag","embeddable":true,"href":"https:\/\/tabouleinfos.com\/index.php\/wp-json\/wp\/v2\/tags?post=8276"}],"curies":[{"name":"wp","href":"https:\/\/api.w.org\/{rel}","templated":true}]}}