{"id":8366,"date":"2022-11-16T01:30:05","date_gmt":"2022-11-16T01:30:05","guid":{"rendered":"https:\/\/tabouleinfos.com\/?p=8366"},"modified":"2022-11-16T01:30:05","modified_gmt":"2022-11-16T01:30:05","slug":"quinzaine-des-arts-et-de-la-culture-la-19e-edition-se-tiendra-en-decembre","status":"publish","type":"post","link":"https:\/\/tabouleinfos.com\/index.php\/quinzaine-des-arts-et-de-la-culture-la-19e-edition-se-tiendra-en-decembre\/","title":{"rendered":"Quinzaine des Arts et de la Culture\u00a0: La 19e \u00e9dition se tiendra en d\u00e9cembre"},"content":{"rendered":"<p><span style=\"font-size: 16pt\"><strong>Interrompue depuis 2018, la Quinzaine des Arts et de la Culture fera son grand retour cette ann\u00e9e en Guin\u00e9e. La 19<sup>\u00e8me<\/sup> \u00e9dition qui a pour th\u00e8me \u2018\u2019L\u2019Art et la Culture au service de la paix et de la coh\u00e9sion sociale\u2019\u2019, aura lieu du 8 au 23 d\u00e9cembre 2022.<\/strong><\/span><\/p>\n<p><span style=\"font-size: 16pt\">Pour annoncer les couleurs de cet \u00e9v\u00e9nement, le ministre de la Culture, du Tourisme et de l\u2019Artisanat a tenu une conf\u00e9rence de presse dans les locaux de son d\u00e9partement \u00e0 Conakry, ce mardi 15 novembre 2022.<\/span><\/p>\n<p><a href=\"https:\/\/tabouleinfos.com\/wp-content\/uploads\/2022\/11\/IMG-20221115-WA0095.jpg\"><img loading=\"lazy\" decoding=\"async\" width=\"1003\" height=\"579\" class=\"alignnone size-full wp-image-8368\" src=\"https:\/\/tabouleinfos.com\/wp-content\/uploads\/2022\/11\/IMG-20221115-WA0095.jpg\" alt=\"\" srcset=\"https:\/\/tabouleinfos.com\/wp-content\/uploads\/2022\/11\/IMG-20221115-WA0095.jpg 1003w, https:\/\/tabouleinfos.com\/wp-content\/uploads\/2022\/11\/IMG-20221115-WA0095-300x173.jpg 300w, https:\/\/tabouleinfos.com\/wp-content\/uploads\/2022\/11\/IMG-20221115-WA0095-768x443.jpg 768w, https:\/\/tabouleinfos.com\/wp-content\/uploads\/2022\/11\/IMG-20221115-WA0095-696x402.jpg 696w, https:\/\/tabouleinfos.com\/wp-content\/uploads\/2022\/11\/IMG-20221115-WA0095-728x420.jpg 728w, https:\/\/tabouleinfos.com\/wp-content\/uploads\/2022\/11\/IMG-20221115-WA0095-750x433.jpg 750w\" sizes=\"auto, (max-width: 1003px) 100vw, 1003px\" \/><\/a><\/p>\n<p><span style=\"font-size: 16pt\">Selon le ministre Alpha Soumah (Bill de Sam): <em>\u00ab\u00a0La quinzaine des Arts et de la Culture date de 1963 quand les p\u00e8res fondateurs ont trouv\u00e9 que la culture est un vecteur de coh\u00e9sion sociale, de paix et surtout \u00e7a pouvait cr\u00e9er de l&rsquo;interaction intercommunautaire pour sortir quelque chose de positif. C&rsquo;est pour cela que \u00e7a toujours \u00e9t\u00e9 organis\u00e9e dans ce sens. Avec le temps, la culture est devenue un facteur de cr\u00e9ation d&#8217;emploi et de richesse au-del\u00e0 de la coh\u00e9sion sociale, de l&rsquo;entente&#8230;\u00bb<\/em>, a-t-il rappel\u00e9.<\/span><\/p>\n<p><span style=\"font-size: 16pt\">Concernant le th\u00e8me choisi pour cette 19<sup>\u00e8me<\/sup> \u00e9dition, il a fait savoir que\u00a0: <em>\u00ab\u00a0Nous sommes dans une p\u00e9riode tr\u00e8s sensible. Nous sommes en transition. L&rsquo;acte que nous devons poser doit concourir \u00e0 r\u00e9unir les filles et les fils de ce pays.\u00bb<\/em>, dit-il.<\/span><\/p>\n<p><span style=\"font-size: 16pt\">A souligner que, la Quinzaine des Arts et de la Culture de cette ann\u00e9e se tiendra dans les\u00a0333 sous-pr\u00e9fectures, les 33 pr\u00e9fectures, les 6 communes de Conakry et dans les 136 quartiers. Cet \u00e9v\u00e9nement connaitra \u00e9galement 2300 spectacles de danses traditionnelles sur 339 sc\u00e8nes pour environ 16.000 artistes qui seront mis en comp\u00e9tition dans plusieurs disciplines.<\/span><\/p>\n<p><strong><span style=\"font-size: 16pt\">Mohamed Lamine N\u2019diaye<\/span> <\/strong><\/p>\n","protected":false},"excerpt":{"rendered":"<p>Interrompue depuis 2018, la Quinzaine des Arts et de la Culture fera son grand retour cette ann\u00e9e en Guin\u00e9e. La 19\u00e8me \u00e9dition qui a pour th\u00e8me \u2018\u2019L\u2019Art et la Culture au service de la paix et de la coh\u00e9sion sociale\u2019\u2019, aura lieu du 8 au 23 d\u00e9cembre 2022. Pour annoncer les couleurs de cet \u00e9v\u00e9nement, [&hellip;]<\/p>\n","protected":false},"author":2,"featured_media":8367,"comment_status":"closed","ping_status":"closed","sticky":false,"template":"","format":"standard","meta":{"footnotes":""},"categories":[21,2],"tags":[],"class_list":{"0":"post-8366","1":"post","2":"type-post","3":"status-publish","4":"format-standard","5":"has-post-thumbnail","7":"category-events","8":"category-featured"},"_links":{"self":[{"href":"https:\/\/tabouleinfos.com\/index.php\/wp-json\/wp\/v2\/posts\/8366","targetHints":{"allow":["GET"]}}],"collection":[{"href":"https:\/\/tabouleinfos.com\/index.php\/wp-json\/wp\/v2\/posts"}],"about":[{"href":"https:\/\/tabouleinfos.com\/index.php\/wp-json\/wp\/v2\/types\/post"}],"author":[{"embeddable":true,"href":"https:\/\/tabouleinfos.com\/index.php\/wp-json\/wp\/v2\/users\/2"}],"replies":[{"embeddable":true,"href":"https:\/\/tabouleinfos.com\/index.php\/wp-json\/wp\/v2\/comments?post=8366"}],"version-history":[{"count":0,"href":"https:\/\/tabouleinfos.com\/index.php\/wp-json\/wp\/v2\/posts\/8366\/revisions"}],"wp:featuredmedia":[{"embeddable":true,"href":"https:\/\/tabouleinfos.com\/index.php\/wp-json\/wp\/v2\/media\/8367"}],"wp:attachment":[{"href":"https:\/\/tabouleinfos.com\/index.php\/wp-json\/wp\/v2\/media?parent=8366"}],"wp:term":[{"taxonomy":"category","embeddable":true,"href":"https:\/\/tabouleinfos.com\/index.php\/wp-json\/wp\/v2\/categories?post=8366"},{"taxonomy":"post_tag","embeddable":true,"href":"https:\/\/tabouleinfos.com\/index.php\/wp-json\/wp\/v2\/tags?post=8366"}],"curies":[{"name":"wp","href":"https:\/\/api.w.org\/{rel}","templated":true}]}}