{"id":8917,"date":"2023-01-26T02:00:02","date_gmt":"2023-01-26T02:00:02","guid":{"rendered":"https:\/\/tabouleinfos.com\/?p=8917"},"modified":"2023-01-26T08:02:37","modified_gmt":"2023-01-26T08:02:37","slug":"festival-des-arts-de-la-foret-tout-est-pret-pour-la-reussite-de-la-3e-edition","status":"publish","type":"post","link":"https:\/\/tabouleinfos.com\/index.php\/festival-des-arts-de-la-foret-tout-est-pret-pour-la-reussite-de-la-3e-edition\/","title":{"rendered":"Festival des Arts de la For\u00eat\u00a0: Tout est pr\u00eat pour la r\u00e9ussite de la 3e \u00e9dition"},"content":{"rendered":"<p><span style=\"font-size: 16pt\"><strong>La troisi\u00e8me \u00e9dition du Festival des Arts de la For\u00eat (FAF) se tiendra dans la pr\u00e9fecture de N\u2019z\u00e9r\u00e9kor\u00e9 du 2 au 5 f\u00e9vrier 2023. A deux semaines de sa tenue, la structure organisatrice CERC a proc\u00e9d\u00e9 au lancement des activit\u00e9s pr\u00e9vues pour cette ann\u00e9e.<\/strong><\/span><\/p>\n<p><a href=\"https:\/\/tabouleinfos.com\/wp-content\/uploads\/2023\/01\/326277399_953122699429862_6032870797631314086_n.jpg\"><img loading=\"lazy\" decoding=\"async\" width=\"960\" height=\"587\" class=\"alignnone size-full wp-image-8922\" src=\"https:\/\/tabouleinfos.com\/wp-content\/uploads\/2023\/01\/326277399_953122699429862_6032870797631314086_n.jpg\" alt=\"\" srcset=\"https:\/\/tabouleinfos.com\/wp-content\/uploads\/2023\/01\/326277399_953122699429862_6032870797631314086_n.jpg 960w, https:\/\/tabouleinfos.com\/wp-content\/uploads\/2023\/01\/326277399_953122699429862_6032870797631314086_n-300x183.jpg 300w, https:\/\/tabouleinfos.com\/wp-content\/uploads\/2023\/01\/326277399_953122699429862_6032870797631314086_n-768x470.jpg 768w, https:\/\/tabouleinfos.com\/wp-content\/uploads\/2023\/01\/326277399_953122699429862_6032870797631314086_n-696x426.jpg 696w, https:\/\/tabouleinfos.com\/wp-content\/uploads\/2023\/01\/326277399_953122699429862_6032870797631314086_n-687x420.jpg 687w, https:\/\/tabouleinfos.com\/wp-content\/uploads\/2023\/01\/326277399_953122699429862_6032870797631314086_n-750x459.jpg 750w\" sizes=\"auto, (max-width: 960px) 100vw, 960px\" \/><\/a><\/p>\n<p><span style=\"font-size: 16pt\">Ax\u00e9e sous le th\u00e8me\u00a0<strong>\u2018\u2019Entreprenariat vecteur d\u2019autonomie pour la jeunesse\u2019\u2019<\/strong>, les couleurs de cette troisi\u00e8me \u00e9dition ont \u00e9t\u00e9 lanc\u00e9es lors d\u2019une conf\u00e9rence de presse \u00e0 Conakry dans l\u2019apr\u00e8s-midi du mercredi 25 janvier 2023. Du 2 au 5 f\u00e9vrier prochain, les festivaliers b\u00e9n\u00e9ficieront des ateliers de formations, des panels, des conf\u00e9rences, des concerts, des dons aux communaut\u00e9s et des visites touristiques.<\/span><\/p>\n<p><span style=\"font-size: 16pt\">Parlant des spectacles, trois plateaux seront r\u00e9serv\u00e9s pour les prestations artistiques, \u00e0 savoir : le Podium folklorique o\u00f9 se produiront les artistes de la musique tradi-foresti\u00e8re ; le Podium moderne, d\u00e9di\u00e9 aux artistes de la musique urbaine et le Podium international, r\u00e9serv\u00e9 pour les t\u00eates d\u2019affiche.\u00a0<\/span><\/p>\n<p><a href=\"https:\/\/tabouleinfos.com\/wp-content\/uploads\/2023\/01\/alseny-prince-sylla.jpg\"><img loading=\"lazy\" decoding=\"async\" width=\"959\" height=\"465\" class=\"alignnone size-full wp-image-8919\" src=\"https:\/\/tabouleinfos.com\/wp-content\/uploads\/2023\/01\/alseny-prince-sylla.jpg\" alt=\"\" srcset=\"https:\/\/tabouleinfos.com\/wp-content\/uploads\/2023\/01\/alseny-prince-sylla.jpg 959w, https:\/\/tabouleinfos.com\/wp-content\/uploads\/2023\/01\/alseny-prince-sylla-300x145.jpg 300w, https:\/\/tabouleinfos.com\/wp-content\/uploads\/2023\/01\/alseny-prince-sylla-768x372.jpg 768w, https:\/\/tabouleinfos.com\/wp-content\/uploads\/2023\/01\/alseny-prince-sylla-696x337.jpg 696w, https:\/\/tabouleinfos.com\/wp-content\/uploads\/2023\/01\/alseny-prince-sylla-866x420.jpg 866w, https:\/\/tabouleinfos.com\/wp-content\/uploads\/2023\/01\/alseny-prince-sylla-750x364.jpg 750w\" sizes=\"auto, (max-width: 959px) 100vw, 959px\" \/><\/a><\/p>\n<p><span style=\"font-size: 16pt\">Concernant la tenue de cet \u00e9v\u00e9nement \u00e0 N\u2019z\u00e9r\u00e9kor\u00e9, dira le directeur g\u00e9n\u00e9ral du FAF : <em>\u00ab Pendant un moment, beaucoup d\u2019\u00e9v\u00e9nements \u00e9taient concentr\u00e9s \u00e0 Conakry comme si la Guin\u00e9e se limitait \u00e0 Conakry. Nous les jeunes promoteurs et ressortissants des villes de l\u2019int\u00e9rieur, nous avons commenc\u00e9 \u00e0 initier des \u00e9v\u00e9nements hors de la capitale. Une fa\u00e7on pour nous d\u2019apporter notre contribution \u00e0 ces villes. Cela est n\u00e9 de beaucoup de mouvements\u2026 Alice est un ressortissant de cette r\u00e9gion, il a voulu apporter sa contribution en mettant en place ce Festival des Arts de la For\u00eat.\u00bb<\/em>, a rappel\u00e9 Alseny Prince Sylla.<\/span><\/p>\n<p><a href=\"https:\/\/tabouleinfos.com\/wp-content\/uploads\/2023\/01\/alice-dore.jpg\"><img loading=\"lazy\" decoding=\"async\" width=\"960\" height=\"495\" class=\"alignnone size-full wp-image-8920\" src=\"https:\/\/tabouleinfos.com\/wp-content\/uploads\/2023\/01\/alice-dore.jpg\" alt=\"\" srcset=\"https:\/\/tabouleinfos.com\/wp-content\/uploads\/2023\/01\/alice-dore.jpg 960w, https:\/\/tabouleinfos.com\/wp-content\/uploads\/2023\/01\/alice-dore-300x155.jpg 300w, https:\/\/tabouleinfos.com\/wp-content\/uploads\/2023\/01\/alice-dore-768x396.jpg 768w, https:\/\/tabouleinfos.com\/wp-content\/uploads\/2023\/01\/alice-dore-696x359.jpg 696w, https:\/\/tabouleinfos.com\/wp-content\/uploads\/2023\/01\/alice-dore-815x420.jpg 815w, https:\/\/tabouleinfos.com\/wp-content\/uploads\/2023\/01\/alice-dore-750x387.jpg 750w\" sizes=\"auto, (max-width: 960px) 100vw, 960px\" \/><\/a><\/p>\n<p><span style=\"font-size: 16pt\">En dehors du c\u00f4t\u00e9 artistique et culturel de cet \u00e9v\u00e9nement n\u00e9 depuis huit (8) ans, le commissaire g\u00e9n\u00e9ral du FAF souligne son aspect social. C\u2019est la raison pour laquelle\u00a0: <em>\u00ab Cette ann\u00e9e, par le concours de nos trois sponsors, nous allons offrir une \u00e9cole de trois (3) salles de classe\u2026 Et \u00e9galement hors de ce volet social qui est d\u2019offrir ces salles de classe, nous avons aussi pens\u00e9 \u00e0 nos s\u0153urs et femmes par rapport au souci de points d\u2019eau. Nous sommes en train de faire en sorte que deux autres villages de cette zone puissent avoir aussi deux forages.\u00bb<\/em>, a d\u00e9clar\u00e9 Alice Dor\u00e9.\u00a0<\/span><\/p>\n<p><a href=\"https:\/\/tabouleinfos.com\/wp-content\/uploads\/2023\/01\/324594286_1219796788966894_5099573758976837947_n.jpg\"><img loading=\"lazy\" decoding=\"async\" width=\"1024\" height=\"512\" class=\"alignnone size-large wp-image-8921\" src=\"https:\/\/tabouleinfos.com\/wp-content\/uploads\/2023\/01\/324594286_1219796788966894_5099573758976837947_n-1024x512.jpg\" alt=\"\" srcset=\"https:\/\/tabouleinfos.com\/wp-content\/uploads\/2023\/01\/324594286_1219796788966894_5099573758976837947_n-1024x512.jpg 1024w, https:\/\/tabouleinfos.com\/wp-content\/uploads\/2023\/01\/324594286_1219796788966894_5099573758976837947_n-300x150.jpg 300w, https:\/\/tabouleinfos.com\/wp-content\/uploads\/2023\/01\/324594286_1219796788966894_5099573758976837947_n-768x384.jpg 768w, https:\/\/tabouleinfos.com\/wp-content\/uploads\/2023\/01\/324594286_1219796788966894_5099573758976837947_n-1536x768.jpg 1536w, https:\/\/tabouleinfos.com\/wp-content\/uploads\/2023\/01\/324594286_1219796788966894_5099573758976837947_n-696x348.jpg 696w, https:\/\/tabouleinfos.com\/wp-content\/uploads\/2023\/01\/324594286_1219796788966894_5099573758976837947_n-1068x534.jpg 1068w, https:\/\/tabouleinfos.com\/wp-content\/uploads\/2023\/01\/324594286_1219796788966894_5099573758976837947_n-840x420.jpg 840w, https:\/\/tabouleinfos.com\/wp-content\/uploads\/2023\/01\/324594286_1219796788966894_5099573758976837947_n-1920x960.jpg 1920w, https:\/\/tabouleinfos.com\/wp-content\/uploads\/2023\/01\/324594286_1219796788966894_5099573758976837947_n-360x180.jpg 360w, https:\/\/tabouleinfos.com\/wp-content\/uploads\/2023\/01\/324594286_1219796788966894_5099573758976837947_n-750x375.jpg 750w, https:\/\/tabouleinfos.com\/wp-content\/uploads\/2023\/01\/324594286_1219796788966894_5099573758976837947_n-1140x570.jpg 1140w, https:\/\/tabouleinfos.com\/wp-content\/uploads\/2023\/01\/324594286_1219796788966894_5099573758976837947_n.jpg 2048w\" sizes=\"auto, (max-width: 1024px) 100vw, 1024px\" \/><\/a><\/p>\n<p><span style=\"font-size: 16pt\">A souligner que, cette troisi\u00e8me \u00e9dition connaitra la participation des artistes guin\u00e9ens et d\u2019ailleurs. <strong>Roseline Layo, Tout Petit, Konia Moussa, King Alasko, Samalolo, JB Le Molar,\u00a0\u00a0Zougoueta, Chris Le Choco, Junior Barry&#8230; Sans oublier les humoristes Thierno Mamou et Righel.<\/strong><\/span><\/p>\n<p><span style=\"font-size: 16pt\"><strong>Aboubacar Fod\u00e9 Bangoura<\/strong><\/span><\/p>\n","protected":false},"excerpt":{"rendered":"<p>La troisi\u00e8me \u00e9dition du Festival des Arts de la For\u00eat (FAF) se tiendra dans la pr\u00e9fecture de N\u2019z\u00e9r\u00e9kor\u00e9 du 2 au 5 f\u00e9vrier 2023. A deux semaines de sa tenue, la structure organisatrice CERC a proc\u00e9d\u00e9 au lancement des activit\u00e9s pr\u00e9vues pour cette ann\u00e9e. Ax\u00e9e sous le th\u00e8me\u00a0\u2018\u2019Entreprenariat vecteur d\u2019autonomie pour la jeunesse\u2019\u2019, les couleurs [&hellip;]<\/p>\n","protected":false},"author":5,"featured_media":8918,"comment_status":"closed","ping_status":"closed","sticky":false,"template":"","format":"standard","meta":{"footnotes":""},"categories":[21,2],"tags":[],"class_list":{"0":"post-8917","1":"post","2":"type-post","3":"status-publish","4":"format-standard","5":"has-post-thumbnail","7":"category-events","8":"category-featured"},"_links":{"self":[{"href":"https:\/\/tabouleinfos.com\/index.php\/wp-json\/wp\/v2\/posts\/8917","targetHints":{"allow":["GET"]}}],"collection":[{"href":"https:\/\/tabouleinfos.com\/index.php\/wp-json\/wp\/v2\/posts"}],"about":[{"href":"https:\/\/tabouleinfos.com\/index.php\/wp-json\/wp\/v2\/types\/post"}],"author":[{"embeddable":true,"href":"https:\/\/tabouleinfos.com\/index.php\/wp-json\/wp\/v2\/users\/5"}],"replies":[{"embeddable":true,"href":"https:\/\/tabouleinfos.com\/index.php\/wp-json\/wp\/v2\/comments?post=8917"}],"version-history":[{"count":0,"href":"https:\/\/tabouleinfos.com\/index.php\/wp-json\/wp\/v2\/posts\/8917\/revisions"}],"wp:featuredmedia":[{"embeddable":true,"href":"https:\/\/tabouleinfos.com\/index.php\/wp-json\/wp\/v2\/media\/8918"}],"wp:attachment":[{"href":"https:\/\/tabouleinfos.com\/index.php\/wp-json\/wp\/v2\/media?parent=8917"}],"wp:term":[{"taxonomy":"category","embeddable":true,"href":"https:\/\/tabouleinfos.com\/index.php\/wp-json\/wp\/v2\/categories?post=8917"},{"taxonomy":"post_tag","embeddable":true,"href":"https:\/\/tabouleinfos.com\/index.php\/wp-json\/wp\/v2\/tags?post=8917"}],"curies":[{"name":"wp","href":"https:\/\/api.w.org\/{rel}","templated":true}]}}