{"id":9086,"date":"2023-02-21T16:34:51","date_gmt":"2023-02-21T16:34:51","guid":{"rendered":"https:\/\/tabouleinfos.com\/?p=9086"},"modified":"2023-02-21T17:05:19","modified_gmt":"2023-02-21T17:05:19","slug":"la-2e-edition-de-la-semaine-des-afro-preneurs-est-lancee","status":"publish","type":"post","link":"https:\/\/tabouleinfos.com\/index.php\/la-2e-edition-de-la-semaine-des-afro-preneurs-est-lancee\/","title":{"rendered":"La 2e \u00e9dition de la Semaine des Afro-preneurs\u00a0est lanc\u00e9e"},"content":{"rendered":"<p><span style=\"font-size: 16pt\"><strong>Depuis 48 heures, se tienne la deuxi\u00e8me \u00e9dition de la Semaine des Afro-preneurs \u00e0 la Villa des Arts de Conakry. Cet \u00e9v\u00e9nement d\u00e9but\u00e9 le lundi 20 f\u00e9vrier, prendra fin le dimanche 26 f\u00e9vrier 2023.<\/strong><\/span><\/p>\n<p><span style=\"font-size: 16pt\">Ce rendez-vous des affaires et de la promotion du contenu local, est initi\u00e9 par la plateforme <strong>\u2018\u2019Le Noir c\u2019est Mieux\u2019\u2019<\/strong>. Avec cet \u00e9v\u00e9nement, cette plateforme s\u2019est donn\u00e9e pour objectif, la valorisation des les traditions et civilisations africaines, l\u2019art et l\u2019artisanat made in Africa, la mode ou le textile guin\u00e9en \u00e0 travers l\u2019entreprenariat jeune, booster les entrepreneurs via le \u2018<strong>\u2019R\u00e9seautage annuaire Magazine LNCM\u2019\u2019<\/strong>.<\/span><\/p>\n<p><a href=\"https:\/\/tabouleinfos.com\/wp-content\/uploads\/2023\/02\/al-soum-scaled.jpg\"><img loading=\"lazy\" decoding=\"async\" width=\"1024\" height=\"582\" class=\"alignnone size-large wp-image-9089\" src=\"https:\/\/tabouleinfos.com\/wp-content\/uploads\/2023\/02\/al-soum-1024x582.jpg\" alt=\"\" srcset=\"https:\/\/tabouleinfos.com\/wp-content\/uploads\/2023\/02\/al-soum-1024x582.jpg 1024w, https:\/\/tabouleinfos.com\/wp-content\/uploads\/2023\/02\/al-soum-300x171.jpg 300w, https:\/\/tabouleinfos.com\/wp-content\/uploads\/2023\/02\/al-soum-768x437.jpg 768w, https:\/\/tabouleinfos.com\/wp-content\/uploads\/2023\/02\/al-soum-1536x874.jpg 1536w, https:\/\/tabouleinfos.com\/wp-content\/uploads\/2023\/02\/al-soum-2048x1165.jpg 2048w, https:\/\/tabouleinfos.com\/wp-content\/uploads\/2023\/02\/al-soum-696x396.jpg 696w, https:\/\/tabouleinfos.com\/wp-content\/uploads\/2023\/02\/al-soum-1068x607.jpg 1068w, https:\/\/tabouleinfos.com\/wp-content\/uploads\/2023\/02\/al-soum-739x420.jpg 739w, https:\/\/tabouleinfos.com\/wp-content\/uploads\/2023\/02\/al-soum-1920x1092.jpg 1920w, https:\/\/tabouleinfos.com\/wp-content\/uploads\/2023\/02\/al-soum-750x427.jpg 750w, https:\/\/tabouleinfos.com\/wp-content\/uploads\/2023\/02\/al-soum-1140x648.jpg 1140w\" sizes=\"auto, (max-width: 1024px) 100vw, 1024px\" \/><\/a><\/p>\n<p><span style=\"font-size: 16pt\"><em>\u00ab\u00a0Nous travaillons avec une association qui est bas\u00e9e en France qui s\u2019appelle \u201cJe consomme africain\u201d qui a mis une \u00e9quipe en place qui vise \u00e0 faire des expositions dans les pays afin de promouvoir les contenus locaux. C\u2019est la raison pour laquelle nous nous sommes mis \u00e0 la t\u00e2che pour organiser chaque ann\u00e9e un \u00e9v\u00e9nement d\u2019exposition\u00a0\u00bb<\/em>, a soulign\u00e9 Aly Alpha Soumah, PDG de \u2018\u2019Le Noir c\u2019est Mieux\u2019\u2019.<\/span><\/p>\n<p><span style=\"font-size: 16pt\">Au compte de cette ann\u00e9e, plusieurs activit\u00e9s sont programm\u00e9es, notamment\u00a0: les expositions-ventes, le d\u00e9fil\u00e9 de mode, le panel\u2026<\/span><\/p>\n<p><span style=\"font-size: 16pt\"><em>\u00ab\u00a0Il y a quatre jours d\u2019exposition et deux jours de formation qui doivent se tenir dans deux \u00e9coles : le Lyc\u00e9e Saint Marie, et le coll\u00e8ge Donka avec des th\u00e8mes comme la fabrication des objets d\u2019arts, des tableaux, des boucles d\u2019oreilles traditionnelles.\u00a0La particularit\u00e9 est que nous ne faisons pas seulement l\u2019exposition, nous faisons des activit\u00e9s ludiques. On touche les \u00e9l\u00e8ves, on fait des formations, par exemple on envoie des peintres, des artisans, pour leur montrer comment faire des tableaux, comment jouer \u00e0 la Kora, comment faire de la danse. On veut que cela soit instaurer dans le syst\u00e8me \u00e9ducatif guin\u00e9en.\u00bb<\/em>, a-t-il expliqu\u00e9.<\/span><\/p>\n<p><span style=\"font-size: 16pt\">Au cours de cette c\u00e9r\u00e9monie de lancement, Aly Alpha Soumah a profit\u00e9 de l\u2019occasion en lan\u00e7ant un appel \u00e0 l\u2019endroit des autorit\u00e9s.<\/span><\/p>\n<p><span style=\"font-size: 16pt\"><em>\u00ab\u00a0J\u2019aimerai que l\u2019Etat vienne en aide de tous ceux qui sont dans la valorisation des contenus locaux \u00e0 l\u2019international, parce que si vous entendez que le pays doit avancer, il faut qu\u2019il exporte et si on ne consomme pas nos produits, ce n\u2019est pas les \u00e9trangers ne viendront les consommer.\u00bb<\/em>, a-t-il sollicit\u00e9.<\/span><\/p>\n<p><a href=\"https:\/\/tabouleinfos.com\/wp-content\/uploads\/2023\/02\/332334330_563375619064921_5067889581485533994_n.jpg\"><img loading=\"lazy\" decoding=\"async\" width=\"719\" height=\"481\" class=\"alignnone size-full wp-image-9090\" src=\"https:\/\/tabouleinfos.com\/wp-content\/uploads\/2023\/02\/332334330_563375619064921_5067889581485533994_n.jpg\" alt=\"\" srcset=\"https:\/\/tabouleinfos.com\/wp-content\/uploads\/2023\/02\/332334330_563375619064921_5067889581485533994_n.jpg 719w, https:\/\/tabouleinfos.com\/wp-content\/uploads\/2023\/02\/332334330_563375619064921_5067889581485533994_n-300x201.jpg 300w, https:\/\/tabouleinfos.com\/wp-content\/uploads\/2023\/02\/332334330_563375619064921_5067889581485533994_n-696x466.jpg 696w, https:\/\/tabouleinfos.com\/wp-content\/uploads\/2023\/02\/332334330_563375619064921_5067889581485533994_n-628x420.jpg 628w\" sizes=\"auto, (max-width: 719px) 100vw, 719px\" \/><\/a><\/p>\n<p><span style=\"font-size: 16pt\">Pr\u00e9sent \u00e0 ce rendez-vous, Salim Poredaka Diallo, exposant ne cache pas sa reconnaissance envers les organisateurs. \u00ab\u00a0Nous remercions la structure organisatrice de cet \u00e9v\u00e9nement et on l\u2019encourage. C\u2019est une bonne initiative. Sans ce genre d\u2019\u00e9v\u00e9nement, beaucoup de personnes auront du mal \u00e0 se retrouver. Je suis tr\u00e8s satisfait de ce d\u00e9but.\u00bb,<\/span><\/p>\n<p><span style=\"font-size: 16pt\">A souligner que, cette deuxi\u00e8me \u00e9dition la Semaine des Afro-preneurs sera couronn\u00e9e par la sortie d\u2019un magazine <strong>\u2018\u2019R\u00e9seautage Annuaire Magazine\u2019\u2019<\/strong> qui sera pr\u00e9sent\u00e9 \u00e0 l\u2019international.<\/span><\/p>\n<p><span style=\"font-size: 16pt\"><strong>Aboubacar Fod\u00e9 Bangoura<\/strong><\/span><\/p>\n","protected":false},"excerpt":{"rendered":"<p>Depuis 48 heures, se tienne la deuxi\u00e8me \u00e9dition de la Semaine des Afro-preneurs \u00e0 la Villa des Arts de Conakry. Cet \u00e9v\u00e9nement d\u00e9but\u00e9 le lundi 20 f\u00e9vrier, prendra fin le dimanche 26 f\u00e9vrier 2023. Ce rendez-vous des affaires et de la promotion du contenu local, est initi\u00e9 par la plateforme \u2018\u2019Le Noir c\u2019est Mieux\u2019\u2019. Avec [&hellip;]<\/p>\n","protected":false},"author":5,"featured_media":9087,"comment_status":"closed","ping_status":"closed","sticky":false,"template":"","format":"standard","meta":{"footnotes":""},"categories":[21,2],"tags":[],"class_list":{"0":"post-9086","1":"post","2":"type-post","3":"status-publish","4":"format-standard","5":"has-post-thumbnail","7":"category-events","8":"category-featured"},"_links":{"self":[{"href":"https:\/\/tabouleinfos.com\/index.php\/wp-json\/wp\/v2\/posts\/9086","targetHints":{"allow":["GET"]}}],"collection":[{"href":"https:\/\/tabouleinfos.com\/index.php\/wp-json\/wp\/v2\/posts"}],"about":[{"href":"https:\/\/tabouleinfos.com\/index.php\/wp-json\/wp\/v2\/types\/post"}],"author":[{"embeddable":true,"href":"https:\/\/tabouleinfos.com\/index.php\/wp-json\/wp\/v2\/users\/5"}],"replies":[{"embeddable":true,"href":"https:\/\/tabouleinfos.com\/index.php\/wp-json\/wp\/v2\/comments?post=9086"}],"version-history":[{"count":0,"href":"https:\/\/tabouleinfos.com\/index.php\/wp-json\/wp\/v2\/posts\/9086\/revisions"}],"wp:featuredmedia":[{"embeddable":true,"href":"https:\/\/tabouleinfos.com\/index.php\/wp-json\/wp\/v2\/media\/9087"}],"wp:attachment":[{"href":"https:\/\/tabouleinfos.com\/index.php\/wp-json\/wp\/v2\/media?parent=9086"}],"wp:term":[{"taxonomy":"category","embeddable":true,"href":"https:\/\/tabouleinfos.com\/index.php\/wp-json\/wp\/v2\/categories?post=9086"},{"taxonomy":"post_tag","embeddable":true,"href":"https:\/\/tabouleinfos.com\/index.php\/wp-json\/wp\/v2\/tags?post=9086"}],"curies":[{"name":"wp","href":"https:\/\/api.w.org\/{rel}","templated":true}]}}