{"id":9106,"date":"2023-02-25T01:05:20","date_gmt":"2023-02-25T01:05:20","guid":{"rendered":"https:\/\/tabouleinfos.com\/?p=9106"},"modified":"2023-02-25T01:05:20","modified_gmt":"2023-02-25T01:05:20","slug":"lartiste-malien-seydou-chee-est-a-conakry-pour-celebrer-lamour","status":"publish","type":"post","link":"https:\/\/tabouleinfos.com\/index.php\/lartiste-malien-seydou-chee-est-a-conakry-pour-celebrer-lamour\/","title":{"rendered":"L\u2019artiste malien Seydou Ch\u00e9e est \u00e0 Conakry pour c\u00e9l\u00e9brer l&rsquo;amour"},"content":{"rendered":"<p><span style=\"font-size: 16pt\"><strong>Ce samedi 25 f\u00e9vrier, Seydou Ch\u00e9e se produira au Chapiteau by Issa du palais du peuple. Pour ce \u2018\u2019concert des amoureux\u2019\u2019 organis\u00e9 par la structure Benedi Record, le chanteur malien est arriv\u00e9 \u00e0 Conakry dans la soir\u00e9e du vendredi 24 f\u00e9vrier 2023. <\/strong><\/span><\/p>\n<p><span style=\"font-size: 16pt\">A l\u2019a\u00e9roport international Ahmed Sekou Toure, la star de la musique malienne a \u00e9t\u00e9 r\u00e9ceptionn\u00e9e par ses fans. Au micro des journalistes, il n\u2019a pas manqu\u00e9 d\u2019exprimer la joie qui l\u2019anime d\u2019\u00eatre en Guin\u00e9e pour c\u00e9l\u00e9brer l\u2019amour.<\/span><\/p>\n<p><a href=\"https:\/\/tabouleinfos.com\/wp-content\/uploads\/2023\/02\/seydou-chee.jpg\"><img loading=\"lazy\" decoding=\"async\" width=\"1024\" height=\"445\" class=\"alignnone size-large wp-image-9107\" src=\"https:\/\/tabouleinfos.com\/wp-content\/uploads\/2023\/02\/seydou-chee-1024x445.jpg\" alt=\"\" srcset=\"https:\/\/tabouleinfos.com\/wp-content\/uploads\/2023\/02\/seydou-chee-1024x445.jpg 1024w, https:\/\/tabouleinfos.com\/wp-content\/uploads\/2023\/02\/seydou-chee-300x130.jpg 300w, https:\/\/tabouleinfos.com\/wp-content\/uploads\/2023\/02\/seydou-chee-768x333.jpg 768w, https:\/\/tabouleinfos.com\/wp-content\/uploads\/2023\/02\/seydou-chee-1536x667.jpg 1536w, https:\/\/tabouleinfos.com\/wp-content\/uploads\/2023\/02\/seydou-chee-696x302.jpg 696w, https:\/\/tabouleinfos.com\/wp-content\/uploads\/2023\/02\/seydou-chee-1068x464.jpg 1068w, https:\/\/tabouleinfos.com\/wp-content\/uploads\/2023\/02\/seydou-chee-967x420.jpg 967w, https:\/\/tabouleinfos.com\/wp-content\/uploads\/2023\/02\/seydou-chee-1920x834.jpg 1920w, https:\/\/tabouleinfos.com\/wp-content\/uploads\/2023\/02\/seydou-chee-750x326.jpg 750w, https:\/\/tabouleinfos.com\/wp-content\/uploads\/2023\/02\/seydou-chee-1140x495.jpg 1140w, https:\/\/tabouleinfos.com\/wp-content\/uploads\/2023\/02\/seydou-chee.jpg 2006w\" sizes=\"auto, (max-width: 1024px) 100vw, 1024px\" \/><\/a><\/p>\n<p><span style=\"font-size: 16pt\"><em>\u00ab\u00a0J\u2019ai beaucoup aim\u00e9 l\u2019accueil. \u00c7a fait plaisir d\u2019\u00eatre aim\u00e9 ainsi. Je suis beaucoup aim\u00e9 en Guin\u00e9e. J\u2019\u00e9coute aussi la musique guin\u00e9enne.\u00bb<\/em>, a affirm\u00e9 l\u2019auteur du titre \u2018\u2019C\u00e9libataire\u2019\u2019 qui comptabilise plus de 4 millions de vues sur YouTube.<\/span><\/p>\n<p><span style=\"font-size: 16pt\">Ce soir au Chapiteau by Issa, Seydou Ch\u00e9e aura \u00e0 ses c\u00f4t\u00e9s, Mousto Camara, Mimi Paya Paya et Koury Simple.<\/span><\/p>\n<p><span style=\"font-size: 16pt\"><em>\u00ab\u00a0Il y aura deux heures de concert non stop. Nous avons fusionn\u00e9 le Mali et la Guin\u00e9e qui sont deux poumons dans un m\u00eame corps. Le concert est bien pr\u00e9par\u00e9. On a eu du temps de communiquer.\u00bb<\/em>, a soulign\u00e9 Mohamed Ibn Abdallah Oular\u00e9, PDG de la structure Benedi Record. \u00a0<\/span><\/p>\n<p><span style=\"font-size: 16pt\">Pour la r\u00e9ussite de ce <strong>\u2018\u2019concert des amoureux\u2019\u2019<\/strong>, Koury Simple lance un appel au public m\u00e9lomane guin\u00e9en.<\/span><\/p>\n<p><span style=\"font-size: 16pt\"><em>\u00ab\u00a0On vous invite tous demain au Chapiteau by Issa. Venez, on va faire le f\u00eate ensemble. Il y aura plein de surprises pour vous.\u00bb<\/em><\/span><\/p>\n<p><span style=\"font-size: 16pt\"><strong>Aboubacar Fod\u00e9 Bangoura<\/strong><\/span><\/p>\n","protected":false},"excerpt":{"rendered":"<p>Ce samedi 25 f\u00e9vrier, Seydou Ch\u00e9e se produira au Chapiteau by Issa du palais du peuple. Pour ce \u2018\u2019concert des amoureux\u2019\u2019 organis\u00e9 par la structure Benedi Record, le chanteur malien est arriv\u00e9 \u00e0 Conakry dans la soir\u00e9e du vendredi 24 f\u00e9vrier 2023. A l\u2019a\u00e9roport international Ahmed Sekou Toure, la star de la musique malienne a [&hellip;]<\/p>\n","protected":false},"author":5,"featured_media":9110,"comment_status":"closed","ping_status":"closed","sticky":false,"template":"","format":"standard","meta":{"footnotes":""},"categories":[21,2],"tags":[],"class_list":{"0":"post-9106","1":"post","2":"type-post","3":"status-publish","4":"format-standard","5":"has-post-thumbnail","7":"category-events","8":"category-featured"},"_links":{"self":[{"href":"https:\/\/tabouleinfos.com\/index.php\/wp-json\/wp\/v2\/posts\/9106","targetHints":{"allow":["GET"]}}],"collection":[{"href":"https:\/\/tabouleinfos.com\/index.php\/wp-json\/wp\/v2\/posts"}],"about":[{"href":"https:\/\/tabouleinfos.com\/index.php\/wp-json\/wp\/v2\/types\/post"}],"author":[{"embeddable":true,"href":"https:\/\/tabouleinfos.com\/index.php\/wp-json\/wp\/v2\/users\/5"}],"replies":[{"embeddable":true,"href":"https:\/\/tabouleinfos.com\/index.php\/wp-json\/wp\/v2\/comments?post=9106"}],"version-history":[{"count":0,"href":"https:\/\/tabouleinfos.com\/index.php\/wp-json\/wp\/v2\/posts\/9106\/revisions"}],"wp:featuredmedia":[{"embeddable":true,"href":"https:\/\/tabouleinfos.com\/index.php\/wp-json\/wp\/v2\/media\/9110"}],"wp:attachment":[{"href":"https:\/\/tabouleinfos.com\/index.php\/wp-json\/wp\/v2\/media?parent=9106"}],"wp:term":[{"taxonomy":"category","embeddable":true,"href":"https:\/\/tabouleinfos.com\/index.php\/wp-json\/wp\/v2\/categories?post=9106"},{"taxonomy":"post_tag","embeddable":true,"href":"https:\/\/tabouleinfos.com\/index.php\/wp-json\/wp\/v2\/tags?post=9106"}],"curies":[{"name":"wp","href":"https:\/\/api.w.org\/{rel}","templated":true}]}}