{"id":9117,"date":"2023-03-01T20:24:59","date_gmt":"2023-03-01T20:24:59","guid":{"rendered":"https:\/\/tabouleinfos.com\/?p=9117"},"modified":"2023-03-01T20:24:59","modified_gmt":"2023-03-01T20:24:59","slug":"la-foire-du-ramadan-fait-son-retour-pour-une-deuxieme-edition","status":"publish","type":"post","link":"https:\/\/tabouleinfos.com\/index.php\/la-foire-du-ramadan-fait-son-retour-pour-une-deuxieme-edition\/","title":{"rendered":"La Foire du Ramadan\u00a0fait son retour pour une deuxi\u00e8me \u00e9dition"},"content":{"rendered":"<p><span style=\"font-size: 16pt\"><strong>Pour la deuxi\u00e8me fois cons\u00e9cutive, le Chapiteau By Issa du palais du peuple de Conakry abritera la Foire Internationale du Ramadan du 19 au 18 Avril 2023. Un \u00e9v\u00e8nement organis\u00e9 par Ic\u00f4ne Event.<\/strong><\/span><\/p>\n<p><a href=\"https:\/\/tabouleinfos.com\/wp-content\/uploads\/2023\/03\/333801338_757570072241440_1459588250452571053_n.jpg\"><img loading=\"lazy\" decoding=\"async\" width=\"1024\" height=\"529\" class=\"alignnone size-large wp-image-9118\" src=\"https:\/\/tabouleinfos.com\/wp-content\/uploads\/2023\/03\/333801338_757570072241440_1459588250452571053_n-1024x529.jpg\" alt=\"\" srcset=\"https:\/\/tabouleinfos.com\/wp-content\/uploads\/2023\/03\/333801338_757570072241440_1459588250452571053_n-1024x529.jpg 1024w, https:\/\/tabouleinfos.com\/wp-content\/uploads\/2023\/03\/333801338_757570072241440_1459588250452571053_n-300x155.jpg 300w, https:\/\/tabouleinfos.com\/wp-content\/uploads\/2023\/03\/333801338_757570072241440_1459588250452571053_n-768x397.jpg 768w, https:\/\/tabouleinfos.com\/wp-content\/uploads\/2023\/03\/333801338_757570072241440_1459588250452571053_n-696x360.jpg 696w, https:\/\/tabouleinfos.com\/wp-content\/uploads\/2023\/03\/333801338_757570072241440_1459588250452571053_n-1068x552.jpg 1068w, https:\/\/tabouleinfos.com\/wp-content\/uploads\/2023\/03\/333801338_757570072241440_1459588250452571053_n-813x420.jpg 813w, https:\/\/tabouleinfos.com\/wp-content\/uploads\/2023\/03\/333801338_757570072241440_1459588250452571053_n-750x388.jpg 750w, https:\/\/tabouleinfos.com\/wp-content\/uploads\/2023\/03\/333801338_757570072241440_1459588250452571053_n-1140x589.jpg 1140w, https:\/\/tabouleinfos.com\/wp-content\/uploads\/2023\/03\/333801338_757570072241440_1459588250452571053_n.jpg 1273w\" sizes=\"auto, (max-width: 1024px) 100vw, 1024px\" \/><\/a><\/p>\n<p><span style=\"font-size: 16pt\">Pour annoncer ce rendez-vous \u00e9conomique et religieux, les organisateurs ont anim\u00e9 une conf\u00e9rence de presse ce mardi 1<sup>er<\/sup> mars \u00e0 Conakry pour parler du niveau des pr\u00e9paratifs.\u00a0<\/span><\/p>\n<p><span style=\"font-size: 16pt\">D&rsquo;entr\u00e9e, le Directeur G\u00e9n\u00e9ral de la structure Ic\u00f4ne \u00c9vent et initiateur de la foire du Ramadan, a expliqu\u00e9 l&rsquo;impact du projet au-del\u00e0 d&rsquo;une marque.<\/span><\/p>\n<p><span style=\"font-size: 16pt\"><em>\u00ab\u00a0La Foire du ramadan est une initiative qui a pour but de r\u00e9unir les producteurs, industriels et commer\u00e7ants pour mettre en contact direct avec les consommateurs pour que ces derniers puissent b\u00e9n\u00e9ficier des tarifs d\u00e9fiant toute concurrence. Il aura un buffet de rupture de je\u00fbn adress\u00e9 notamment \u00e0 ceux qui travaillent \u00e0 Kaloum pour qu&rsquo;ils puissent \u00e9viter les embouteillages. Un espace pour se r\u00e9unir ensemble passer un moment convivial\u00bb<\/em>, a souhait\u00e9 M. Hazzam Moukalled.<\/span><\/p>\n<p><span style=\"font-size: 16pt\">De son c\u00f4t\u00e9, le Ministre de l\u2019Agriculture et de l&rsquo;Elevage Nnagnale Cond\u00e9, a remerci\u00e9 la structure organisatrice pour cette initiative qui va ramener les commer\u00e7ants \u00e0 baisser le prix pendant et apr\u00e8s le mois de ramadan pour les paisibles populations. A cette occasion, le ministre a pris l&rsquo;engagement du soutien de son gouvernement \u00e0 accompagner les initiateurs, mais surtout de la pr\u00e9sence des producteurs\u00a0 de fili\u00e8res des \u0153ufs au cours de la 2<sup>eme<\/sup> \u00a0\u00e9dition pour vendre \u00e0 un prix raisonnable.<\/span><\/p>\n<p><span style=\"font-size: 16pt\">Le Ministre Secr\u00e9taire des Affaires Religieuses, d\u00e9sign\u00e9 ambassadeur de cette 2<sup>\u00e8me<\/sup> \u00e9dition, a aussi formul\u00e9 les v\u0153ux de r\u00e9ussite en termes de ma\u00eetrise\u00a0des prix dans la mesure possible pour soulager les consommateurs.\u00a0<\/span><\/p>\n<p><span style=\"font-size: 16pt\">Au programme de la deuxi\u00e8me \u00e9dition de Foire Internationale du Ramadan, il y aura\u00a0:<\/span><\/p>\n<p><span style=\"font-size: 16pt\">Pri\u00e8re et Rupture du je\u00fbn, conf\u00e9rence sur la Finance Islamique et WAQF.<\/span><\/p>\n<p><span style=\"font-size: 16pt\">Offre sp\u00e9ciale de connexion\u00a0 illimit\u00e9 avec KAGNY groupe technologie.<\/span><\/p>\n<p><span style=\"font-size: 16pt\">Les organisateurs invitent les consommateurs \u00e0 acheter\u00a0 des tickets de rupture pour\u00a0 venir passer ce moment de communion, de partage et de vivre ensemble tout au long ce mois b\u00e9ni de Ramadan aux chapiteaux de By Issa.<\/span><\/p>\n<p><span style=\"font-size: 16pt\"><strong>Facely Diawara<\/strong><\/span><\/p>\n","protected":false},"excerpt":{"rendered":"<p>Pour la deuxi\u00e8me fois cons\u00e9cutive, le Chapiteau By Issa du palais du peuple de Conakry abritera la Foire Internationale du Ramadan du 19 au 18 Avril 2023. Un \u00e9v\u00e8nement organis\u00e9 par Ic\u00f4ne Event. Pour annoncer ce rendez-vous \u00e9conomique et religieux, les organisateurs ont anim\u00e9 une conf\u00e9rence de presse ce mardi 1er mars \u00e0 Conakry pour [&hellip;]<\/p>\n","protected":false},"author":5,"featured_media":9119,"comment_status":"closed","ping_status":"closed","sticky":false,"template":"","format":"standard","meta":{"footnotes":""},"categories":[21,2],"tags":[],"class_list":{"0":"post-9117","1":"post","2":"type-post","3":"status-publish","4":"format-standard","5":"has-post-thumbnail","7":"category-events","8":"category-featured"},"_links":{"self":[{"href":"https:\/\/tabouleinfos.com\/index.php\/wp-json\/wp\/v2\/posts\/9117","targetHints":{"allow":["GET"]}}],"collection":[{"href":"https:\/\/tabouleinfos.com\/index.php\/wp-json\/wp\/v2\/posts"}],"about":[{"href":"https:\/\/tabouleinfos.com\/index.php\/wp-json\/wp\/v2\/types\/post"}],"author":[{"embeddable":true,"href":"https:\/\/tabouleinfos.com\/index.php\/wp-json\/wp\/v2\/users\/5"}],"replies":[{"embeddable":true,"href":"https:\/\/tabouleinfos.com\/index.php\/wp-json\/wp\/v2\/comments?post=9117"}],"version-history":[{"count":0,"href":"https:\/\/tabouleinfos.com\/index.php\/wp-json\/wp\/v2\/posts\/9117\/revisions"}],"wp:featuredmedia":[{"embeddable":true,"href":"https:\/\/tabouleinfos.com\/index.php\/wp-json\/wp\/v2\/media\/9119"}],"wp:attachment":[{"href":"https:\/\/tabouleinfos.com\/index.php\/wp-json\/wp\/v2\/media?parent=9117"}],"wp:term":[{"taxonomy":"category","embeddable":true,"href":"https:\/\/tabouleinfos.com\/index.php\/wp-json\/wp\/v2\/categories?post=9117"},{"taxonomy":"post_tag","embeddable":true,"href":"https:\/\/tabouleinfos.com\/index.php\/wp-json\/wp\/v2\/tags?post=9117"}],"curies":[{"name":"wp","href":"https:\/\/api.w.org\/{rel}","templated":true}]}}