{"id":9225,"date":"2023-03-18T20:12:13","date_gmt":"2023-03-18T20:12:13","guid":{"rendered":"https:\/\/tabouleinfos.com\/?p=9225"},"modified":"2023-03-18T20:12:13","modified_gmt":"2023-03-18T20:12:13","slug":"nondi-k-a-ete-inhume-ce-samedi","status":"publish","type":"post","link":"https:\/\/tabouleinfos.com\/index.php\/nondi-k-a-ete-inhume-ce-samedi\/","title":{"rendered":"Nondi K a \u00e9t\u00e9 inhum\u00e9 ce samedi\u00a0!"},"content":{"rendered":"<p><span style=\"font-size: 16pt\"><strong>D\u00e9c\u00e9d\u00e9 le vendredi 17 mars, l\u2019artiste et animateur culturel Nondi K a \u00e9t\u00e9 inhum\u00e9 dans l\u2019apr\u00e8s-midi de ce samedi 18 mars 2023, au cimeti\u00e8re de Dar es Salam (Conakry).<\/strong><\/span><\/p>\n<p><a href=\"https:\/\/tabouleinfos.com\/wp-content\/uploads\/2023\/03\/nondi-k.jpg\"><img loading=\"lazy\" decoding=\"async\" width=\"1024\" height=\"683\" class=\"alignnone size-large wp-image-9226\" src=\"https:\/\/tabouleinfos.com\/wp-content\/uploads\/2023\/03\/nondi-k-1024x683.jpg\" alt=\"\" srcset=\"https:\/\/tabouleinfos.com\/wp-content\/uploads\/2023\/03\/nondi-k-1024x683.jpg 1024w, https:\/\/tabouleinfos.com\/wp-content\/uploads\/2023\/03\/nondi-k-300x200.jpg 300w, https:\/\/tabouleinfos.com\/wp-content\/uploads\/2023\/03\/nondi-k-768x512.jpg 768w, https:\/\/tabouleinfos.com\/wp-content\/uploads\/2023\/03\/nondi-k-696x464.jpg 696w, https:\/\/tabouleinfos.com\/wp-content\/uploads\/2023\/03\/nondi-k-1068x712.jpg 1068w, https:\/\/tabouleinfos.com\/wp-content\/uploads\/2023\/03\/nondi-k-630x420.jpg 630w, https:\/\/tabouleinfos.com\/wp-content\/uploads\/2023\/03\/nondi-k-750x500.jpg 750w, https:\/\/tabouleinfos.com\/wp-content\/uploads\/2023\/03\/nondi-k.jpg 1080w\" sizes=\"auto, (max-width: 1024px) 100vw, 1024px\" \/><\/a><\/p>\n<p><span style=\"font-size: 16pt\">Avant de regagner sa derni\u00e8re demeure, un symposium a \u00e9t\u00e9 organis\u00e9 pour lui \u00e0 l\u2019h\u00f4pital Ignace Deen. Cette c\u00e9r\u00e9monie a connu la pr\u00e9sence de sa famille, ses connaissances, des m\u00e9lomanes, des artistes de la old school, des acteurs culturels, des hommes de m\u00e9dias et quelques dignitaires de l&rsquo;Etat.\u00a0<\/span><\/p>\n<p><span style=\"font-size: 16pt\">A la morgue, l\u2019\u00e9motion \u00e9tait forte. Sur les visages, se lisaient la tristesse et la piti\u00e9. A la place de la musique, des pleurs.<\/span><\/p>\n<p><span style=\"font-size: 16pt\"><em>\u00ab\u00a0Couch\u00e9 aujourd\u2019hui pour un long voyage, nous te souhaitons le paradis. A tous ceux qui ont fait le d\u00e9placement de prier pour Kader et de penser \u00e0 ses enfants. \u00a0Kader est couch\u00e9 et mon esprit voyage sur ses trois enfants.\u00bb<\/em>, a laiss\u00e9 entendre Saifoulaye Teliwel Diallo.<\/span><\/p>\n<p><span style=\"font-size: 16pt\">De son c\u00f4t\u00e9, le repr\u00e9sentant du ministre de la Culture, du Tourisme et de l\u2019Artisanat est revnu sur les souvenirs de l\u2019artiste : <em>\u00ab\u00a0Je retiens de lui comme beaucoup de jeunes de sa g\u00e9n\u00e9ration, un grand combattant. Il fait partie des personnes auxquelles la vie n\u2019a pas fait de cadeau. C\u2019est-\u00e0-dire tous ce qu\u2019ils ont acquis, c\u2019est par la force de leur courage, leur d\u00e9termination et de leur connaissance. Parce qu\u2019ils ont commenc\u00e9 \u00e0 faire cette musique \u00e0 l\u2019\u00e9poque il n\u2019y avait pas le m\u00eame type de d\u00e9veloppement technologique qu\u2019aujourd\u2019hui. Il n\u2019y avait pas de centre de formation pour le hip hop. Ils se sont battus pour se former. Ils ont appris \u00e0 faire le rap comme ils ont bien voulu le faire. Ils ont cherch\u00e9 les moyens qu\u2019il le fallait et ils sont partis enregistr\u00e9 sans l\u2019aide de personne. Cette envie de croquer la vie, c\u2019est que je retiens surtout leur force de caract\u00e8re pour r\u00e9ussir.\u00bb<\/em>, a t\u00e9moign\u00e9 Ansoumane Djessira Cond\u00e9. \u00a0<\/span><\/p>\n<p><span style=\"font-size: 16pt\">Pour cet artiste et collaborateur de Nondi K\u00a0: <em>\u00ab\u00a0Quand j\u2019ai appris son d\u00e9c\u00e8s, je n\u2019ai pas cru. C\u2019est quand je me suis rendu dans sa famille que j\u2019ai compris c\u2019est une r\u00e9alit\u00e9. Beaucoup m\u2019ont appel\u00e9, des amis, des collaborateurs. Mais finalement on est oblig\u00e9 de l\u2019accepter.\u00bb<\/em>, a regrett\u00e9 Dahadi.<\/span><\/p>\n<p><a href=\"https:\/\/tabouleinfos.com\/wp-content\/uploads\/2023\/03\/295b5987-790d-424c-b2f3-cfa638a1b070.jpg\"><img loading=\"lazy\" decoding=\"async\" width=\"1020\" height=\"459\" class=\"alignnone size-full wp-image-9227\" src=\"https:\/\/tabouleinfos.com\/wp-content\/uploads\/2023\/03\/295b5987-790d-424c-b2f3-cfa638a1b070.jpg\" alt=\"\" srcset=\"https:\/\/tabouleinfos.com\/wp-content\/uploads\/2023\/03\/295b5987-790d-424c-b2f3-cfa638a1b070.jpg 1020w, https:\/\/tabouleinfos.com\/wp-content\/uploads\/2023\/03\/295b5987-790d-424c-b2f3-cfa638a1b070-300x135.jpg 300w, https:\/\/tabouleinfos.com\/wp-content\/uploads\/2023\/03\/295b5987-790d-424c-b2f3-cfa638a1b070-768x346.jpg 768w, https:\/\/tabouleinfos.com\/wp-content\/uploads\/2023\/03\/295b5987-790d-424c-b2f3-cfa638a1b070-696x313.jpg 696w, https:\/\/tabouleinfos.com\/wp-content\/uploads\/2023\/03\/295b5987-790d-424c-b2f3-cfa638a1b070-933x420.jpg 933w, https:\/\/tabouleinfos.com\/wp-content\/uploads\/2023\/03\/295b5987-790d-424c-b2f3-cfa638a1b070-750x338.jpg 750w\" sizes=\"auto, (max-width: 1020px) 100vw, 1020px\" \/><\/a><\/p>\n<p><span style=\"font-size: 16pt\">Apr\u00e8s le symposium, la d\u00e9pouille a \u00e9t\u00e9 transport\u00e9e \u00e0 la mosqu\u00e9e du quartier Dar es Salam pour la pri\u00e8re fun\u00e9raire, puis au cimeti\u00e8re pour l\u2019inhumation \u00e0 14h.<\/span><\/p>\n<p><span style=\"font-size: 16pt\"><strong>Aboubacar Fod\u00e9 Bangoura \u00a0<\/strong><\/span><\/p>\n","protected":false},"excerpt":{"rendered":"<p>D\u00e9c\u00e9d\u00e9 le vendredi 17 mars, l\u2019artiste et animateur culturel Nondi K a \u00e9t\u00e9 inhum\u00e9 dans l\u2019apr\u00e8s-midi de ce samedi 18 mars 2023, au cimeti\u00e8re de Dar es Salam (Conakry). Avant de regagner sa derni\u00e8re demeure, un symposium a \u00e9t\u00e9 organis\u00e9 pour lui \u00e0 l\u2019h\u00f4pital Ignace Deen. Cette c\u00e9r\u00e9monie a connu la pr\u00e9sence de sa famille, [&hellip;]<\/p>\n","protected":false},"author":5,"featured_media":9228,"comment_status":"closed","ping_status":"closed","sticky":false,"template":"","format":"standard","meta":{"footnotes":""},"categories":[21,2,25],"tags":[],"class_list":{"0":"post-9225","1":"post","2":"type-post","3":"status-publish","4":"format-standard","5":"has-post-thumbnail","7":"category-events","8":"category-featured","9":"category-news"},"_links":{"self":[{"href":"https:\/\/tabouleinfos.com\/index.php\/wp-json\/wp\/v2\/posts\/9225","targetHints":{"allow":["GET"]}}],"collection":[{"href":"https:\/\/tabouleinfos.com\/index.php\/wp-json\/wp\/v2\/posts"}],"about":[{"href":"https:\/\/tabouleinfos.com\/index.php\/wp-json\/wp\/v2\/types\/post"}],"author":[{"embeddable":true,"href":"https:\/\/tabouleinfos.com\/index.php\/wp-json\/wp\/v2\/users\/5"}],"replies":[{"embeddable":true,"href":"https:\/\/tabouleinfos.com\/index.php\/wp-json\/wp\/v2\/comments?post=9225"}],"version-history":[{"count":0,"href":"https:\/\/tabouleinfos.com\/index.php\/wp-json\/wp\/v2\/posts\/9225\/revisions"}],"wp:featuredmedia":[{"embeddable":true,"href":"https:\/\/tabouleinfos.com\/index.php\/wp-json\/wp\/v2\/media\/9228"}],"wp:attachment":[{"href":"https:\/\/tabouleinfos.com\/index.php\/wp-json\/wp\/v2\/media?parent=9225"}],"wp:term":[{"taxonomy":"category","embeddable":true,"href":"https:\/\/tabouleinfos.com\/index.php\/wp-json\/wp\/v2\/categories?post=9225"},{"taxonomy":"post_tag","embeddable":true,"href":"https:\/\/tabouleinfos.com\/index.php\/wp-json\/wp\/v2\/tags?post=9225"}],"curies":[{"name":"wp","href":"https:\/\/api.w.org\/{rel}","templated":true}]}}