{"id":9273,"date":"2023-03-30T10:55:44","date_gmt":"2023-03-30T10:55:44","guid":{"rendered":"https:\/\/tabouleinfos.com\/?p=9273"},"modified":"2023-03-30T10:55:44","modified_gmt":"2023-03-30T10:55:44","slug":"stromae-annule-six-concerts-son-etat-de-sante-inquietant","status":"publish","type":"post","link":"https:\/\/tabouleinfos.com\/index.php\/stromae-annule-six-concerts-son-etat-de-sante-inquietant\/","title":{"rendered":"Stromae annule six concerts : son \u00e9tat de sant\u00e9 inqui\u00e9tant ?"},"content":{"rendered":"<p><span style=\"font-size: 16pt\"><strong>Le chanteur belge Stromae a annul\u00e9 en deux semaines six dates de sa tourn\u00e9e en France, dont trois \u00e0 Nantes. Remont\u00e9 sur sc\u00e8ne \u00e0 l&rsquo;\u00e9t\u00e9 2022 apr\u00e8s une longue p\u00e9riode d&rsquo;absence li\u00e9e \u00e0 un burn-out et au rythme difficile de sa carri\u00e8re, l&rsquo;\u00e9tat de sant\u00e9 de l&rsquo;artiste de 38 ans inqui\u00e8te de nouveau ses fans.<\/strong><\/span><\/p>\n<p><span style=\"font-size: 16pt\">Le chanteur belge\u00a0Stromae\u00a0actuellement en tourn\u00e9e doit encore renoncer cette semaine \u00e0 trois concerts \u00e0 Nantes, apr\u00e8s avoir d\u00e9j\u00e0 <strong>d\u00fb\u00a0annuler trois dates la semaine derni\u00e8re<\/strong>, ont annonc\u00e9 mercredi ses producteurs.\u00a0<em>\u00ab\u00a0L&rsquo;\u00e9tat de sant\u00e9 de\u00a0Stromae\u00a0ne lui permet \u00e0 nouveau pas d&rsquo;assurer les trois concerts pr\u00e9vus cette semaine au Z\u00e9nith de Nantes, du 29 au 31 mars. Nous sommes donc contraints d&rsquo;annuler ces trois repr\u00e9sentations\u00a0\u00bb<\/em>, a indiqu\u00e9 dans un communiqu\u00e9 la soci\u00e9t\u00e9 Auguri Productions.<\/span><\/p>\n<p><span style=\"font-size: 16pt\">La semaine pr\u00e9c\u00e9dente, les concerts de Strasbourg et Amn\u00e9ville avaient \u00e9galement \u00e9t\u00e9 annul\u00e9s.\u00a0Le Bruxellois de 38 ans, tr\u00e8s populaire en France, est actuellement en tourn\u00e9e europ\u00e9enne pour promouvoir son album <strong>\u00ab\u00a0Multitude\u00a0\u00bb<\/strong>, sorti il y a an.\u00a0Il \u00e9tait remont\u00e9 sur sc\u00e8ne \u00e0 l&rsquo;\u00e9t\u00e9 2022 apr\u00e8s une longue p\u00e9riode d&rsquo;absence caus\u00e9e par un burn-out et une d\u00e9pression quand il avait encha\u00een\u00e9 les concerts pour l&rsquo;album de sa cons\u00e9cration, <strong>\u00ab\u00a0Racine Carr\u00e9e\u00a0\u00bb<\/strong>, sorti en 2013.<\/span><\/p>\n<p><span style=\"font-size: 16pt\">L&rsquo;artiste ne s&rsquo;est pas exprim\u00e9 pour le moment<\/span><\/p>\n<p><span style=\"font-size: 16pt\">La semaine derni\u00e8re, ses producteurs avaient justifi\u00e9 <strong>par \u00ab\u00a0des raisons m\u00e9dicales\u00a0\u00bb<\/strong>, sans autre pr\u00e9cision, l&rsquo;annulation de trois concerts dans l&rsquo;est de la France. Une situation qui inqui\u00e8te forc\u00e9ment ses fans, malgr\u00e9 la d\u00e9ception de ne pas pouvoir assister aux repr\u00e9sentations tr\u00e8s attendues. Sur les r\u00e9seaux sociaux, ils sont d&rsquo;ailleurs nombreux \u00e0 souhaiter un <strong>\u00ab\u00a0bon r\u00e9tablissement\u00a0\u00bb <\/strong>\u00e0 leur idole. De son c\u00f4t\u00e9, Stromae ne s&rsquo;est pas exprim\u00e9.<\/span><\/p>\n<p><span style=\"font-size: 16pt\">Stromae, de son vrai nom Paul Van Haver, est un des artistes francophones qui vend le plus de musique dans le monde.\u00a0Il a brill\u00e9 en f\u00e9vrier au palmar\u00e8s des\u00a0<strong>Victoires de la musique\u00a0<\/strong>:\u00a0<strong>\u00ab\u00a0Multitude\u00a0\u00bb<\/strong> y a \u00e9t\u00e9 sacr\u00e9 meilleur album et lui-m\u00eame artiste masculin de l&rsquo;ann\u00e9e. D\u00e9but janvier 2022, l&rsquo;artiste avait fait un retour remarqu\u00e9 en d\u00e9voilant sa chanson <strong>\u00ab\u00a0L&rsquo;enfer\u00a0\u00bb <\/strong>au JT de 20 heures de TF1. Une chanson qui parlait de la violente p\u00e9riode de d\u00e9pression et les pens\u00e9es suicidaires qu&rsquo;avait connues l&rsquo;artiste.<\/span><\/p>\n<p><span style=\"font-size: 16pt\">A lire sur\u00a0: <span style=\"color: #0000ff\"><strong><a style=\"color: #0000ff\" href=\"https:\/\/www.europe1.fr\/culture\/stromae-annule-six-concerts-pourquoi-letat-de-sante-du-chanteur-belge-inquiete-autant-4175223\">Europe1.fr<\/a><\/strong><\/span><\/span><\/p>\n<p>&nbsp;<\/p>\n","protected":false},"excerpt":{"rendered":"<p>Le chanteur belge Stromae a annul\u00e9 en deux semaines six dates de sa tourn\u00e9e en France, dont trois \u00e0 Nantes. Remont\u00e9 sur sc\u00e8ne \u00e0 l&rsquo;\u00e9t\u00e9 2022 apr\u00e8s une longue p\u00e9riode d&rsquo;absence li\u00e9e \u00e0 un burn-out et au rythme difficile de sa carri\u00e8re, l&rsquo;\u00e9tat de sant\u00e9 de l&rsquo;artiste de 38 ans inqui\u00e8te de nouveau ses fans. [&hellip;]<\/p>\n","protected":false},"author":5,"featured_media":9275,"comment_status":"closed","ping_status":"closed","sticky":false,"template":"","format":"standard","meta":{"footnotes":""},"categories":[2,25],"tags":[],"class_list":{"0":"post-9273","1":"post","2":"type-post","3":"status-publish","4":"format-standard","5":"has-post-thumbnail","7":"category-featured","8":"category-news"},"_links":{"self":[{"href":"https:\/\/tabouleinfos.com\/index.php\/wp-json\/wp\/v2\/posts\/9273","targetHints":{"allow":["GET"]}}],"collection":[{"href":"https:\/\/tabouleinfos.com\/index.php\/wp-json\/wp\/v2\/posts"}],"about":[{"href":"https:\/\/tabouleinfos.com\/index.php\/wp-json\/wp\/v2\/types\/post"}],"author":[{"embeddable":true,"href":"https:\/\/tabouleinfos.com\/index.php\/wp-json\/wp\/v2\/users\/5"}],"replies":[{"embeddable":true,"href":"https:\/\/tabouleinfos.com\/index.php\/wp-json\/wp\/v2\/comments?post=9273"}],"version-history":[{"count":0,"href":"https:\/\/tabouleinfos.com\/index.php\/wp-json\/wp\/v2\/posts\/9273\/revisions"}],"wp:featuredmedia":[{"embeddable":true,"href":"https:\/\/tabouleinfos.com\/index.php\/wp-json\/wp\/v2\/media\/9275"}],"wp:attachment":[{"href":"https:\/\/tabouleinfos.com\/index.php\/wp-json\/wp\/v2\/media?parent=9273"}],"wp:term":[{"taxonomy":"category","embeddable":true,"href":"https:\/\/tabouleinfos.com\/index.php\/wp-json\/wp\/v2\/categories?post=9273"},{"taxonomy":"post_tag","embeddable":true,"href":"https:\/\/tabouleinfos.com\/index.php\/wp-json\/wp\/v2\/tags?post=9273"}],"curies":[{"name":"wp","href":"https:\/\/api.w.org\/{rel}","templated":true}]}}