{"id":9628,"date":"2023-06-06T10:58:05","date_gmt":"2023-06-06T10:58:05","guid":{"rendered":"https:\/\/tabouleinfos.com\/?p=9628"},"modified":"2023-06-06T10:58:05","modified_gmt":"2023-06-06T10:58:05","slug":"francois-bourouno-il-ny-a-pas-de-probleme-au-fodac","status":"publish","type":"post","link":"https:\/\/tabouleinfos.com\/index.php\/francois-bourouno-il-ny-a-pas-de-probleme-au-fodac\/","title":{"rendered":"Fran\u00e7ois Bourouno \u00ab Il n\u2019y a pas de probl\u00e8me au FODAC\u2026 \u00bb"},"content":{"rendered":"<p><span style=\"font-size: 16pt\"><strong>Le lundi 5 juin, le secr\u00e9taire g\u00e9n\u00e9ral du Minist\u00e8re de la Culture, du Tourisme et de l\u2019Artisanat a anim\u00e9 un point de presse \u00e0 Conakry. Objectif, apporter des pr\u00e9cisions sur la suspension de toute op\u00e9ration de paiement des subventions des\u00a0 projets culturels au niveau du Fonds de D\u00e9veloppement des Arts et de la Culture (FODAC).<\/strong><\/span><\/p>\n<p><span style=\"font-size: 16pt\">A cette occasion, Fran\u00e7ois Faya Bourouno a fait savoir que\u00a0: <em>\u00abVous apprenez sp\u00e9cifiquement qu\u2019au FODAC qu\u2019il y a des probl\u00e8mes, pour nous il n\u2019y a pas de probl\u00e8me\u00a0au FODAC\u2026 Si quelqu\u2019un devrait crier qu\u2019il y a des probl\u00e8mes, peut-\u00eatre c\u2019\u00e9tait le d\u00e9partement\u2026\u2019Nous n&rsquo;avons pas arr\u00eat\u00e9 les financements du FODAC parce qu&rsquo;on a voulu arr\u00eater, ou parce qu&rsquo;on est contre un individu ou parce qu&rsquo;on veut refuser de financer les acteurs culturels, non.\u00a0Nous avons simplement demand\u00e9, sur les 10 milliards que le pr\u00e9sident a donn\u00e9s l&rsquo;ann\u00e9e derni\u00e8re, nous avons pratiquement d\u00e9pens\u00e9 deux milliards. Mais en r\u00e9alit\u00e9, nous n&rsquo;avions pas de visibilit\u00e9 sur cette utilisation de ces fonds, en termes de financement des projets financ\u00e9s.\u00bb<\/em>, a-t-il rappel\u00e9.<\/span><\/p>\n<p><span style=\"font-size: 16pt\">Et d\u2019ajouter\u00a0: <em>\u00ab\u00a0Nous nous sommes dit, au lieu que demain, nous soyons interpell\u00e9s sur la situation des 10 milliards donn\u00e9s par le colonel, mettons un m\u00e9canisme pour donner la chance \u00e0 tous les acteurs, c&rsquo;est ce travail aujourd&rsquo;hui qui est en train d&rsquo;\u00eatre finalis\u00e9. Le conseil d&rsquo;administration est totalement en phase avec la tutelle technique, parce que nous avons la m\u00eame vision. Une fois que ces outils seront en place, nous allons lancer le processus de financement.\u00bb<\/em>, a affirm\u00e9 Fran\u00e7ois Faya Bourouno.<\/span><\/p>\n<p><span style=\"font-size: 16pt\">Poursuivant, dira-t-<em>il \u00ab\u00a0Mais encore une fois, il ne faut pas que le FODAC se limite \u00e0 l&rsquo;argent. Il faut que le FODAC travaille aussi sur la formation, l&rsquo;accompagnement des acteurs. Il faut aussi, au-del\u00e0 de ce que le gouvernement donne, que le FODAC aille chercher des financements ailleurs. Cela veut dire qu&rsquo;il y a n\u00e9cessit\u00e9 de mettre au sein du FODAC un m\u00e9canisme, une vraie ing\u00e9nierie de projet, pour d\u00e9velopper lui-m\u00eame des projets viables, aller capter des financements pour mettre \u00e0 la disposition des acteurs culturels. Donc voici ce qui est en train de se mettre en \u0153uvre. Il n&rsquo;y a aucune volont\u00e9 d&rsquo;arr\u00eater ce financement. S&rsquo;il y avait cette volont\u00e9, on n&rsquo;aurait pas entrepris les d\u00e9marches pour obtenir les 10 milliards. On a trouv\u00e9 le FODAC, certes il y avait des intentions de mettre de l&rsquo;argent dans le FODAC, mais en dehors des ressources de fonctionnement, il n&rsquo;y avait pas de subvention pour les projets.\u00bb<\/em>, a-t-il soulign\u00e9.<\/span><\/p>\n<p><span style=\"font-size: 16pt\">Pour terminer, il a laiss\u00e9 entendre que\u00a0: <em>\u00ab\u00a0Voici les r\u00e9sultats tangibles en mati\u00e8re de d\u00e9veloppement culturel et nous souhaitons plus d&rsquo;efforts et cela se fera \u00e0 travers la coh\u00e9sion et la synergie entre les acteurs culturels et leurs d\u00e9partements de tutelle.\u00bb<\/em><\/span><\/p>\n<p><span style=\"font-size: 16pt\"><strong>Aboubacar Fode Bangoura<\/strong><\/span><\/p>\n","protected":false},"excerpt":{"rendered":"<p>Le lundi 5 juin, le secr\u00e9taire g\u00e9n\u00e9ral du Minist\u00e8re de la Culture, du Tourisme et de l\u2019Artisanat a anim\u00e9 un point de presse \u00e0 Conakry. Objectif, apporter des pr\u00e9cisions sur la suspension de toute op\u00e9ration de paiement des subventions des\u00a0 projets culturels au niveau du Fonds de D\u00e9veloppement des Arts et de la Culture (FODAC). [&hellip;]<\/p>\n","protected":false},"author":5,"featured_media":9629,"comment_status":"closed","ping_status":"closed","sticky":false,"template":"","format":"standard","meta":{"footnotes":""},"categories":[2,25],"tags":[],"class_list":{"0":"post-9628","1":"post","2":"type-post","3":"status-publish","4":"format-standard","5":"has-post-thumbnail","7":"category-featured","8":"category-news"},"_links":{"self":[{"href":"https:\/\/tabouleinfos.com\/index.php\/wp-json\/wp\/v2\/posts\/9628","targetHints":{"allow":["GET"]}}],"collection":[{"href":"https:\/\/tabouleinfos.com\/index.php\/wp-json\/wp\/v2\/posts"}],"about":[{"href":"https:\/\/tabouleinfos.com\/index.php\/wp-json\/wp\/v2\/types\/post"}],"author":[{"embeddable":true,"href":"https:\/\/tabouleinfos.com\/index.php\/wp-json\/wp\/v2\/users\/5"}],"replies":[{"embeddable":true,"href":"https:\/\/tabouleinfos.com\/index.php\/wp-json\/wp\/v2\/comments?post=9628"}],"version-history":[{"count":0,"href":"https:\/\/tabouleinfos.com\/index.php\/wp-json\/wp\/v2\/posts\/9628\/revisions"}],"wp:featuredmedia":[{"embeddable":true,"href":"https:\/\/tabouleinfos.com\/index.php\/wp-json\/wp\/v2\/media\/9629"}],"wp:attachment":[{"href":"https:\/\/tabouleinfos.com\/index.php\/wp-json\/wp\/v2\/media?parent=9628"}],"wp:term":[{"taxonomy":"category","embeddable":true,"href":"https:\/\/tabouleinfos.com\/index.php\/wp-json\/wp\/v2\/categories?post=9628"},{"taxonomy":"post_tag","embeddable":true,"href":"https:\/\/tabouleinfos.com\/index.php\/wp-json\/wp\/v2\/tags?post=9628"}],"curies":[{"name":"wp","href":"https:\/\/api.w.org\/{rel}","templated":true}]}}