{"id":9646,"date":"2023-06-08T12:19:41","date_gmt":"2023-06-08T12:19:41","guid":{"rendered":"https:\/\/tabouleinfos.com\/?p=9646"},"modified":"2023-06-08T12:19:41","modified_gmt":"2023-06-08T12:19:41","slug":"tupac-a-enfin-une-etoile-sur-le-walk-of-fame-a-hollywood","status":"publish","type":"post","link":"https:\/\/tabouleinfos.com\/index.php\/tupac-a-enfin-une-etoile-sur-le-walk-of-fame-a-hollywood\/","title":{"rendered":"Tupac a enfin une \u00e9toile sur le \u2018\u2019Walk of fame\u2019\u2019 \u00e0 Hollywood"},"content":{"rendered":"<p><span style=\"font-size: 16pt\"><strong>C\u2019est la s\u0153ur du rappeur, tu\u00e9 en 1996 dans des circonstances encore floues, qui le repr\u00e9sentait lors de la c\u00e9r\u00e9monie d\u2019inauguration mercredi.<\/strong><\/span><\/p>\n<p><span style=\"font-size: 16pt\">Le\u00a0rappeur am\u00e9ricain Tupac Shakur, tu\u00e9\u00a0il y a pr\u00e8s de trente ans apr\u00e8s une carri\u00e8re aussi br\u00e8ve que fulgurante, a enfin \u00e9t\u00e9 r\u00e9compens\u00e9 mercredi d\u2019une \u00e9toile sur le \u00ab\u00a0Walk of fame\u00a0\u00bb d\u2019Hollywood.<\/span><\/p>\n<p><a href=\"https:\/\/tabouleinfos.com\/wp-content\/uploads\/2023\/06\/HUHV2RQ2Z5H2LD3FUWIWIMO5IQ.jpg\"><img loading=\"lazy\" decoding=\"async\" width=\"932\" height=\"582\" class=\"alignnone size-full wp-image-9648\" src=\"https:\/\/tabouleinfos.com\/wp-content\/uploads\/2023\/06\/HUHV2RQ2Z5H2LD3FUWIWIMO5IQ.jpg\" alt=\"\" srcset=\"https:\/\/tabouleinfos.com\/wp-content\/uploads\/2023\/06\/HUHV2RQ2Z5H2LD3FUWIWIMO5IQ.jpg 932w, https:\/\/tabouleinfos.com\/wp-content\/uploads\/2023\/06\/HUHV2RQ2Z5H2LD3FUWIWIMO5IQ-300x187.jpg 300w, https:\/\/tabouleinfos.com\/wp-content\/uploads\/2023\/06\/HUHV2RQ2Z5H2LD3FUWIWIMO5IQ-768x480.jpg 768w, https:\/\/tabouleinfos.com\/wp-content\/uploads\/2023\/06\/HUHV2RQ2Z5H2LD3FUWIWIMO5IQ-696x435.jpg 696w, https:\/\/tabouleinfos.com\/wp-content\/uploads\/2023\/06\/HUHV2RQ2Z5H2LD3FUWIWIMO5IQ-673x420.jpg 673w, https:\/\/tabouleinfos.com\/wp-content\/uploads\/2023\/06\/HUHV2RQ2Z5H2LD3FUWIWIMO5IQ-750x468.jpg 750w\" sizes=\"auto, (max-width: 932px) 100vw, 932px\" \/><\/a><\/p>\n<p><span style=\"font-size: 16pt\">L\u00e9gende du hip-hop, Tupac s\u2019\u00e9tait hiss\u00e9 au sommet des artistes de la c\u00f4te ouest am\u00e9ricaine avant d\u2019\u00eatre\u00a0abattu en septembre\u00a01996 \u00e0 Las Vegas, dans des circonstances qui demeurent floues. Il avait 25 ans.<\/span><\/p>\n<p><strong><span style=\"font-size: 16pt\">\u00ab\u00a0Un tr\u00e8s grand avenir l\u2019attendait\u00a0\u00bb<\/span><\/strong><\/p>\n<p><span style=\"font-size: 16pt\"><em>\u00ab\u00a0Tupac savait au plus profond de lui qu\u2019un tr\u00e8s grand avenir l\u2019attendait\u00a0\u00bb<\/em>, a d\u00e9clar\u00e9 lors de la c\u00e9r\u00e9monie d\u2019inauguration \u00e0 Los Angeles sa s\u0153ur, Sekyiwa \u00ab\u00a0Set\u00a0\u00bb Shakur. <em>\u00ab\u00a0Je suis extr\u00eamement honor\u00e9e d\u2019\u00eatre l\u00e0 aujourd\u2019hui pour repr\u00e9senter la famille Shakur\u00a0\u00bb<\/em>, a-t-elle ajout\u00e9. <em>\u00ab\u00a0Comme petite s\u0153ur, j\u2019ai eu le privil\u00e8ge de voir sa grandeur \u00e9merger\u00a0\u00bb<\/em>.<\/span><\/p>\n<p><span style=\"font-size: 16pt\">Le rappeur, \u00e0 l\u2019origine des tubes \u00ab\u00a0California\u00a0\u00bb, \u00ab\u00a0Changes\u00a0\u00bb, \u00ab\u00a0Dear Mama\u00a0\u00bb et \u00ab\u00a0All Eyez On Me\u00a0\u00bb, a vendu 75\u00a0millions d\u2019albums. Il reste tr\u00e8s influent dans le monde du hip-hop, de par ses paroles d\u2019une \u00e9motion intense et son sens du th\u00e9\u00e2tre.<\/span><\/p>\n<p><span style=\"font-size: 16pt\">Source\u00a0: <span style=\"color: #0000ff\"><a style=\"color: #0000ff\" href=\"https:\/\/www.leparisien.fr\/culture-loisirs\/enfin-une-etoile-a-hollywood-pour-le-rappeur-tupac-tue-en-1996-08-06-2023-SKPTKTCPAFBY7CNYBLLVXJACGI.php?at_creation=Le%20Parisien&amp;at_campaign=Partage%20Facebook%20CM&amp;at_medium=Social%20media\"><strong>leparisien.fr<\/strong><\/a><\/span><\/span><\/p>\n","protected":false},"excerpt":{"rendered":"<p>C\u2019est la s\u0153ur du rappeur, tu\u00e9 en 1996 dans des circonstances encore floues, qui le repr\u00e9sentait lors de la c\u00e9r\u00e9monie d\u2019inauguration mercredi. Le\u00a0rappeur am\u00e9ricain Tupac Shakur, tu\u00e9\u00a0il y a pr\u00e8s de trente ans apr\u00e8s une carri\u00e8re aussi br\u00e8ve que fulgurante, a enfin \u00e9t\u00e9 r\u00e9compens\u00e9 mercredi d\u2019une \u00e9toile sur le \u00ab\u00a0Walk of fame\u00a0\u00bb d\u2019Hollywood. L\u00e9gende du [&hellip;]<\/p>\n","protected":false},"author":5,"featured_media":9647,"comment_status":"closed","ping_status":"closed","sticky":false,"template":"","format":"standard","meta":{"footnotes":""},"categories":[2,25],"tags":[],"class_list":{"0":"post-9646","1":"post","2":"type-post","3":"status-publish","4":"format-standard","5":"has-post-thumbnail","7":"category-featured","8":"category-news"},"_links":{"self":[{"href":"https:\/\/tabouleinfos.com\/index.php\/wp-json\/wp\/v2\/posts\/9646","targetHints":{"allow":["GET"]}}],"collection":[{"href":"https:\/\/tabouleinfos.com\/index.php\/wp-json\/wp\/v2\/posts"}],"about":[{"href":"https:\/\/tabouleinfos.com\/index.php\/wp-json\/wp\/v2\/types\/post"}],"author":[{"embeddable":true,"href":"https:\/\/tabouleinfos.com\/index.php\/wp-json\/wp\/v2\/users\/5"}],"replies":[{"embeddable":true,"href":"https:\/\/tabouleinfos.com\/index.php\/wp-json\/wp\/v2\/comments?post=9646"}],"version-history":[{"count":0,"href":"https:\/\/tabouleinfos.com\/index.php\/wp-json\/wp\/v2\/posts\/9646\/revisions"}],"wp:featuredmedia":[{"embeddable":true,"href":"https:\/\/tabouleinfos.com\/index.php\/wp-json\/wp\/v2\/media\/9647"}],"wp:attachment":[{"href":"https:\/\/tabouleinfos.com\/index.php\/wp-json\/wp\/v2\/media?parent=9646"}],"wp:term":[{"taxonomy":"category","embeddable":true,"href":"https:\/\/tabouleinfos.com\/index.php\/wp-json\/wp\/v2\/categories?post=9646"},{"taxonomy":"post_tag","embeddable":true,"href":"https:\/\/tabouleinfos.com\/index.php\/wp-json\/wp\/v2\/tags?post=9646"}],"curies":[{"name":"wp","href":"https:\/\/api.w.org\/{rel}","templated":true}]}}