{"id":9812,"date":"2023-07-16T07:05:49","date_gmt":"2023-07-16T07:05:49","guid":{"rendered":"https:\/\/tabouleinfos.com\/?p=9812"},"modified":"2023-07-16T07:15:15","modified_gmt":"2023-07-16T07:15:15","slug":"72h-du-textile-guineen-lever-de-rideau-sur-la-1ere-edition","status":"publish","type":"post","link":"https:\/\/tabouleinfos.com\/index.php\/72h-du-textile-guineen-lever-de-rideau-sur-la-1ere-edition\/","title":{"rendered":"72H du Textile Guin\u00e9en : lever de rideau sur la 1\u00e8re \u00e9dition"},"content":{"rendered":"<p><span style=\"font-size: 16pt\"><strong>Ce samedi 15 juillet 2023, la premi\u00e8re \u00e9dition des 72H du Textile Guin\u00e9en a \u00e9t\u00e9 officiellement lanc\u00e9e \u00e0 Conakry. Le rideau s\u2019est lev\u00e9 sur l\u2019\u00e9v\u00e9nement \u00e0 travers une conf\u00e9rence de presse. <\/strong><\/span><\/p>\n<p><span style=\"font-size: 16pt\">Initi\u00e9es par la COGEMODE pour promouvoir le contenu local guin\u00e9en et le vivre-ensemble \u00e0 l\u2019international, les 72H du Textile Guin\u00e9en, c\u2019est du 28 au 30 septembre 2023 aux \u00c9tats-Unis pr\u00e9cis\u00e9ment \u00e0 New-York.<\/span><\/p>\n<p><span style=\"font-size: 16pt\"><em>\u00ab\u00a0Nous partons avec du savoir-faire guin\u00e9en. Nous ne partons pour un simple mamaya ou un simple show. Avec des produits guin\u00e9ens pour les exposer devant les autorit\u00e9s qui sont dans ces diff\u00e9rents pays, nos ressortissants qui y sont \u00e9galement afin de montrer que la Guin\u00e9e a vraiment quelque chose \u00e0 vendre. Mais aussi au-del\u00e0 de \u00e7a il y a la coh\u00e9sion, l&rsquo;entente, la paix. Il faut r\u00e9unir les guin\u00e9ens qui sont l\u00e0-bas afin de parler de leur pays, de la possibilit\u00e9 de d\u00e9veloppement de leur pays.\u00bb<\/em>, a rappel\u00e9 Mohamed Kouyat\u00e9, coordinateur de l&rsquo;\u00e9v\u00e9nement.<\/span><\/p>\n<p><span style=\"font-size: 16pt\">Poursuivant son allocution, il a fait un bref expos\u00e9 sur le d\u00e9roulement des activit\u00e9s de l&rsquo;acte 1 des 72H du Textile Guin\u00e9en au pays de l\u2019Oncle Sam pr\u00e9cis\u00e9ment \u00e0 New-York.<\/span><\/p>\n<p><span style=\"font-size: 16pt\"><em>\u00ab\u00a0Il se d\u00e9roulera en 3 journ\u00e9es : une journ\u00e9e d&rsquo;\u00e9changes, de conf\u00e9rences d\u00e9bats avec des acteurs de la mode guin\u00e9enne et ceux am\u00e9ricains sur le d\u00e9veloppement du textile guin\u00e9en aux \u00c9tats-Unis; une journ\u00e9e d&rsquo;expositions des produits artisanaux de la Guin\u00e9e et une soir\u00e9e d\u00e9fil\u00e9 de mode \u00bb<\/em>, a-t-il expliqu\u00e9.<\/span><\/p>\n<p><span style=\"font-size: 16pt\">John Marshall, ambassadeur de la Grande Bretagne en Guin\u00e9e, l&rsquo;un des invit\u00e9s d&rsquo;honneur a exprim\u00e9 sa satisfaction d&rsquo;avoir pris part \u00e0 cette c\u00e9r\u00e9monie de lancement : <em>\u00ab Je suis tr\u00e8s heureux que vous ayez l&rsquo;intention d&rsquo;organiser la quatri\u00e8me \u00e9dition des 72H du Textile Guin\u00e9en \u00e0 Londres&#8230; Le textile guin\u00e9en est l\u2019une des merveilles de ce pays.\u00bb<\/em><\/span><\/p>\n<p><span style=\"font-size: 16pt\">A noter qu&rsquo;apr\u00e8s la premi\u00e8re \u00e9dition \u00e0 New-York, les 72H du Textile Guin\u00e9en se tiendront \u00e0 Manitoba, ville canadienne en septembre 2024. Paris va abriter la troisi\u00e8me \u00e9dition qui est pr\u00e9vue en 2025 et Londres va accueillir l\u2019\u00e9dition 4 en 2026.<\/span><\/p>\n<p><strong><span style=\"font-size: 16pt\">Mohamed Lamine N\u2019diaye\u00a0\u00a0\u00a0\u00a0\u00a0\u00a0<\/span> <\/strong><\/p>\n","protected":false},"excerpt":{"rendered":"<p>Ce samedi 15 juillet 2023, la premi\u00e8re \u00e9dition des 72H du Textile Guin\u00e9en a \u00e9t\u00e9 officiellement lanc\u00e9e \u00e0 Conakry. Le rideau s\u2019est lev\u00e9 sur l\u2019\u00e9v\u00e9nement \u00e0 travers une conf\u00e9rence de presse. Initi\u00e9es par la COGEMODE pour promouvoir le contenu local guin\u00e9en et le vivre-ensemble \u00e0 l\u2019international, les 72H du Textile Guin\u00e9en, c\u2019est du 28 au [&hellip;]<\/p>\n","protected":false},"author":5,"featured_media":9813,"comment_status":"closed","ping_status":"closed","sticky":false,"template":"","format":"standard","meta":{"footnotes":""},"categories":[21,2,27],"tags":[],"class_list":{"0":"post-9812","1":"post","2":"type-post","3":"status-publish","4":"format-standard","5":"has-post-thumbnail","7":"category-events","8":"category-featured","9":"category-mode"},"_links":{"self":[{"href":"https:\/\/tabouleinfos.com\/index.php\/wp-json\/wp\/v2\/posts\/9812","targetHints":{"allow":["GET"]}}],"collection":[{"href":"https:\/\/tabouleinfos.com\/index.php\/wp-json\/wp\/v2\/posts"}],"about":[{"href":"https:\/\/tabouleinfos.com\/index.php\/wp-json\/wp\/v2\/types\/post"}],"author":[{"embeddable":true,"href":"https:\/\/tabouleinfos.com\/index.php\/wp-json\/wp\/v2\/users\/5"}],"replies":[{"embeddable":true,"href":"https:\/\/tabouleinfos.com\/index.php\/wp-json\/wp\/v2\/comments?post=9812"}],"version-history":[{"count":0,"href":"https:\/\/tabouleinfos.com\/index.php\/wp-json\/wp\/v2\/posts\/9812\/revisions"}],"wp:featuredmedia":[{"embeddable":true,"href":"https:\/\/tabouleinfos.com\/index.php\/wp-json\/wp\/v2\/media\/9813"}],"wp:attachment":[{"href":"https:\/\/tabouleinfos.com\/index.php\/wp-json\/wp\/v2\/media?parent=9812"}],"wp:term":[{"taxonomy":"category","embeddable":true,"href":"https:\/\/tabouleinfos.com\/index.php\/wp-json\/wp\/v2\/categories?post=9812"},{"taxonomy":"post_tag","embeddable":true,"href":"https:\/\/tabouleinfos.com\/index.php\/wp-json\/wp\/v2\/tags?post=9812"}],"curies":[{"name":"wp","href":"https:\/\/api.w.org\/{rel}","templated":true}]}}