{"id":9921,"date":"2023-08-10T15:24:42","date_gmt":"2023-08-10T15:24:42","guid":{"rendered":"https:\/\/tabouleinfos.com\/?p=9921"},"modified":"2023-08-10T15:24:42","modified_gmt":"2023-08-10T15:24:42","slug":"le-burkina-faso-adopte-le-pagne-traditionnel-comme-tenue-scolaire","status":"publish","type":"post","link":"https:\/\/tabouleinfos.com\/index.php\/le-burkina-faso-adopte-le-pagne-traditionnel-comme-tenue-scolaire\/","title":{"rendered":"Le Burkina Faso adopte le pagne traditionnel comme tenue scolaire"},"content":{"rendered":"<p><span style=\"font-size: 16pt\"><strong>Ouagadougou, 10 ao\u00fbt 2023 (Lom\u00e9 Actu) \u2013Le Burkina Faso adopte le pagne traditionnel Faso Dan Fani comme tenue scolaire \u00e0 partir de cette nouvelle rentr\u00e9e. Une mesure annonc\u00e9e par le minist\u00e8re de l\u2019\u00c9ducation nationale, de l\u2019Alphab\u00e9tisation et de la Promotion des Langues nationales.<\/strong><\/span><\/p>\n<p><span style=\"font-size: 16pt\">Toutefois, le port de la tenue scolaire en Faso Dan Fani sera progressif, flexible et non contraignant sur une p\u00e9riode de quatre ans,\u00a0chaque lundi, pour les \u00e9l\u00e8ves du post-primaire et du secondaire \u00e0 Bobo-Dioulasso, \u00e0 Koudougou, \u00e0 Ouagadougou et \u00e0 Sabou, a annonc\u00e9 le ministre Joseph Andr\u00e9 Ou\u00e9draogo, ce mercredi 9 ao\u00fbt 2023.\u00a0<\/span><\/p>\n<p><span style=\"font-size: 16pt\">\u00ab\u00a0Pour le compte du minist\u00e8re de l\u2019\u00c9ducation nationale, de l\u2019Alphab\u00e9tisation et de la Promotion des Langues nationales, le Conseil a adopt\u00e9 un d\u00e9cret portant institution de la tenue scolaire en Faso Dan Fani.<\/span><\/p>\n<p><span style=\"font-size: 16pt\">La mise en \u0153uvre de cette mesure, selon le ministre Joseph Andr\u00e9 OUEDRAOGO se fera de mani\u00e8re progressive, flexible et non contraignante sur une p\u00e9riode de quatre ann\u00e9es scolaires. La phase pilote d\u00e9butera \u00e0 la rentr\u00e9e scolaire 2023-2024 avec les \u00e9l\u00e8ves du post-primaire et du secondaire tant du public que du priv\u00e9 de Bobo-Dioulasso, de Koudougou, de Ouagadougou et de Sabou.<\/span><\/p>\n<p><span style=\"font-size: 16pt\">\u00ab Aucun apprenant ne sera exclu de l\u2019\u00e9cole du fait du non-respect de la mesure du port du Faso Dan Fani \u00bb, a rassur\u00e9 M. OUEDRAOGO. \u00c0 cette \u00e9tape le port du Faso Dan Fani est institu\u00e9 tous les lundis, jour de mont\u00e9e des couleurs et le choix des motifs et des couleurs laiss\u00e9s aux chefs d\u2019\u00e9tablissements.<\/span><\/p>\n<p><span style=\"font-size: 16pt\">A lire sur\u00a0: <span style=\"color: #0000ff\"><a style=\"color: #0000ff\" href=\"https:\/\/lomeactu.com\/faso-dan-fani-le-burkina-faso-adopte-le-pagne-traditionnel-comme-tenue-scolaire\/?no_cache=1691664729&amp;fbclid=IwAR3TFE86lhSMmIxHxzkclVS4tk6BTtChF-RETULoEWthFCrHbueSF1bZATc\"><strong>lomeactu.com<\/strong><\/a><\/span><\/span><\/p>\n","protected":false},"excerpt":{"rendered":"<p>Ouagadougou, 10 ao\u00fbt 2023 (Lom\u00e9 Actu) \u2013Le Burkina Faso adopte le pagne traditionnel Faso Dan Fani comme tenue scolaire \u00e0 partir de cette nouvelle rentr\u00e9e. Une mesure annonc\u00e9e par le minist\u00e8re de l\u2019\u00c9ducation nationale, de l\u2019Alphab\u00e9tisation et de la Promotion des Langues nationales. Toutefois, le port de la tenue scolaire en Faso Dan Fani sera [&hellip;]<\/p>\n","protected":false},"author":5,"featured_media":9922,"comment_status":"closed","ping_status":"closed","sticky":false,"template":"","format":"standard","meta":{"footnotes":""},"categories":[2,27],"tags":[],"class_list":{"0":"post-9921","1":"post","2":"type-post","3":"status-publish","4":"format-standard","5":"has-post-thumbnail","7":"category-featured","8":"category-mode"},"_links":{"self":[{"href":"https:\/\/tabouleinfos.com\/index.php\/wp-json\/wp\/v2\/posts\/9921","targetHints":{"allow":["GET"]}}],"collection":[{"href":"https:\/\/tabouleinfos.com\/index.php\/wp-json\/wp\/v2\/posts"}],"about":[{"href":"https:\/\/tabouleinfos.com\/index.php\/wp-json\/wp\/v2\/types\/post"}],"author":[{"embeddable":true,"href":"https:\/\/tabouleinfos.com\/index.php\/wp-json\/wp\/v2\/users\/5"}],"replies":[{"embeddable":true,"href":"https:\/\/tabouleinfos.com\/index.php\/wp-json\/wp\/v2\/comments?post=9921"}],"version-history":[{"count":0,"href":"https:\/\/tabouleinfos.com\/index.php\/wp-json\/wp\/v2\/posts\/9921\/revisions"}],"wp:featuredmedia":[{"embeddable":true,"href":"https:\/\/tabouleinfos.com\/index.php\/wp-json\/wp\/v2\/media\/9922"}],"wp:attachment":[{"href":"https:\/\/tabouleinfos.com\/index.php\/wp-json\/wp\/v2\/media?parent=9921"}],"wp:term":[{"taxonomy":"category","embeddable":true,"href":"https:\/\/tabouleinfos.com\/index.php\/wp-json\/wp\/v2\/categories?post=9921"},{"taxonomy":"post_tag","embeddable":true,"href":"https:\/\/tabouleinfos.com\/index.php\/wp-json\/wp\/v2\/tags?post=9921"}],"curies":[{"name":"wp","href":"https:\/\/api.w.org\/{rel}","templated":true}]}}