{"id":9951,"date":"2023-08-16T09:51:54","date_gmt":"2023-08-16T09:51:54","guid":{"rendered":"https:\/\/tabouleinfos.com\/?p=9951"},"modified":"2023-08-16T09:54:33","modified_gmt":"2023-08-16T09:54:33","slug":"lartiste-salif-keita-nomme-conseiller-special-du-chef-de-letat-malien","status":"publish","type":"post","link":"https:\/\/tabouleinfos.com\/index.php\/lartiste-salif-keita-nomme-conseiller-special-du-chef-de-letat-malien\/","title":{"rendered":"L\u2019artiste Salif Ke\u00efta nomm\u00e9 conseiller sp\u00e9cial du chef de l\u2019Etat malien"},"content":{"rendered":"<p><span style=\"font-size: 16pt\"><strong>Le chanteur malien Salif Ke\u00efta est le nouveau conseiller sp\u00e9cial du chef de la junte, le colonel Assimi Go\u00efta. Il a \u00e9t\u00e9 nomm\u00e9 avec quatre (4) autres personnes par un d\u00e9cret publi\u00e9 lundi 14 ao\u00fbt 2023.<\/strong><\/span><\/p>\n<p><span style=\"font-size: 16pt\">Ag\u00e9 de 73 ans, le griot blanc est nomm\u00e9 une semaine apr\u00e8s l&rsquo;annonce de sa d\u00e9mission du Conseil national de transition (CNT). <em>\u00ab\u00a0Je viens par la pr\u00e9sente vous soumettre ma d\u00e9mission \u00e0 compter du\u00a031\u00a0juillet\u00a02023\u00a0en tant que membre\u00a0du Conseil national de transition\u00a0pour des raisons purement personnelles.\u00a0Je resterai toujours l\u2019ami incontest\u00e9 des\u00a0militaires de mon pays\u00a0\u00bb<\/em>,\u00a0d\u00e9clarait Salif Ke\u00efta.<\/span><\/p>\n<p><span style=\"font-size: 16pt\">A lire aussi\u00a0: <span style=\"color: #0000ff\"><a style=\"color: #0000ff\" href=\"https:\/\/tabouleinfos.com\/index.php\/salif-keita-aux-maliens-soutenons-les-autorites-de-la-transition\/\">Salif Keita aux maliens\u00a0: \u00ab\u00a0Soutenons les autorit\u00e9s de la transition\u00a0\u00bb<\/a><\/span><\/span><\/p>\n<p><span style=\"font-size: 16pt\">A souligner que, la star internationale de la musique malienne n\u2019a jamais cess\u00e9 d\u2019apporter son soutien \u00e0 la junte venue au pouvoir en 2020.<\/span><\/p>\n<p><span style=\"font-size: 16pt\"><strong>Aboubacar Fod\u00e9 Bangoura<\/strong><\/span><\/p>\n","protected":false},"excerpt":{"rendered":"<p>Le chanteur malien Salif Ke\u00efta est le nouveau conseiller sp\u00e9cial du chef de la junte, le colonel Assimi Go\u00efta. Il a \u00e9t\u00e9 nomm\u00e9 avec quatre (4) autres personnes par un d\u00e9cret publi\u00e9 lundi 14 ao\u00fbt 2023. Ag\u00e9 de 73 ans, le griot blanc est nomm\u00e9 une semaine apr\u00e8s l&rsquo;annonce de sa d\u00e9mission du Conseil national [&hellip;]<\/p>\n","protected":false},"author":5,"featured_media":6263,"comment_status":"closed","ping_status":"closed","sticky":false,"template":"","format":"standard","meta":{"footnotes":""},"categories":[2,25],"tags":[],"class_list":{"0":"post-9951","1":"post","2":"type-post","3":"status-publish","4":"format-standard","5":"has-post-thumbnail","7":"category-featured","8":"category-news"},"_links":{"self":[{"href":"https:\/\/tabouleinfos.com\/index.php\/wp-json\/wp\/v2\/posts\/9951","targetHints":{"allow":["GET"]}}],"collection":[{"href":"https:\/\/tabouleinfos.com\/index.php\/wp-json\/wp\/v2\/posts"}],"about":[{"href":"https:\/\/tabouleinfos.com\/index.php\/wp-json\/wp\/v2\/types\/post"}],"author":[{"embeddable":true,"href":"https:\/\/tabouleinfos.com\/index.php\/wp-json\/wp\/v2\/users\/5"}],"replies":[{"embeddable":true,"href":"https:\/\/tabouleinfos.com\/index.php\/wp-json\/wp\/v2\/comments?post=9951"}],"version-history":[{"count":0,"href":"https:\/\/tabouleinfos.com\/index.php\/wp-json\/wp\/v2\/posts\/9951\/revisions"}],"wp:featuredmedia":[{"embeddable":true,"href":"https:\/\/tabouleinfos.com\/index.php\/wp-json\/wp\/v2\/media\/6263"}],"wp:attachment":[{"href":"https:\/\/tabouleinfos.com\/index.php\/wp-json\/wp\/v2\/media?parent=9951"}],"wp:term":[{"taxonomy":"category","embeddable":true,"href":"https:\/\/tabouleinfos.com\/index.php\/wp-json\/wp\/v2\/categories?post=9951"},{"taxonomy":"post_tag","embeddable":true,"href":"https:\/\/tabouleinfos.com\/index.php\/wp-json\/wp\/v2\/tags?post=9951"}],"curies":[{"name":"wp","href":"https:\/\/api.w.org\/{rel}","templated":true}]}}